{"id":676361,"date":"2026-07-25T12:57:16","date_gmt":"2026-07-25T12:57:16","guid":{"rendered":"https:\/\/www.europesays.com\/es\/676361\/"},"modified":"2026-07-25T12:57:16","modified_gmt":"2026-07-25T12:57:16","slug":"se-dan-a-conocer-los-finalistas-del-concurso-fotografo-astronomico-del-ano-2026","status":"publish","type":"post","link":"https:\/\/www.europesays.com\/es\/676361\/","title":{"rendered":"Se dan a conocer los finalistas del concurso Fot\u00f3grafo Astron\u00f3mico del A\u00f1o 2026"},"content":{"rendered":"<p>      Mejores Fot\u00f3grafos Astron\u00f3micos 2026<\/p>\n<p>      CNN\u00a0\u2014\u00a0\n    <\/p>\n<p class=\"paragraph inline-placeholder vossi-paragraph\" data-uri=\"es.cms.cnn.com\/_components\/paragraph\/instances\/cms0531if003p28qhd7k13d59@published\" data-editable=\"text\" data-component-name=\"paragraph\" data-article-gutter=\"true\">\n            A poco m\u00e1s de 6 km de la Torre Eiffel, un fot\u00f3grafo captur\u00f3 la trayectoria de la luna llena sobre un horizonte rosado de Par\u00eds. En China, otro fot\u00f3grafo tom\u00f3 una foto del cielo nocturno con estrellas fugaces.\n    <\/p>\n<p class=\"paragraph inline-placeholder vossi-paragraph\" data-uri=\"es.cms.cnn.com\/_components\/paragraph\/instances\/cms055m8c00053j6scvq5t2zt@published\" data-editable=\"text\" data-component-name=\"paragraph\" data-article-gutter=\"true\">\n            Estas son solo dos de las obras preseleccionadas en la 18.\u00aa edici\u00f3n del concurso anual Astronomy Photographer of the Year. Organizado por el Observatorio Real de Greenwich, el concurso recibi\u00f3 casi 4.000 propuestas de 769 fot\u00f3grafos de 66 pa\u00edses. Las participaciones incluyen fotograf\u00edas de auroras, galaxias y paisajes de la Luna.\n    <\/p>\n<p class=\"paragraph inline-placeholder vossi-paragraph\" data-uri=\"es.cms.cnn.com\/_components\/paragraph\/instances\/cms055m8c00063j6sqflt9pqu@published\" data-editable=\"text\" data-component-name=\"paragraph\" data-article-gutter=\"true\">\n            Algunas im\u00e1genes son impresionantes desde el punto de vista t\u00e9cnico, dijo Greg Brown, astr\u00f3nomo del Observatorio Real y miembro del jurado del concurso.\n    <\/p>\n<p class=\"paragraph inline-placeholder vossi-paragraph\" data-uri=\"es.cms.cnn.com\/_components\/paragraph\/instances\/cms055m8d00073j6s6po0osrp@published\" data-editable=\"text\" data-component-name=\"paragraph\" data-article-gutter=\"true\">\n            El finalista Tom Williams, se\u00f1al\u00f3, destaca varias vistas de Marte a lo largo de un a\u00f1o, todas en una sola imagen compuesta titulada \u201c<a href=\"https:\/\/www.rmg.co.uk\/stories\/space-astronomy\/zwo-astronomy-photographer-year-2026-shortlist#:~:text=Mars%20in%202025%20by%20Tom%20Williams&amp;text=\" this=\"\" target=\"_blank\" rel=\"nofollow noopener\">Marte en 2025<\/a>\u201d.\n    <\/p>\n<p class=\"paragraph inline-placeholder vossi-paragraph\" data-uri=\"es.cms.cnn.com\/_components\/paragraph\/instances\/cms055m8d00083j6s7bvjex1y@published\" data-editable=\"text\" data-component-name=\"paragraph\" data-article-gutter=\"true\">\n            El finalista Rafael Schmall fotografi\u00f3 \u201cEl \u00e1rbol de la sabana\u201d desde Hungr\u00eda, captando una <a href=\"https:\/\/www.nasa.gov\/image-article\/what-solar-prominence\/\" target=\"_blank\" rel=\"nofollow noopener\">protuberancia solar<\/a> \u2014o una densa nube de plasma\u2014 que brota con la forma de un \u00e1rbol de <a href=\"https:\/\/www.britannica.com\/plant\/acacia\" target=\"_blank\" rel=\"nofollow noopener\">acacia<\/a> desde la superficie del Sol.\n    <\/p>\n<p class=\"paragraph inline-placeholder vossi-paragraph\" data-uri=\"es.cms.cnn.com\/_components\/paragraph\/instances\/cms055m8d00093j6s7qjlcm6q@published\" data-editable=\"text\" data-component-name=\"paragraph\" data-article-gutter=\"true\">\n            \u201cEs una imagen realmente impresionante y llamativa\u201d, dijo Brown, y agreg\u00f3 que le da al espectador una \u201csensaci\u00f3n de movimiento y dinamismo de la naturaleza activa del Sol\u201d.\n    <\/p>\n<p class=\"paragraph inline-placeholder vossi-paragraph\" data-uri=\"es.cms.cnn.com\/_components\/paragraph\/instances\/cms055m8d000a3j6sdd3mjl5v@published\" data-editable=\"text\" data-component-name=\"paragraph\" data-article-gutter=\"true\">\n            Brown describi\u00f3 el concurso como una \u201cmezcla peculiar\u201d de im\u00e1genes innovadoras y t\u00e9cnicas con la ciencia.\n    <\/p>\n<p class=\"paragraph inline-placeholder vossi-paragraph\" data-uri=\"es.cms.cnn.com\/_components\/paragraph\/instances\/cms055m8d000b3j6s8ge0i7gd@published\" data-editable=\"text\" data-component-name=\"paragraph\" data-article-gutter=\"true\">\n            \u201cEs un concurso de arte tanto como cualquier otra cosa\u201d, dijo Brown. \u201cLa belleza de las im\u00e1genes, la maravillosa variedad de colores y composiciones, se puede apreciar independientemente de que entiendas qu\u00e9 es exactamente lo que est\u00e1s viendo\u201d.\n    <\/p>\n<p class=\"paragraph inline-placeholder vossi-paragraph\" data-uri=\"es.cms.cnn.com\/_components\/paragraph\/instances\/cms055m8d000c3j6s8qzuo6n1@published\" data-editable=\"text\" data-component-name=\"paragraph\" data-article-gutter=\"true\">\n            Los jueces elegir\u00e1n a los ganadores en nueve categor\u00edas, adem\u00e1s de otorgar dos premios especiales y seleccionar a un ganador general.\n    <\/p>\n<p class=\"paragraph inline-placeholder vossi-paragraph\" data-uri=\"es.cms.cnn.com\/_components\/paragraph\/instances\/cms055m8d000d3j6sz2c5m7a7@published\" data-editable=\"text\" data-component-name=\"paragraph\" data-article-gutter=\"true\">\n            \u201cPor lo general, los jueces no necesitan debatir mucho para llegar a una decisi\u00f3n sobre qu\u00e9 imagen elegir\u201d, dijo Brown. \u201cSiempre habr\u00e1 algo en ella que la haga destacar\u201d.\n    <\/p>\n<p class=\"paragraph inline-placeholder vossi-paragraph\" data-uri=\"es.cms.cnn.com\/_components\/paragraph\/instances\/cms055m8e000e3j6slzmecwrx@published\" data-editable=\"text\" data-component-name=\"paragraph\" data-article-gutter=\"true\">\n            El Fot\u00f3grafo Astron\u00f3mico del A\u00f1o recibir\u00e1 10.000 libras (aproximadamente US$ 13.300), mientras que cada ganador de categor\u00eda recibir\u00e1 1.500 libras (aproximadamente US$ 2.000). Los finalistas y los participantes que reciban menciones especiales recibir\u00e1n premios monetarios de menor cuant\u00eda.\n    <\/p>\n<p class=\"paragraph inline-placeholder vossi-paragraph\" data-uri=\"es.cms.cnn.com\/_components\/paragraph\/instances\/cms055m8e000f3j6s4xb6x7q3@published\" data-editable=\"text\" data-component-name=\"paragraph\" data-article-gutter=\"true\">\n            Las im\u00e1genes ganadoras se dar\u00e1n a conocer el 17 de septiembre. Se exhibir\u00e1n en una exposici\u00f3n en el Museo Mar\u00edtimo Nacional de Londres, junto con una selecci\u00f3n de otras im\u00e1genes preseleccionadas.\n    <\/p>\n","protected":false},"excerpt":{"rendered":"Mejores Fot\u00f3grafos Astron\u00f3micos 2026 CNN\u00a0\u2014\u00a0 A poco m\u00e1s de 6 km de la Torre Eiffel, un fot\u00f3grafo captur\u00f3&hellip;\n","protected":false},"author":2,"featured_media":676362,"comment_status":"","ping_status":"","sticky":false,"template":"","format":"standard","meta":{"footnotes":""},"categories":[173],"tags":[229,233,231,230,4023,232,234,146,147,25,10558,24,244,122801,23],"class_list":["post-676361","post","type-post","status-publish","format-standard","has-post-thumbnail","category-arte-y-diseno","tag-arte","tag-arte-y-diseno","tag-arts","tag-arts-and-design","tag-concurso","tag-design","tag-diseno","tag-entertainment","tag-entretenimiento","tag-es","tag-espacio","tag-espana","tag-fotografia","tag-fotografo-astronomico-2026","tag-spain"],"share_on_mastodon":{"url":"https:\/\/pubeurope.com\/@es\/116980734123701208","error":""},"_links":{"self":[{"href":"https:\/\/www.europesays.com\/es\/wp-json\/wp\/v2\/posts\/676361","targetHints":{"allow":["GET"]}}],"collection":[{"href":"https:\/\/www.europesays.com\/es\/wp-json\/wp\/v2\/posts"}],"about":[{"href":"https:\/\/www.europesays.com\/es\/wp-json\/wp\/v2\/types\/post"}],"author":[{"embeddable":true,"href":"https:\/\/www.europesays.com\/es\/wp-json\/wp\/v2\/users\/2"}],"replies":[{"embeddable":true,"href":"https:\/\/www.europesays.com\/es\/wp-json\/wp\/v2\/comments?post=676361"}],"version-history":[{"count":0,"href":"https:\/\/www.europesays.com\/es\/wp-json\/wp\/v2\/posts\/676361\/revisions"}],"wp:featuredmedia":[{"embeddable":true,"href":"https:\/\/www.europesays.com\/es\/wp-json\/wp\/v2\/media\/676362"}],"wp:attachment":[{"href":"https:\/\/www.europesays.com\/es\/wp-json\/wp\/v2\/media?parent=676361"}],"wp:term":[{"taxonomy":"category","embeddable":true,"href":"https:\/\/www.europesays.com\/es\/wp-json\/wp\/v2\/categories?post=676361"},{"taxonomy":"post_tag","embeddable":true,"href":"https:\/\/www.europesays.com\/es\/wp-json\/wp\/v2\/tags?post=676361"}],"curies":[{"name":"wp","href":"https:\/\/api.w.org\/{rel}","templated":true}]}}