{"id":676449,"date":"2026-07-25T14:08:13","date_gmt":"2026-07-25T14:08:13","guid":{"rendered":"https:\/\/www.europesays.com\/es\/676449\/"},"modified":"2026-07-25T14:08:13","modified_gmt":"2026-07-25T14:08:13","slug":"una-peregrina-eterna-obra-de-jose-molares-en-ruta-por-a-ramallosa","status":"publish","type":"post","link":"https:\/\/www.europesays.com\/es\/676449\/","title":{"rendered":"Una peregrina eterna obra de Jos\u00e9 Molares, en ruta por A Ramallosa"},"content":{"rendered":"<p class=\"ft-text ft-helper-closenews\">El Concello de Nigr\u00e1n cuenta desde ayer  viernes en la alameda de A Ramallosa  con una  escultura de Jos\u00e9 Molares dedicada a los peregrinos y al Camino Portugu\u00e9s por la Costa. La pieza, realizada en bronce, representa a una peregrina en plena traves\u00eda y alcanza 2,30 metros de altura, 1,30 metros de ancho y un metro de fondo.  <\/p>\n<p class=\"ft-text\">La obra fue descubierta por el propio escultor y el alcalde, Juan Gonz\u00e1lez, quien destac\u00f3 que se convertir\u00e1 en un emblema del municipio y reforzar\u00e1 su vinculaci\u00f3n con la ruta jacobea.   <\/p>\n<p class=\"ft-text\">Esta obra de arte de Molares supuso una inversi\u00f3n de 77.000 euros con cargo al Plan Concellos 2022 de la Deputaci\u00f3n de Pontevedra y fue instalada a escasos metros del Centro de la  Tercera Edad.  <\/p>\n<p class=\"ft-text\">La iniciativa parti\u00f3 de la Asociaci\u00f3n de Empresarios Ovalmi, que traslad\u00f3 al Concello la propuesta de rendir homenaje al Camino mediante una obra de Molares, artista afincado en Nigr\u00e1n desde hace 27 a\u00f1os y autor de varias esculturas p\u00fablicas.  <\/p>\n<p class=\"ft-text\">Seg\u00fan los \u00faltimos datos aportados por el gobierno local, en lo que va de a\u00f1o ya han pasado por el Camino Portugu\u00e9s de la Costa m\u00e1s de 43.000 peregrinos, un 23% m\u00e1s que en 2025. Desde su oficializaci\u00f3n en mayo de 2016, esta ruta ha sido recorrida por m\u00e1s de 300.000 personas.<\/p>\n<p data-close=\"closedContent\" class=\"subscribeHideForDisplay\">Suscr\u00edbete para seguir leyendo<\/p>\n","protected":false},"excerpt":{"rendered":"El Concello de Nigr\u00e1n cuenta desde ayer viernes en la alameda de A Ramallosa con una escultura de&hellip;\n","protected":false},"author":2,"featured_media":676450,"comment_status":"","ping_status":"","sticky":false,"template":"","format":"standard","meta":{"footnotes":""},"categories":[173],"tags":[45817,229,233,231,230,232,234,146,147,25,24,5010,2467,122813,4125,9422,23],"class_list":["post-676449","post","type-post","status-publish","format-standard","has-post-thumbnail","category-arte-y-diseno","tag-a-ramallosa","tag-arte","tag-arte-y-diseno","tag-arts","tag-arts-and-design","tag-design","tag-diseno","tag-entertainment","tag-entretenimiento","tag-es","tag-espana","tag-eterna","tag-jose","tag-molares","tag-obra","tag-peregrina","tag-spain"],"share_on_mastodon":{"url":"https:\/\/pubeurope.com\/@es\/116981013205122888","error":""},"_links":{"self":[{"href":"https:\/\/www.europesays.com\/es\/wp-json\/wp\/v2\/posts\/676449","targetHints":{"allow":["GET"]}}],"collection":[{"href":"https:\/\/www.europesays.com\/es\/wp-json\/wp\/v2\/posts"}],"about":[{"href":"https:\/\/www.europesays.com\/es\/wp-json\/wp\/v2\/types\/post"}],"author":[{"embeddable":true,"href":"https:\/\/www.europesays.com\/es\/wp-json\/wp\/v2\/users\/2"}],"replies":[{"embeddable":true,"href":"https:\/\/www.europesays.com\/es\/wp-json\/wp\/v2\/comments?post=676449"}],"version-history":[{"count":0,"href":"https:\/\/www.europesays.com\/es\/wp-json\/wp\/v2\/posts\/676449\/revisions"}],"wp:featuredmedia":[{"embeddable":true,"href":"https:\/\/www.europesays.com\/es\/wp-json\/wp\/v2\/media\/676450"}],"wp:attachment":[{"href":"https:\/\/www.europesays.com\/es\/wp-json\/wp\/v2\/media?parent=676449"}],"wp:term":[{"taxonomy":"category","embeddable":true,"href":"https:\/\/www.europesays.com\/es\/wp-json\/wp\/v2\/categories?post=676449"},{"taxonomy":"post_tag","embeddable":true,"href":"https:\/\/www.europesays.com\/es\/wp-json\/wp\/v2\/tags?post=676449"}],"curies":[{"name":"wp","href":"https:\/\/api.w.org\/{rel}","templated":true}]}}