{"id":676656,"date":"2026-07-25T17:07:14","date_gmt":"2026-07-25T17:07:14","guid":{"rendered":"https:\/\/www.europesays.com\/es\/676656\/"},"modified":"2026-07-25T17:07:14","modified_gmt":"2026-07-25T17:07:14","slug":"la-guerra-comercial-de-trump-golpea-a-todos-pero-no-por-igual-que-paises-pierden-mas-con-los-nuevos-aranceles-hora-14-fin-de-semana","status":"publish","type":"post","link":"https:\/\/www.europesays.com\/es\/676656\/","title":{"rendered":"La guerra comercial de Trump golpea a todos, pero no por igual: \u00bfqu\u00e9 pa\u00edses pierden m\u00e1s con los nuevos aranceles? | Hora 14 Fin de Semana"},"content":{"rendered":"<p class=\"loc\">Madrid<\/p>\n<p>Donald Trump ha levantado este viernes <a href=\"https:\/\/cadenaser.com\/nacional\/2026\/07\/23\/eeuu-anuncia-aranceles-contra-60-paises-tras-expirar-su-gravamen-temporal-del-10-cadena-ser\/\" target=\"_blank\" rel=\"nofollow noopener\" title=\"https:\/\/cadenaser.com\/nacional\/2026\/07\/23\/eeuu-anuncia-aranceles-contra-60-paises-tras-expirar-su-gravamen-temporal-del-10-cadena-ser\/\">un nuevo muro arancelario para sustituir el gravamen temporal del 10% que caducaba esta semana<\/a>. Aunque el cambio responde a un giro legal para blindar su pol\u00edtica comercial, en la pr\u00e1ctica apenas altera el mapa de los aranceles que Estados Unidos ya impon\u00eda a sus socios. Eso no significa que todo siga igual. La nueva arquitectura arancelaria s\u00ed redistribuye el golpe entre los principales socios comerciales de Washington y hay pa\u00edses que salen mejor parados que otros.<\/p>\n<p>M\u00e1s informaci\u00f3n<\/p>\n<p>Seg\u00fan un an\u00e1lisis de <a href=\"https:\/\/globaltradealert.org\/blog\/us-import-tariffs-24-july-2026\" target=\"_blank\" rel=\"nofollow noopener\" title=\"https:\/\/globaltradealert.org\/blog\/us-import-tariffs-24-july-2026\">la plataforma especializada Global Trade Alert<\/a>, el arancel medio que soportan las principales econom\u00edas apenas se mueve un punto porcentual respecto al <a href=\"https:\/\/cadenaser.com\/nacional\/2026\/02\/20\/trump-sobre-la-decision-del-supremo-de-tumbar-la-mayoria-de-sus-aranceles-la-decision-de-la-corte-es-decepcionante-cadena-ser\/\" target=\"_blank\" rel=\"nofollow noopener\" title=\"https:\/\/cadenaser.com\/nacional\/2026\/02\/20\/trump-sobre-la-decision-del-supremo-de-tumbar-la-mayoria-de-sus-aranceles-la-decision-de-la-corte-es-decepcionante-cadena-ser\/\">sistema anterior<\/a>. Pero ese peque\u00f1o ajuste basta para dejar ganadores relativos y grandes perjudicados.<\/p>\n<p>\u00bfQu\u00e9 pa\u00edses pierden m\u00e1s y cu\u00e1les menos? <\/p>\n<p>En la guerra arancelaria no hay victorias, sino diferentes grados de derrota. Los que menos pierden con el nuevo<a href=\"https:\/\/cadenaser.com\/nacional\/2026\/07\/24\/bruselas-rechaza-los-aranceles-pero-respira-aliviada-estan-por-debajo-del-tope-acordado-del-15-cadena-ser\/\" target=\"_blank\" rel=\"nofollow noopener\" title=\"https:\/\/cadenaser.com\/nacional\/2026\/07\/24\/bruselas-rechaza-los-aranceles-pero-respira-aliviada-estan-por-debajo-del-tope-acordado-del-15-cadena-ser\/\"> marco arancelario son los pa\u00edses europeos<\/a>. Seg\u00fan el estudio, el arancel medio que soportan desde la medianoche del viernes Francia, Reino Unido, Alemania o Espa\u00f1a ha ca\u00eddo entre 0,5 y 1,6 puntos. <\/p>\n<p>M\u00e1s informaci\u00f3n<\/p>\n<p>Sin embargo, la tasa para pa\u00edses asi\u00e1ticos y latinoamericanos va a m\u00e1s. Vietnam o Indonesia, soportan desde el viernes un arancel medio superior al de un d\u00eda antes. China sigue siendo el gran golpeado por la guerra comercial de Trump y queda en peor posici\u00f3n que hace solo unos d\u00edas. El gravamen medio que se impon\u00eda a la entrada de productos chinos era del 25,9% el d\u00eda 21 de julio, pero escal\u00f3 hasta el 27,2% el viernes. <\/p>\n<p>    <img decoding=\"async\" src=\"https:\/\/www.europesays.com\/es\/wp-content\/uploads\/2026\/07\/1784999234_12_app-ser-4.png\" alt=\"Nueva APP de Cadena SER\" loading=\"lazy\" width=\"109\" height=\"82\"\/><\/p>\n<p>Descubre la nueva app de Cadena\u00a0SER<br \/>\n        Te ofrecemos una mejor experiencia de audio y video\n    <\/p>\n<p>    <a href=\"https:\/\/trackingcodes.prisamedia.com\/ser.html?utm_campaign=app-include-articulo&amp;utm_source=web\" class=\"p-a-fa-b\" rel=\"nofollow noopener\" target=\"_blank\">Descargar<\/a><\/p>\n<p>Como se observa en el gr\u00e1fico, y con diferencia, el gran golpeado es Brasil, que con la entrada en vigor del nuevo arancel ha visto aumentar su tasa media del 11 al 17,7%. <\/p>\n<p>Los tribunales torpedean las intenciones de Trump<\/p>\n<p>Con este nuevo esquema arancelario, la tasa que impone Estados Unidos se mantiene estable en el 10,8%, pr\u00e1cticamente igual que con el arancel temporal anterior, pero muy por debajo del 15,8% que lleg\u00f3 a alcanzar con los aranceles del D\u00eda de la Liberaci\u00f3n, declarados ilegales por el Tribunal Supremo de Estados Unidos. <\/p>\n","protected":false},"excerpt":{"rendered":"Madrid Donald Trump ha levantado este viernes un nuevo muro arancelario para sustituir el gravamen temporal del 10%&hellip;\n","protected":false},"author":2,"featured_media":676657,"comment_status":"","ping_status":"","sticky":false,"template":"","format":"standard","meta":{"footnotes":""},"categories":[42],"tags":[28593,17,18,837,52595,13,14,4437,11,61,62,63,64,19,20,9,10,15,16,49888,16180,88,32026,12,21,22,5664,1056,13007,65,66,67,122482,32028],"class_list":["post-676656","post","type-post","status-publish","format-standard","has-post-thumbnail","category-internacional","tag-baseball","tag-breaking-news","tag-breakingnews","tag-dc","tag-district-of-columbia","tag-featured-news","tag-featurednews","tag-government","tag-headlines","tag-internacional","tag-international","tag-international-news","tag-internationalnews","tag-latest-news","tag-latestnews","tag-news","tag-noticias","tag-noticias-destacadas","tag-noticiasdestacadas","tag-politician","tag-politicians","tag-politics","tag-sipausawire","tag-titulares","tag-ultimas-noticias","tag-ultimasnoticias","tag-united-states","tag-washington","tag-white-house","tag-world","tag-world-news","tag-worldnews","tag-xxpool","tag-xxsipa_usa_owned"],"share_on_mastodon":{"url":"","error":"Validation failed: Text character limit of 500 exceeded"},"_links":{"self":[{"href":"https:\/\/www.europesays.com\/es\/wp-json\/wp\/v2\/posts\/676656","targetHints":{"allow":["GET"]}}],"collection":[{"href":"https:\/\/www.europesays.com\/es\/wp-json\/wp\/v2\/posts"}],"about":[{"href":"https:\/\/www.europesays.com\/es\/wp-json\/wp\/v2\/types\/post"}],"author":[{"embeddable":true,"href":"https:\/\/www.europesays.com\/es\/wp-json\/wp\/v2\/users\/2"}],"replies":[{"embeddable":true,"href":"https:\/\/www.europesays.com\/es\/wp-json\/wp\/v2\/comments?post=676656"}],"version-history":[{"count":0,"href":"https:\/\/www.europesays.com\/es\/wp-json\/wp\/v2\/posts\/676656\/revisions"}],"wp:featuredmedia":[{"embeddable":true,"href":"https:\/\/www.europesays.com\/es\/wp-json\/wp\/v2\/media\/676657"}],"wp:attachment":[{"href":"https:\/\/www.europesays.com\/es\/wp-json\/wp\/v2\/media?parent=676656"}],"wp:term":[{"taxonomy":"category","embeddable":true,"href":"https:\/\/www.europesays.com\/es\/wp-json\/wp\/v2\/categories?post=676656"},{"taxonomy":"post_tag","embeddable":true,"href":"https:\/\/www.europesays.com\/es\/wp-json\/wp\/v2\/tags?post=676656"}],"curies":[{"name":"wp","href":"https:\/\/api.w.org\/{rel}","templated":true}]}}