{"id":676819,"date":"2026-07-25T19:28:14","date_gmt":"2026-07-25T19:28:14","guid":{"rendered":"https:\/\/www.europesays.com\/es\/676819\/"},"modified":"2026-07-25T19:28:14","modified_gmt":"2026-07-25T19:28:14","slug":"en-nombre-de-su-padre-flavio-bolsonaro-oficializa-su-candidatura-presidencial-en-brasil","status":"publish","type":"post","link":"https:\/\/www.europesays.com\/es\/676819\/","title":{"rendered":"En nombre de su padre, Fl\u00e1vio Bolsonaro oficializa su candidatura presidencial en Brasil"},"content":{"rendered":"<p>    <img src=\"https:\/\/www.europesays.com\/es\/wp-content\/uploads\/2026\/07\/2026-07-25T143A513A38Z-91799409.jpg\" width=\"1024\" height=\"682\" alt=\"\" loading=\"eager\" decoding=\"sync\" fetchpriority=\"high\"\/><\/p>\n<p>            afp_tickers        <\/p>\n<p>        Este contenido fue publicado en    <\/p>\n<p>        25 julio 2026 &#8211; 20:32\n<\/p>\n<p>Asolado por una seguidilla de crisis pol\u00edticas, el derechista brasile\u00f1o Fl\u00e1vio Bolsonaro fue nombrado oficialmente este s\u00e1bado como candidato para enfrentar al presidente Luiz In\u00e1cio Lula da Silva en las elecciones de octubre, en un acto en el que se asumi\u00f3 como heredero de su padre, el exmandatario preso Jair Bolsonaro.<\/p>\n<p>Con el presidente ultraliberal argentino Javier Milei como invitado estelar y ante un millar de seguidores, una convenci\u00f3n del Partido Liberal en Sao Paulo elegi\u00f3 al senador de 45 a\u00f1os para medirse con el izquierdista Lula, que a los 80 busca la reelecci\u00f3n.<\/p>\n<p>La campa\u00f1a se abre bajo la sombra de nuevos aranceles comerciales impuestos este mes por Estados Unidos a Brasil.<\/p>\n<p>\u00abPuedo ser m\u00e1s calmo, m\u00e1s sonriente, m\u00e1s tranquilo y moderado, \u00a1pero aqu\u00ed hay sangre de Bolsonaro!\u00bb, proclam\u00f3 palp\u00e1ndose el brazo Fl\u00e1vio Bolsonaro durante su discurso, y sostuvo que Brasil \u00abpuede caminar pasos largos hacia una dictadura\u00bb si vence Lula.<\/p>\n<p>Ungido como su sucesor por Jair Bolsonaro (2019-2022) luego de que en 2025 lo encarcelaran por un intento de golpe de Estado en 2022, Fl\u00e1vio Bolsonaro se propone como llave de un \u00abcambio\u00bb para evitar un cuarto mandato no consecutivo del presidente de izquierda.<\/p>\n<p>Figura de la derecha latinoamericana, Milei advirti\u00f3 sobre \u00abel riesgo Lula\u00bb en los comicios de octubre, en un discurso inflamatorio en el que asegur\u00f3 que Brasil debe salir de \u00absu sometimiento al zurdo\u00bb.<\/p>\n<p>\u00abNos gustar\u00eda que nuestro candidato fuera Jair Bolsonaro, pero hoy Fl\u00e1vio es la opci\u00f3n m\u00e1s acertada\u00bb, dijo a la AFP Fernando Moeno, un polic\u00eda militar retirado de 50 a\u00f1os, durante la convenci\u00f3n celebrada en un galp\u00f3n anexo al estadio Pacaembu.<\/p>\n<p>Fl\u00e1vio Bolsonaro llor\u00f3 al referirse a su padre, que apareci\u00f3 en un video hecho con inteligencia artificial. La justicia le ha prohibido manifestarse pol\u00edticamente desde la prisi\u00f3n domiciliaria.<\/p>\n<p>Vestidos con camisetas de la Selecci\u00f3n brasile\u00f1a, adoptada como s\u00edmbolo por el bolsonarismo, los simpatizantes cantaron varias veces \u00abLula ladr\u00f3n\u00bb, en un recinto que se vaci\u00f3 parcialmente mientras avanzaba el acto.<\/p>\n<p>Aunque en marzo lleg\u00f3 a empatar a Lula en encuestas tras recortarle 15 puntos, un sondeo publicado el viernes por Datafolha le dio 43% de intenci\u00f3n de voto a Fl\u00e1vio Bolsonaro en segunda vuelta, contra el 48% de su rival.<\/p>\n<p>\u2013 Mala racha \u2013<\/p>\n<p>Las complicaciones para Fl\u00e1vio Bolsonaro empezaron cuando el sitio Intercept Brasil revel\u00f3 en mayo mensajes que envi\u00f3 a Daniel Vorcaro, un banquero arrestado por un megafraude financiero, para pedirle dinero para costear una pel\u00edcula sobre su padre.<\/p>\n<p>Otro frente se abri\u00f3 en su propia familia en junio, cuando su madrastra Michelle Bolsonaro lo critic\u00f3 en redes: \u00abMe falt\u00f3 al respeto y me maltrat\u00f3 por tel\u00e9fono. (\u2026) Dijo que no entend\u00eda nada de pol\u00edtica\u00bb.<\/p>\n<p>La exprimera dama es clave para la conexi\u00f3n del bolsonarismo con el masivo electorado femenino y evangelista.<\/p>\n<p>Fl\u00e1vio Bolsonaro divulg\u00f3 el jueves un video pidi\u00e9ndole disculpas, que ella acept\u00f3.<\/p>\n<p>\u00abPasa en cualquier familia, el poder de Michelle creci\u00f3 mucho y eso gener\u00f3 celitos naturales\u00bb, dijo a la AFP Maria de Almeida, una jubilada de 63 a\u00f1os en la convenci\u00f3n partidaria.<\/p>\n<p>Michelle Bolsonaro se ausent\u00f3, aunque apareci\u00f3 en un video de apoyo a su hijastro, al igual que el primer ministro israel\u00ed, Benjamin Netanyahu.<\/p>\n<p>\u2013 Mirando hacia el norte \u2013<\/p>\n<p>En otro tropiezo, Fl\u00e1vio Bolsonaro cuestion\u00f3 el martes la fiabilidad del sistema de votaci\u00f3n electr\u00f3nica, con argumentos similares a los que llevaron a la inhabilitaci\u00f3n de su padre.<\/p>\n<p>Desde el oficialismo, Lula ha convertido las tensiones con Estados Unidos en eje de campa\u00f1a y apunta a su rival como un \u00abtraidor\u00bb que apoya medidas comerciales del gobierno de Donald Trump contra Brasil.<\/p>\n<p>Estados Unidos impuso este mes dos rondas de aranceles a productos brasile\u00f1os, tras un primer tarifazo en 2025 como represalia por el juicio a Jair Bolsonaro, aliado de Trump.<\/p>\n<p>Aquel primer castigo, promovido ante Washington por un hermano de Fl\u00e1vio Bolsonaro, se revirti\u00f3 en parte tras un di\u00e1logo entre Lula y su par estadounidense.<\/p>\n<p>Ante los nuevos aranceles, Fl\u00e1vio Bolsonaro pidi\u00f3 en vano al gobierno de Trump \u00abpostergar\u00bb la medida hasta despu\u00e9s de las elecciones, para no dar una \u00abvictoria pol\u00edtica\u00bb a Lula.<\/p>\n<p>ffb\/jss\/mel\/cr\/ad\/dga<\/p>\n","protected":false},"excerpt":{"rendered":"afp_tickers Este contenido fue publicado en 25 julio 2026 &#8211; 20:32 Asolado por una seguidilla de crisis pol\u00edticas,&hellip;\n","protected":false},"author":2,"featured_media":676820,"comment_status":"","ping_status":"","sticky":false,"template":"","format":"standard","meta":{"footnotes":""},"categories":[42],"tags":[17,18,6654,13,14,11,61,62,63,64,19,20,9,10,15,16,122860,88,90,12,21,22,65,66,67],"class_list":["post-676819","post","type-post","status-publish","format-standard","has-post-thumbnail","category-internacional","tag-breaking-news","tag-breakingnews","tag-election","tag-featured-news","tag-featurednews","tag-headlines","tag-internacional","tag-international","tag-international-news","tag-internationalnews","tag-latest-news","tag-latestnews","tag-news","tag-noticias","tag-noticias-destacadas","tag-noticiasdestacadas","tag-political-candidates","tag-politics","tag-ticker","tag-titulares","tag-ultimas-noticias","tag-ultimasnoticias","tag-world","tag-world-news","tag-worldnews"],"share_on_mastodon":{"url":"https:\/\/pubeurope.com\/@es\/116982271575418954","error":""},"_links":{"self":[{"href":"https:\/\/www.europesays.com\/es\/wp-json\/wp\/v2\/posts\/676819","targetHints":{"allow":["GET"]}}],"collection":[{"href":"https:\/\/www.europesays.com\/es\/wp-json\/wp\/v2\/posts"}],"about":[{"href":"https:\/\/www.europesays.com\/es\/wp-json\/wp\/v2\/types\/post"}],"author":[{"embeddable":true,"href":"https:\/\/www.europesays.com\/es\/wp-json\/wp\/v2\/users\/2"}],"replies":[{"embeddable":true,"href":"https:\/\/www.europesays.com\/es\/wp-json\/wp\/v2\/comments?post=676819"}],"version-history":[{"count":0,"href":"https:\/\/www.europesays.com\/es\/wp-json\/wp\/v2\/posts\/676819\/revisions"}],"wp:featuredmedia":[{"embeddable":true,"href":"https:\/\/www.europesays.com\/es\/wp-json\/wp\/v2\/media\/676820"}],"wp:attachment":[{"href":"https:\/\/www.europesays.com\/es\/wp-json\/wp\/v2\/media?parent=676819"}],"wp:term":[{"taxonomy":"category","embeddable":true,"href":"https:\/\/www.europesays.com\/es\/wp-json\/wp\/v2\/categories?post=676819"},{"taxonomy":"post_tag","embeddable":true,"href":"https:\/\/www.europesays.com\/es\/wp-json\/wp\/v2\/tags?post=676819"}],"curies":[{"name":"wp","href":"https:\/\/api.w.org\/{rel}","templated":true}]}}