{"id":676847,"date":"2026-07-25T19:52:20","date_gmt":"2026-07-25T19:52:20","guid":{"rendered":"https:\/\/www.europesays.com\/es\/676847\/"},"modified":"2026-07-25T19:52:20","modified_gmt":"2026-07-25T19:52:20","slug":"flavio-bolsonaro-se-lanza-a-la-carrera-presidencial-de-brasil-con-pocas-alianzas-y-en-el-punto-de-mira-de-la-justicia","status":"publish","type":"post","link":"https:\/\/www.europesays.com\/es\/676847\/","title":{"rendered":"Fl\u00e1vio Bolsonaro se lanza a la carrera presidencial de Brasil con pocas alianzas y en el punto de mira de la justicia"},"content":{"rendered":"<p class=\"\">El hijo mayor del <a href=\"https:\/\/elpais.com\/america\/2025-09-11\/el-expresidente-bolsonaro-condenado-por-intento-de-golpe-contra-lula-en-brasil.html\" target=\"_self\" rel=\"nofollow noopener\" title=\"https:\/\/elpais.com\/america\/2025-09-11\/el-expresidente-bolsonaro-condenado-por-intento-de-golpe-contra-lula-en-brasil.html\">expresidente brasile\u00f1o Jair Bolsonaro<\/a>, el senador <a href=\"https:\/\/elpais.com\/america\/2026-05-26\/el-banquero-la-pelicula-y-el-escandalo-que-amenaza-la-candidatura-de-bolsonaro-hijo.html\" target=\"_self\" rel=\"nofollow noopener\" title=\"https:\/\/elpais.com\/america\/2026-05-26\/el-banquero-la-pelicula-y-el-escandalo-que-amenaza-la-candidatura-de-bolsonaro-hijo.html\">Fl\u00e1vio Bolsonaro, de 45 a\u00f1os<\/a>, ya es oficialmente candidato a la presidencia de Brasil. Mientras su padre sigue en su casa de Brasilia en arresto domiciliario cumpliendo una pena de 27 a\u00f1os de c\u00e1rcel, el Partido Liberal, el principal contenedor de la extrema derecha brasile\u00f1a, le nombr\u00f3 candidato presidencial en un acto multitudinario en S\u00e3o Paulo, que cont\u00f3 con la presencia del <a href=\"https:\/\/elpais.com\/argentina\/2023-08-13\/javier-milei-el-grito-de-la-argentina-con-bronca.html\" target=\"_self\" rel=\"nofollow noopener\" title=\"https:\/\/elpais.com\/argentina\/2023-08-13\/javier-milei-el-grito-de-la-argentina-con-bronca.html\">presidente argentino, Javier Milei.<\/a> Fl\u00e1vio Bolsonaro llega a la carrera para los comicios de octubre aislado pol\u00edticamente, acorralado por la justicia y superado por el presidente Luiz In\u00e1cio Lula da Silva en las encuestas, pero a pesar de numerosos contratiempos, su candidatura no se ha deshidratado, como pronosticaban algunos. <\/p>\n<p class=\"\">La proclamaci\u00f3n de su candidatura, lejos de ser una mano tendida a la derecha moderada, fue una clara declaraci\u00f3n de intenciones: continuidad con la herencia del patriarca. Bolsonaro padre, de hecho, <a href=\"https:\/\/elpais.com\/america\/2026-07-13\/el-juez-prohibe-que-flavio-bolsonaro-visite-a-su-padre-durante-la-campana-electoral.html\" target=\"_self\" rel=\"nofollow noopener\" title=\"https:\/\/elpais.com\/america\/2026-07-13\/el-juez-prohibe-que-flavio-bolsonaro-visite-a-su-padre-durante-la-campana-electoral.html\">estuvo presente con un video generado con Inteligencia Artificial<\/a> en que ped\u00eda apoyo para su hijo. Fue la f\u00f3rmula para sortear las medidas cautelares, que impiden que el expresidente se comunique con el exterior de cualquier forma.<\/p>\n<p class=\"\">El sucesor llor\u00f3 al hablar de su padre preso y dijo que honrar\u00e1 su legado: \u201cNo nos van a intimidar. Yo puedo ser m\u00e1s calmado, m\u00e1s sonriente, m\u00e1s tranquilo y moderado, pero aqu\u00ed hay sangre de Bolsonaro. \u00bfY sab\u00e9is lo que vamos a hacer? Brasil fue secuestrado y vamos a liberar a nuestro pa\u00eds de este cautiverio\u201d.<\/p>\n<p><img alt=\"\" decoding=\"auto\" class=\"_re lazyload a_m-h\" height=\"276\"  width=\"414\"  src=\"https:\/\/www.europesays.com\/es\/wp-content\/uploads\/2026\/07\/UG4CRARJXBILTNXTWNMA5IISLU.jpg\" loading=\"lazy\" fetchpriority=\"low\"\/>Flavio Bolsonaro y su esposa Fernanda Bolsonaro,  este s\u00e1bado.Jean Carniel (REUTERS)<\/p>\n<p class=\"\">El principal invitado de carne y hueso fue Milei, que en un encendido discurso se quej\u00f3 de no poder visitar al expresidente y confi\u00f3 en que Brasil <a href=\"https:\/\/elpais.com\/america-colombia\/elecciones-presidenciales\/2026-06-23\/colombia-se-suma-al-avance-de-la-ultraderecha-en-america-latina.html\" target=\"_self\" rel=\"nofollow noopener\" title=\"https:\/\/elpais.com\/america-colombia\/elecciones-presidenciales\/2026-06-23\/colombia-se-suma-al-avance-de-la-ultraderecha-en-america-latina.html\">se sume a la ola conservadora latinoamericana dentro de tres meses<\/a>. Otro gran representante de la extrema derecha mundial, el primer ministro israel\u00ed Benjamin Netanyahu, mand\u00f3 un video felicitando al senador y llam\u00e1ndole \u201ccampe\u00f3n de Brasil\u201d.<\/p>\n<p class=\"\">En cualquier caso, llamaron m\u00e1s la atenci\u00f3n las ausencias. Para empezar, todav\u00eda no hay candidato o candidata a vicepresidente. La senadora y exministra Tereza Cristina da Costa, un nombre de peso en el poderoso sector agr\u00edcola y ganadero, rechaz\u00f3 la invitaci\u00f3n. Los principales partidos de centroderecha que podr\u00edan haber aportado un candidato optaron por la prudencia y prefirieron mantenerse neutros. Para Fl\u00e1vio Bolsonaro esto es un problema serio para la campa\u00f1a, porque la falta de alianzas con otros partidos le restar\u00e1 minutos de propaganda en radio y televisi\u00f3n.<\/p>\n<p class=\"\">La otra ausencia clave fue la de la ex primera dama Michelle Bolsonaro, <a href=\"https:\/\/elpais.com\/america\/2026-06-27\/la-esposa-de-bolsonaro-ataca-a-su-hijastro-flavio-y-se-reivindica-en-la-masculinizada-politica-de-brasil.html\" target=\"_self\" rel=\"nofollow noopener\" title=\"https:\/\/elpais.com\/america\/2026-06-27\/la-esposa-de-bolsonaro-ataca-a-su-hijastro-flavio-y-se-reivindica-en-la-masculinizada-politica-de-brasil.html\">que en junio abri\u00f3 una peligrosa crisis al decir que se hab\u00eda sentido traicionada<\/a> y humillada por Fl\u00e1vio y su entorno. La esposa del patriarca no estuvo en el d\u00eda grande de su hijastro, pero mand\u00f3 un video a modo de pipa de la paz. Despu\u00e9s de que esta semana Fl\u00e1vio le pidiera disculpas de nuevo, para tranquilidad de los militantes, Michelle pronunci\u00f3 las palabras m\u00e1gicas: \u201cFl\u00e1vio, que Dios bendiga y proteja tu candidatura\u201d. Aparentemente, la crisis interna est\u00e1 enterrada, pero a\u00fan est\u00e1 por ver hasta qu\u00e9 punto se implicar\u00e1 en la campa\u00f1a. Ella es clave para atraer el voto femenino y evang\u00e9lico, pero no son pocos los analistas los que consideran que en realidad ella ya est\u00e1 esperando un tropiezo y tiene la mirada puesta en las elecciones de 2030.<\/p>\n<p class=\"\">La principal piedra en el zapato de Fl\u00e1vio Bolsonaro se llama Banco Master. <a href=\"https:\/\/elpais.com\/america\/2026-05-14\/un-audio-revela-la-cercania-de-flavio-bolsonaro-a-un-banquero-preso-por-un-megafraude-en-brasil.html\" target=\"_self\" rel=\"nofollow noopener\" title=\"https:\/\/elpais.com\/america\/2026-05-14\/un-audio-revela-la-cercania-de-flavio-bolsonaro-a-un-banquero-preso-por-un-megafraude-en-brasil.html\">El senador se vio inmerso en este esc\u00e1ndalo de fraude bancario<\/a> cuando se supo que ten\u00eda una estrecha relaci\u00f3n con el fundador del banco, Daniel Vorcaro, y que pact\u00f3 con \u00e9l el pago de casi 12 millones de d\u00f3lares para financiar una pel\u00edcula sobre la vida de su padre.<\/p>\n<p><img alt=\"\" decoding=\"auto\" class=\"_re lazyload a_m-h\" height=\"277\"  width=\"414\"  src=\"https:\/\/www.europesays.com\/es\/wp-content\/uploads\/2026\/07\/3XIMUOUDI5JY3BDTPWZXNVCXFM.jpg\" loading=\"lazy\" fetchpriority=\"low\"\/>Benjamin Netanyahu da un mensaje para Flavio Bolsonaro, este s\u00e1bado.Jean Carniel (REUTERS)<\/p>\n<p class=\"\">Esta semana, el Tribunal Supremo autoriz\u00f3 que se investiguen esos movimientos, porque hay diversos indicios de financiaci\u00f3n irregular. Se sospecha, por ejemplo, que parte del dinero sirviese para financiar la vida de Eduardo Bolsonaro en Estados Unidos, y de esta forma, el lobby para que <a href=\"https:\/\/elpais.com\/america\/2026-07-07\/bolsonaro-hijo-viaja-a-washington-para-intentar-evitar-un-nuevo-castigo-arancelario-que-dane-su-campana.html\" target=\"_self\" rel=\"nofollow noopener\" title=\"https:\/\/elpais.com\/america\/2026-07-07\/bolsonaro-hijo-viaja-a-washington-para-intentar-evitar-un-nuevo-castigo-arancelario-que-dane-su-campana.html\">la administraci\u00f3n de Donald Trump estrechara el cerco sobre Brasil<\/a> a base de aranceles y sanciones. La polic\u00eda federal podr\u00eda acusar formalmente a Fl\u00e1vio Bolsonaro en plena campa\u00f1a. De momento, el senador ya tiene una cita con los agentes la semana que viene, para ser interrogado por otro caso: el posible delito de calumnias que cometi\u00f3 al asociar a Lula al narcotr\u00e1fico.<\/p>\n<p class=\"\">En su dilema continuo entre mostrar una versi\u00f3n m\u00e1s moderada para captar a los indecisos o los gui\u00f1os a la base m\u00e1s radical, esta semana opt\u00f3 por la segunda opci\u00f3n cuando emul\u00f3 a su padre y en una reuni\u00f3n privada con embajadores extranjeros cuestion\u00f3 la fiabilidad de las urnas electr\u00f3nicas, diciendo que Brasil usa m\u00e1quinas fabricadas por una empresa venezolana acusada de fraude, algo que la Justicia electoral neg\u00f3 tajantemente. El retorno a la teor\u00eda de la conspiraci\u00f3n coincide con otros movimientos. Este mismo s\u00e1bado se supo que el Ministerio de Relaciones Exteriores de Brasil neg\u00f3 el visado a dos diplom\u00e1ticos de Estados Unidos que pretend\u00edan viajar a Brasil para cuestionar la seguridad del proceso electoral.<\/p>\n<p class=\"\">La alargada sombra de la Casa Blanca es otro de los factores de riesgo en esta incipiente campa\u00f1a. Despu\u00e9s de que Brasil haya sufrido un nuevo golpe arancelario, Lula ha reactivado el mensaje de que los Bolsonaro son unos \u201ctraidores de la patria\u201d y ha aprovechado para acercarse a la clase empresarial. Los sondeos muestran que la mayor\u00eda de brasile\u00f1os atribuye al clan ultraderechista el tarifazo contra los productos brasile\u00f1os, algo que tambi\u00e9n acaba desgastando la candidatura del senador. En abril, los dos principales candidatos estaban empatados en las encuestas. Desde entonces, muy lentamente, Lula ha abierto una peque\u00f1a ventaja y a d\u00eda de hoy revalidar\u00eda la presidencia con el 48% de los votos, frente al 43% del candidato ultraderechista,seg\u00fan una encuesta del instituto Datafolha divulgada el viernes. Aunque Brasil lleva meses en clima electoral, la campa\u00f1a empieza oficialmente a mediados de agosto.<\/p>\n","protected":false},"excerpt":{"rendered":"El hijo mayor del expresidente brasile\u00f1o Jair Bolsonaro, el senador Fl\u00e1vio Bolsonaro, de 45 a\u00f1os, ya es oficialmente&hellip;\n","protected":false},"author":2,"featured_media":676848,"comment_status":"","ping_status":"","sticky":false,"template":"","format":"standard","meta":{"footnotes":""},"categories":[42],"tags":[889,3216,17,18,26927,352,23686,13,14,105478,11,61,62,63,64,3218,19,20,1804,3219,9,10,15,16,122863,122862,12,21,22,65,66,67],"class_list":["post-676847","post","type-post","status-publish","format-standard","has-post-thumbnail","category-internacional","tag-america","tag-brasil","tag-breaking-news","tag-breakingnews","tag-candidaturas-politicas","tag-donald-trump","tag-elecciones-presidenciales","tag-featured-news","tag-featurednews","tag-flavio-bolsonaro","tag-headlines","tag-internacional","tag-international","tag-international-news","tag-internationalnews","tag-jair-bolsonaro","tag-latest-news","tag-latestnews","tag-latinoamerica","tag-lula-da-silva","tag-news","tag-noticias","tag-noticias-destacadas","tag-noticiasdestacadas","tag-presidencia-brasil","tag-presidente-brasil","tag-titulares","tag-ultimas-noticias","tag-ultimasnoticias","tag-world","tag-world-news","tag-worldnews"],"share_on_mastodon":{"url":"","error":""},"_links":{"self":[{"href":"https:\/\/www.europesays.com\/es\/wp-json\/wp\/v2\/posts\/676847","targetHints":{"allow":["GET"]}}],"collection":[{"href":"https:\/\/www.europesays.com\/es\/wp-json\/wp\/v2\/posts"}],"about":[{"href":"https:\/\/www.europesays.com\/es\/wp-json\/wp\/v2\/types\/post"}],"author":[{"embeddable":true,"href":"https:\/\/www.europesays.com\/es\/wp-json\/wp\/v2\/users\/2"}],"replies":[{"embeddable":true,"href":"https:\/\/www.europesays.com\/es\/wp-json\/wp\/v2\/comments?post=676847"}],"version-history":[{"count":0,"href":"https:\/\/www.europesays.com\/es\/wp-json\/wp\/v2\/posts\/676847\/revisions"}],"wp:featuredmedia":[{"embeddable":true,"href":"https:\/\/www.europesays.com\/es\/wp-json\/wp\/v2\/media\/676848"}],"wp:attachment":[{"href":"https:\/\/www.europesays.com\/es\/wp-json\/wp\/v2\/media?parent=676847"}],"wp:term":[{"taxonomy":"category","embeddable":true,"href":"https:\/\/www.europesays.com\/es\/wp-json\/wp\/v2\/categories?post=676847"},{"taxonomy":"post_tag","embeddable":true,"href":"https:\/\/www.europesays.com\/es\/wp-json\/wp\/v2\/tags?post=676847"}],"curies":[{"name":"wp","href":"https:\/\/api.w.org\/{rel}","templated":true}]}}