{"id":677155,"date":"2026-07-26T00:27:17","date_gmt":"2026-07-26T00:27:17","guid":{"rendered":"https:\/\/www.europesays.com\/es\/677155\/"},"modified":"2026-07-26T00:27:17","modified_gmt":"2026-07-26T00:27:17","slug":"netflix-la-miniserie-romantica-que-se-ve-en-una-tarde-y-es-ideal-para-el-frio","status":"publish","type":"post","link":"https:\/\/www.europesays.com\/es\/677155\/","title":{"rendered":"Netflix: la miniserie rom\u00e1ntica que se ve en una tarde y es ideal para el fr\u00edo"},"content":{"rendered":"\n<p id=\"p-1784818828044-82475\" class=\"\">Hay d\u00edas de invierno que piden una manta, algo caliente y una historia que no exija demasiadas horas frente a la pantalla. Para ese plan, <strong><a href=\"https:\/\/www.mdzol.com\/temas\/netflix-1108.html\" target=\"_blank\" rel=\"follow nofollow noopener\">Netflix<\/a><\/strong> tiene una opci\u00f3n perfecta: Un cuento perfecto, una <strong><a href=\"https:\/\/www.mdzol.com\/temas\/miniserie-13428.html\" target=\"_blank\" rel=\"follow nofollow noopener\">miniserie<\/a><\/strong> rom\u00e1ntica espa\u00f1ola que se puede ver completa en una sola tarde.<\/p>\n<p id=\"p-1784818828044-48895\" class=\"\"> La producci\u00f3n tiene apenas 5 episodios y combina romance, comedia, viajes y v\u00ednculos familiares. Su duraci\u00f3n la vuelve ideal para quienes buscan una historia cerrada, sin comprometerse con varias temporadas ni quedar atrapados en una trama demasiado extensa.<\/p>\n<p id=\"p-1784818828044-91589\" class=\"\"> Un cuento perfecto sigue la historia de Margot, una joven que parece tenerlo todo, pero que entra en crisis el d\u00eda de su boda. En medio de ese quiebre aparece David, un hombre con una vida muy distinta, que tambi\u00e9n arrastra sus propias dudas y necesidades.<\/p>\n<p>  <img src=\"https:\/\/www.europesays.com\/es\/wp-content\/uploads\/2026\/07\/un-cuento-perfecto-tiene-5-episodios-y-esta-basada-una-novela-elisabet-benavent.jpg\" decoding=\"async\" fetchpriority=\"low\" loading=\"lazy\" alt=\"Un cuento perfecto tiene 5 episodios y est\u00e1 basada en una novela de El\u00edsabet Benavent.\" title=\"Un cuento perfecto tiene 5 episodios y est\u00e1 basada en una novela de El\u00edsabet Benavent.\" width=\"760\" height=\"undefined\" id=\"1981423-Libre-1899248256_embed\"\/>    <\/p>\n<p id=\"p-1784819213544-69315\" class=\"\">Un cuento perfecto tiene 5 episodios y est\u00e1 basada en una novela de El\u00edsabet Benavent.<\/p>\n<p>Netflix<\/p>\n<p>   Una historia rom\u00e1ntica para ver sin apuro <\/p>\n<p id=\"p-1784818828044-49738\" class=\"\">La miniserie de Netflix est\u00e1 basada en la novela de El\u00edsabet Benavent, una autora muy conocida dentro del g\u00e9nero rom\u00e1ntico. Esa marca se nota en el tono de la historia, que mezcla di\u00e1logos ligeros, momentos emocionales y personajes que atraviesan conflictos reconocibles.<\/p>\n<p id=\"p-1784818828044-51916\" class=\"\"> Uno de los puntos fuertes de Un cuento perfecto es que no se apoya solo en el romance. Tambi\u00e9n habla de las expectativas ajenas, el miedo a decepcionar, las decisiones tomadas por mandato y la posibilidad de cambiar de rumbo incluso cuando todo parece estar definido.<\/p>\n<p id=\"p-1784818828044-71494\" class=\"\">Margot carga con el peso de una vida armada desde afuera. David, en cambio, vive con menos privilegios, pero tambi\u00e9n con sus propias inseguridades. Esa diferencia entre los protagonistas permite que la historia avance entre choques, complicidad y una qu\u00edmica que sostiene los episodios.<\/p>\n<p id=\"p-1784818828044-68981\" class=\"\">El viaje tambi\u00e9n ocupa un lugar importante. Los escenarios ayudan a darle a la miniserie un aire c\u00e1lido y escapista, algo que funciona muy bien para una tarde fr\u00eda. Sin volverse pesada, la historia deja espacio para el humor, la emoci\u00f3n y algunas preguntas sobre el amor.<\/p>\n<p> Por qu\u00e9 verla en Netflix <\/p>\n<p id=\"p-1784818828044-77780\" class=\"\">Un cuento perfecto funciona porque va directo al punto. No necesita demasiados cap\u00edtulos para construir el v\u00ednculo entre sus protagonistas ni para mostrar el momento de transformaci\u00f3n que atraviesan. En pocas horas, la miniserie ofrece una historia completa, con inicio, desarrollo y cierre.<\/p>\n<p id=\"p-1784818828044-70596\" class=\"\">Para quienes disfrutan las producciones rom\u00e1nticas, esta propuesta de Netflix tiene todos los elementos del g\u00e9nero: un encuentro inesperado, diferencias entre los personajes, heridas personales, momentos de tensi\u00f3n y una b\u00fasqueda de felicidad que no siempre coincide con lo que los dem\u00e1s esperan.<\/p>\n<p id=\"p-1784818828044-64316\" class=\"\">Tambi\u00e9n es una buena opci\u00f3n para quienes quieren ver algo liviano, pero no vac\u00edo. Detr\u00e1s del tono amable, la historia plantea una idea sencilla: a veces una crisis puede ser el primer paso para dejar de vivir una vida que ya no se siente propia.<\/p>\n<p id=\"p-1784818828044-58931\">Por eso Un cuento perfecto es una de esas miniseries que encajan muy bien con una tarde de invierno. Es corta, rom\u00e1ntica, f\u00e1cil de seguir y tiene el tipo de historia que invita a quedarse hasta el \u00faltimo episodio.<\/p>\n","protected":false},"excerpt":{"rendered":"Hay d\u00edas de invierno que piden una manta, algo caliente y una historia que no exija demasiadas horas&hellip;\n","protected":false},"author":2,"featured_media":677156,"comment_status":"","ping_status":"","sticky":false,"template":"","format":"standard","meta":{"footnotes":""},"categories":[171],"tags":[146,147,25,24,23469,152,2657,23,214],"class_list":["post-677155","post","type-post","status-publish","format-standard","has-post-thumbnail","category-tv","tag-entertainment","tag-entretenimiento","tag-es","tag-espana","tag-miniserie","tag-netflix","tag-romance","tag-spain","tag-tv"],"share_on_mastodon":{"url":"https:\/\/pubeurope.com\/@es\/116983447938130150","error":""},"_links":{"self":[{"href":"https:\/\/www.europesays.com\/es\/wp-json\/wp\/v2\/posts\/677155","targetHints":{"allow":["GET"]}}],"collection":[{"href":"https:\/\/www.europesays.com\/es\/wp-json\/wp\/v2\/posts"}],"about":[{"href":"https:\/\/www.europesays.com\/es\/wp-json\/wp\/v2\/types\/post"}],"author":[{"embeddable":true,"href":"https:\/\/www.europesays.com\/es\/wp-json\/wp\/v2\/users\/2"}],"replies":[{"embeddable":true,"href":"https:\/\/www.europesays.com\/es\/wp-json\/wp\/v2\/comments?post=677155"}],"version-history":[{"count":0,"href":"https:\/\/www.europesays.com\/es\/wp-json\/wp\/v2\/posts\/677155\/revisions"}],"wp:featuredmedia":[{"embeddable":true,"href":"https:\/\/www.europesays.com\/es\/wp-json\/wp\/v2\/media\/677156"}],"wp:attachment":[{"href":"https:\/\/www.europesays.com\/es\/wp-json\/wp\/v2\/media?parent=677155"}],"wp:term":[{"taxonomy":"category","embeddable":true,"href":"https:\/\/www.europesays.com\/es\/wp-json\/wp\/v2\/categories?post=677155"},{"taxonomy":"post_tag","embeddable":true,"href":"https:\/\/www.europesays.com\/es\/wp-json\/wp\/v2\/tags?post=677155"}],"curies":[{"name":"wp","href":"https:\/\/api.w.org\/{rel}","templated":true}]}}