{"id":677559,"date":"2026-07-26T07:53:19","date_gmt":"2026-07-26T07:53:19","guid":{"rendered":"https:\/\/www.europesays.com\/es\/677559\/"},"modified":"2026-07-26T07:53:19","modified_gmt":"2026-07-26T07:53:19","slug":"ante-el-ceuta-mas-minutos-para-los-jugadores-del-primer-equipo","status":"publish","type":"post","link":"https:\/\/www.europesays.com\/es\/677559\/","title":{"rendered":"Ante el Ceuta, m\u00e1s minutos para los jugadores del primer equipo"},"content":{"rendered":"<p style=\"\">El Sevilla FC disputar\u00e1 frente a la AD Ceuta esta tarde en el estadio Jes\u00fas Navas de la ciudad deportiva Cisneros Palacios su cuarto encuentro de la pretemporada 26-27, tras la victoria frente al Juventud de Torremolinos (1-0), la derrota ante el KS  &#8230; Cracovia (1-0) y el triunfo en la tanda de penaltis tras el 0-0 ante el C\u00f3rdoba CF en el Trofeo Puertas de C\u00f3rdoba. Ser\u00e1 ante los norteafricanos un partido en el que, a diferencia del disputado el jueves en el Nuevo Arc\u00e1ngel, los jugadores profesionales del primer equipo tendr\u00e1n m\u00e1s minutos de juego. En el amistoso frente a los blanquiverdes, Garc\u00eda Plaza sali\u00f3 con un once completamente formado por canteranos del conjunto sevillista, entre jugadores del Sevilla Atl\u00e9tico y tambi\u00e9n del juvenil de Divisi\u00f3n de Honor.<\/p>\n<p class=\"v-d-p\" style=\"\">No sorprendi\u00f3 el t\u00e9cnico madrile\u00f1o. Garc\u00eda Plaza advirti\u00f3 tras el duelo en Polonia que, teniendo en cuenta que el domingo (por hoy) el Sevilla jugaba ante el Ceuta, repartir\u00eda cargas. \u00abMi idea es que en uno de los partidos los jugadores disputen 45 minutos cada grupo, y en el segundo que la gente del primer equipo alcance los 70 \u00f3 75 minutos, que es la progresi\u00f3n que tenemos que seguir. Ya decidir\u00e9 en qu\u00e9 partido juegan los chicos del filial, pero no podemos llevar a los que deben disputar 75 minutos a jugar tambi\u00e9n el otro encuentro porque existe riesgo de lesi\u00f3n muscular\u00bb, fue lo que expres\u00f3 el entrenador del Sevilla al t\u00e9rmino del partido contra el KS Cracovia.<\/p>\n<p class=\"v-d-p\" style=\"\">Un plan que empez\u00f3 a llevar a cabo en el Nuevo Arc\u00e1ngel reservando a los profesionales del primer equipo de inicio y eligiendo un equipo titular compuesto \u00edntegramente por canteranos. As\u00ed que esos &#8216;titulares&#8217;, como por ejemplo Vlachodimos, Carmona, Juan Iglesias, Sangante, Suazo, Agoum\u00e9, Guridi, Oso, Peque, el sorprendente Miguel Sierra e Isaac Romero, son los que m\u00e1s papeletas tienen de iniciar el encuentro en el campo principal de la ciudad deportiva sevillista. Tambi\u00e9n tiene opciones de volver Kike Salas, quien se perdiera el duelo en C\u00f3rdoba por unas molestias en el cu\u00e1driceps.<\/p>\n<p class=\"v-d-p\" style=\"\">S\u00ed podr\u00eda tener sus primeros minutos de la preparaci\u00f3n estival el central Andr\u00e9s Castr\u00edn. El gallego acumula toda esta semana entrenando como uno m\u00e1s a las \u00f3rdenes de Garc\u00eda Plaza despu\u00e9s de superar una pubalgia diagnosticada en los albores de la pretemporada.<\/p>\n<p class=\"v-d-p\" style=\"\">Este domingo, d\u00eda del partido, tiene prevista la plantilla del Sevilla ejercitarse a primera hora de la ma\u00f1ana en las instalaciones de la ciudad deportiva Cisneros Palacios. Con el partido frente a la AD Ceuta, el equipo de Garc\u00eda Plaza dar\u00e1 por finalizada su tercera semana de la pretemporada 26-27.<\/p>\n","protected":false},"excerpt":{"rendered":"El Sevilla FC disputar\u00e1 frente a la AD Ceuta esta tarde en el estadio Jes\u00fas Navas de la&hellip;\n","protected":false},"author":2,"featured_media":677560,"comment_status":"","ping_status":"","sticky":false,"template":"","format":"standard","meta":{"footnotes":""},"categories":[268],"tags":[1575,4486,168,622,25,24,280,282,2713,1264,977,281,23,167],"class_list":["post-677559","post","type-post","status-publish","format-standard","has-post-thumbnail","category-futbol","tag-ante","tag-ceuta","tag-deportes","tag-equipo","tag-es","tag-espana","tag-football","tag-futbol","tag-jugadores","tag-minutos","tag-primer","tag-soccer","tag-spain","tag-sports"],"share_on_mastodon":{"url":"https:\/\/pubeurope.com\/@es\/116985201472690768","error":""},"_links":{"self":[{"href":"https:\/\/www.europesays.com\/es\/wp-json\/wp\/v2\/posts\/677559","targetHints":{"allow":["GET"]}}],"collection":[{"href":"https:\/\/www.europesays.com\/es\/wp-json\/wp\/v2\/posts"}],"about":[{"href":"https:\/\/www.europesays.com\/es\/wp-json\/wp\/v2\/types\/post"}],"author":[{"embeddable":true,"href":"https:\/\/www.europesays.com\/es\/wp-json\/wp\/v2\/users\/2"}],"replies":[{"embeddable":true,"href":"https:\/\/www.europesays.com\/es\/wp-json\/wp\/v2\/comments?post=677559"}],"version-history":[{"count":0,"href":"https:\/\/www.europesays.com\/es\/wp-json\/wp\/v2\/posts\/677559\/revisions"}],"wp:featuredmedia":[{"embeddable":true,"href":"https:\/\/www.europesays.com\/es\/wp-json\/wp\/v2\/media\/677560"}],"wp:attachment":[{"href":"https:\/\/www.europesays.com\/es\/wp-json\/wp\/v2\/media?parent=677559"}],"wp:term":[{"taxonomy":"category","embeddable":true,"href":"https:\/\/www.europesays.com\/es\/wp-json\/wp\/v2\/categories?post=677559"},{"taxonomy":"post_tag","embeddable":true,"href":"https:\/\/www.europesays.com\/es\/wp-json\/wp\/v2\/tags?post=677559"}],"curies":[{"name":"wp","href":"https:\/\/api.w.org\/{rel}","templated":true}]}}