{"id":677629,"date":"2026-07-26T08:46:35","date_gmt":"2026-07-26T08:46:35","guid":{"rendered":"https:\/\/www.europesays.com\/es\/677629\/"},"modified":"2026-07-26T08:46:35","modified_gmt":"2026-07-26T08:46:35","slug":"pogacar-el-pentacampeon-del-tour-mas-joven-ya-piensa-en-su-final-no-voy-a-estar-haciendo-esto-mucho-mas","status":"publish","type":"post","link":"https:\/\/www.europesays.com\/es\/677629\/","title":{"rendered":"Pogacar, el pentacampe\u00f3n del Tour m\u00e1s joven, ya piensa en su final. \u00abNo voy a estar haciendo esto mucho m\u00e1s\u00bb"},"content":{"rendered":"<p style=\"\">Durante su debut en el Tour de Francia, Tadej Pogacar (Komenda, 1998) escuch\u00f3 que deb\u00edan rodar cabezas. Era septiembre de 2020, la edici\u00f3n atrasada por  &#8230; el coronavirus a la que el esloveno acudi\u00f3 con el objetivo de acabar entre los cinco primeros. En plena carrera, recibi\u00f3 un consejo de uno de sus mentores, Allan Peiper, que se le qued\u00f3 clavado en el cerebro. \u00abRoglic y los dem\u00e1s no son tus amigos. Te van a cortar el cuello en cuanto tengan la oportunidad. Y t\u00fa tienes que recordar que, el d\u00eda en que ellos est\u00e9n de rodillas, t\u00fa tienes que hacerles lo mismo\u00bb. Sin piedad. As\u00ed comenz\u00f3 la leyenda del pentacampe\u00f3n m\u00e1s joven de la historia.<\/p>\n<p class=\"v-d-p\" style=\"\">Miguel Indur\u00e1in gan\u00f3 su primer Tour con 27 a\u00f1os, la edad con la que el posible mejor ciclista de todos los tiempo es ya cinco veces vencedor. Merckx lo logr\u00f3 con 29. Anquetil e Hinault con 30. El navarro, a los 31. Son los cinco mosqueteros. Dos franceses, un belga, un espa\u00f1ol y un esloveno. La nueva era. <\/p>\n<p class=\"v-d-p\" style=\"\">&#8216;Gora&#8217; no es una palabra de \u00e1nimo en Eslovenia. Significa monta\u00f1a. La madre de Pogacar, Marjeta Stebe, viv\u00eda en Gora pri Komendi. Y el padre, Mirko, en Klanec (colina), ambos muy cerca de Komenda. A sus cuatro hijos no les qued\u00f3 otra que adaptarse a vivir cuesta arriba. Barbara es la mayor. Se hizo ingeniera. El segundo es Tilen, trabajador de log\u00edstica. Luego llega Tadej, el m\u00e1s rebelde e inquieto. Al profesor le respondi\u00f3 una vez que para qu\u00e9 iba a hacer los deberes si iba a ser ciclista. Cuando estaba a punto de terminar el instituto, su abuela Anica le pregunt\u00f3 si no era mejor buscarse un oficio menos exigente para el cuerpo. \u00abEn una oficina lo pasar\u00eda mal, aqu\u00ed soy libre\u00bb, respondi\u00f3, seg\u00fan recoge Andy McGrath en la primera biograf\u00eda del esloveno. La m\u00e1s joven es Vita. <\/p>\n<p>\nSus padres, en autocaravana\n<\/p>\n<p class=\"v-d-p\" style=\"\">Los seis forman un n\u00facleo familiar unido en la distancia. Los padres han seguido las \u00faltimas ediciones del Tour desde una autocaravana. Discretos e introvertidos como casi cualquier esloveno hasta que comparte el primer caf\u00e9, la propia Marjeta reconoce que cuantos m\u00e1s rivales tenga su hijo, mejor. \u00abM\u00e1s interesante ser\u00e1 la carrera\u00bb. Pero el ni\u00f1o de ojos azules, pelo casta\u00f1o, te\u00f1ido de platino por su idolatr\u00eda hacia el rapero Eminem, barbilampi\u00f1o y, hasta los 15 a\u00f1os, el m\u00e1s bajito de la clase, no tolera el picante que genera una carrera igualada.<\/p>\n<p class=\"v-d-p\" style=\"\">Si en algo se parecen la forma de correr de Pogacar e Indur\u00e1in es que a la primera oportunidad, encarrilaban la victoria en el Tour. En 2021, el esloveno danz\u00f3 bajo la lluvia en el Col de la Romme. En manga corta y a 32 kil\u00f3metros de meta, decapit\u00f3 la emoci\u00f3n de las 13 etapas restantes. En 2024, cuarta jornada, imposible contenerse en el Galibier. 2025, bocados en la Breta\u00f1a de Hinault y dentellada en Hautacam, primer final en alto. Y en 2026, sexto d\u00eda, holla el Tourmalet y luego destroza el Alpe d&#8217;Huez. <\/p>\n<p><img decoding=\"async\" loading=\"lazy\" src=\"https:\/\/www.europesays.com\/es\/wp-content\/uploads\/2026\/07\/1-130496743-U26623825143ciT-680x476@El Correo.jpg\" class=\"v-a-img\" width=\"680\" height=\"478\" alt=\"El inicio de la leyenda en La Planche des Belles Filles\" data-voc-vtm-id=\"in-text-traffic\"\/><\/p>\n<p>El inicio de la leyenda en La Planche des Belles Filles.<\/p>\n<p>(2020)<\/p>\n<p class=\"v-d-p\" style=\"\">La colecci\u00f3n de cinco Tours que acaba este domingo en Par\u00eds la inici\u00f3 en la pen\u00faltima jornada de 2020. No porque no atacara, se dejara ver menos o se contentara con el segundo puesto. Roglic parec\u00eda inquebrantable y ciment\u00f3 su liderato en el m\u00e1s de un minuto que le distanci\u00f3 en una jornada de abanicos. Un error de juventud. Con 21 a\u00f1os, desdibuj\u00f3 a su compatriota en la contrarreloj final en la Planche des Belles Filles, en el coraz\u00f3n de unos Vosgos a los que no descarta irse a vivir alg\u00fan d\u00eda. Aquel d\u00eda baj\u00f3 la rampa con 57 segundos perdidos y gan\u00f3 el Tour con 59 de ventaja. Ese d\u00eda hab\u00eda dormido pl\u00e1cidamente hasta las 10 de la ma\u00f1ana. Los nervios no van con \u00e9l.<\/p>\n<p>\nUn solo abandono por ca\u00edda\n<\/p>\n<p class=\"v-d-p\" style=\"\">Sobre la gesti\u00f3n de la presi\u00f3n, en el equipo UAE suelen relatar dos an\u00e9cdotas. Su debut profesional en 2019 fue en el verano australiano. La entrada pl\u00e1cida que quer\u00edan fue una odisea log\u00edstica. Su vuelo de Liubliana a Mil\u00e1n fue cancelado por la nieve. Vol\u00f3 a Frankfurt y de all\u00ed fue en autob\u00fas hasta B\u00e9rgamo. Un coche del equipo le llev\u00f3 al aeropuerto de Malpensa y, despu\u00e9s de varias escalas, lleg\u00f3 a Adelaida sin la maleta. Se la hab\u00edan perdido. <\/p>\n<p class=\"v-d-p\" style=\"\">Tres semanas m\u00e1s tarde, cuando se dispon\u00edan a regresar a casa, Pogacar se dio cuenta de que no ten\u00eda el pasaporte. Era el d\u00eda nacional de Australia. Estaba todo cerrado. \u00abNo entr\u00f3 en p\u00e1nico en ninguna situaci\u00f3n. Sigui\u00f3 igual de alegre\u00bb, rememoraba Peiper, ahora asesor de Evenepoel. El covid le pill\u00f3 en pleno UAE Tour. Tuvo que quedarse en los Emiratos catorce d\u00edas en aislamiento voluntario. La compra de una PlayStation le permiti\u00f3 adaptarse r\u00e1pido a la vida confinada. \u00abNunca le ha visto estresado\u00bb, cuenta Bystrom, su compa\u00f1ero de habitaci\u00f3n aquellos d\u00edas.<\/p>\n<p><img decoding=\"async\" loading=\"lazy\" src=\"https:\/\/www.europesays.com\/es\/wp-content\/uploads\/2026\/07\/1441872182-U68233281155Kcw-680x476@El Correo.jpg\" class=\"v-a-img\" width=\"680\" height=\"478\" alt=\"Baile bajo la lluvia en el Col de Romme.\" data-voc-vtm-id=\"in-text-traffic\"\/><\/p>\n<p>Baile bajo la lluvia en el Col de Romme.<\/p>\n<p>(2021)<\/p>\n<p class=\"v-d-p\" style=\"\">Para ver un rastro mundano de Pogacar en el que cualquier aficionado puede sentirse identificado hay que irse a su primer d\u00eda en bicicleta de carreras. Ten\u00eda 9 a\u00f1os y no logr\u00f3 desenganchar el pie de las calas. Acab\u00f3 en el suelo. Es el rito de paso de cualquier novato. Despu\u00e9s de haber competido en f\u00fatbol y saltos de esqu\u00ed, empez\u00f3 a andar en bici para seguir a su hermano Tilan, que se hab\u00eda apuntado a un club local. Desde entonces, est\u00e1 tocado por una varita. En siete temporadas, solo una ca\u00edda le ha obligado a retirarse una carrera, la Lieja de 2023 en la que se fractur\u00f3 el escafoides. Las ca\u00eddas en la Strade, el Tour o San Remo no le han hecho abandonar. \u00abSangraba&#8230; era como un zombie\u00bb, describi\u00f3 Pidcock tras el Monumento.<\/p>\n<p class=\"v-d-p\" style=\"\">A\u00fan con todo, Pogacar no fue un fen\u00f3meno en su adolescencia. Buenos resultados, pero no un palmar\u00e9s excelso como Alejandro Valverde. Su primer gran destello le pill\u00f3 de ex\u00e1menes. La Vuelta a Eslovenia se disputa a mediados de junio, cuando realizaba la &#8216;matura&#8217;, la PAU eslovena. Hizo tres ex\u00e1menes y cambi\u00f3 la fecha de su proyecto final de Ingenier\u00eda Mec\u00e1nica para codearse con Rafal Majka y acabar quinto en aquel 2017. <\/p>\n<p class=\"v-d-p\" style=\"\">Al a\u00f1o siguiente ya gan\u00f3 el Tour del Porvenir. El modesto Liubliana Gusto Xaurum en el que corr\u00eda tan solo le pod\u00eda proporcionar 1.000 euros al mes. Su llegada al UAE, propiciada por Matxin, se produjo por el sueldo m\u00ednimo, 41.000 euros. Ahora ya gana m\u00e1s de ocho millones. M\u00e1s de once con la publicidad. Especialmente por los relojes Richard Mille.<\/p>\n<p><img decoding=\"async\" loading=\"lazy\" src=\"https:\/\/www.europesays.com\/es\/wp-content\/uploads\/2026\/07\/1-1483248903-U57836237126fsV-680x476@El Correo.jpg\" class=\"v-a-img\" width=\"680\" height=\"478\" alt=\"Ataque en el Galibier.\" data-voc-vtm-id=\"in-text-traffic\"\/><\/p>\n<p>Ataque en el Galibier.<\/p>\n<p>(2024)<\/p>\n<p class=\"v-d-p\" style=\"\">Tampoco ha contado con un equipo tan dominador como el actual. En su primer Tour le acompa\u00f1aron Aru (abandono en la 9\u00aa etapa), Formolo (abandono en la 11\u00aa), David de la Cruz, Polanc, Marcato, Laengen y Kristoff. Pogacar llev\u00f3 al UAE a ser el mejor equipo del mundo y el conjunto emirat\u00ed al esloveno a ser legendario. El bienio en el que Vingegaard le super\u00f3 en el Tour les llev\u00f3 a implementar los cambios \u00aben torno a la alimentaci\u00f3n y la hidrataci\u00f3n\u00bb que le han llevado a ser imparable. <\/p>\n<p><img decoding=\"async\" loading=\"lazy\" src=\"https:\/\/www.europesays.com\/es\/wp-content\/uploads\/2026\/07\/1498939865-U65077182007BXs-680x476@El Correo.jpg\" class=\"v-a-img\" width=\"680\" height=\"478\" alt=\"Supers\u00f3nico en Hautacam.\" data-voc-vtm-id=\"in-text-traffic\"\/><\/p>\n<p>Supers\u00f3nico en Hautacam.<\/p>\n<p>(2025)<\/p>\n<p class=\"v-d-p\" style=\"\">Su preparador, el alav\u00e9s I\u00f1igo San Mill\u00e1n, fich\u00f3 por el Athletic. Empez\u00f3 a trabajar con el sevillano Javier Sola, y entrenar distinto. M\u00e1s variado y centrado en la fuerza. Buscaron una posici\u00f3n aerodin\u00e1mica m\u00e1s eficiente. Se quit\u00f3 ciertos caprichos en la nutrici\u00f3n, llegando al Tour con un kilo menos. Y mitig\u00f3 su baj\u00f3n de rendimiento con calor extremo a base de hacer rodillo en saunas o con trajes de pintor. Merckx, Hinault e Indur\u00e1in se retiraron a los 32. \u00abNo voy a estar haciendo esto mucho m\u00e1s\u00bb, se\u00f1al\u00f3 tras la pen\u00faltima etapa. Pogacar tiene contrato hasta 2030. La Vuelta, la Par\u00eds-Roubaix y los Juegos son los pocos retos que se le resisten a una mentalidad voraz.<\/p>\n","protected":false},"excerpt":{"rendered":"Durante su debut en el Tour de Francia, Tadej Pogacar (Komenda, 1998) escuch\u00f3 que deb\u00edan rodar cabezas. Era&hellip;\n","protected":false},"author":2,"featured_media":677630,"comment_status":"","ping_status":"","sticky":false,"template":"","format":"standard","meta":{"footnotes":""},"categories":[93],"tags":[168,25,24,1141,1058,4133,1928,4100,12164,549,23,167,316],"class_list":["post-677629","post","type-post","status-publish","format-standard","has-post-thumbnail","category-deportes","tag-deportes","tag-es","tag-espana","tag-estar","tag-final","tag-haciendo","tag-joven","tag-pentacampeon","tag-piensa","tag-pogacar","tag-spain","tag-sports","tag-tour"],"share_on_mastodon":{"url":"https:\/\/pubeurope.com\/@es\/116985410832520771","error":""},"_links":{"self":[{"href":"https:\/\/www.europesays.com\/es\/wp-json\/wp\/v2\/posts\/677629","targetHints":{"allow":["GET"]}}],"collection":[{"href":"https:\/\/www.europesays.com\/es\/wp-json\/wp\/v2\/posts"}],"about":[{"href":"https:\/\/www.europesays.com\/es\/wp-json\/wp\/v2\/types\/post"}],"author":[{"embeddable":true,"href":"https:\/\/www.europesays.com\/es\/wp-json\/wp\/v2\/users\/2"}],"replies":[{"embeddable":true,"href":"https:\/\/www.europesays.com\/es\/wp-json\/wp\/v2\/comments?post=677629"}],"version-history":[{"count":0,"href":"https:\/\/www.europesays.com\/es\/wp-json\/wp\/v2\/posts\/677629\/revisions"}],"wp:featuredmedia":[{"embeddable":true,"href":"https:\/\/www.europesays.com\/es\/wp-json\/wp\/v2\/media\/677630"}],"wp:attachment":[{"href":"https:\/\/www.europesays.com\/es\/wp-json\/wp\/v2\/media?parent=677629"}],"wp:term":[{"taxonomy":"category","embeddable":true,"href":"https:\/\/www.europesays.com\/es\/wp-json\/wp\/v2\/categories?post=677629"},{"taxonomy":"post_tag","embeddable":true,"href":"https:\/\/www.europesays.com\/es\/wp-json\/wp\/v2\/tags?post=677629"}],"curies":[{"name":"wp","href":"https:\/\/api.w.org\/{rel}","templated":true}]}}