{"id":67769,"date":"2025-08-23T22:37:18","date_gmt":"2025-08-23T22:37:18","guid":{"rendered":"https:\/\/www.europesays.com\/es\/67769\/"},"modified":"2025-08-23T22:37:18","modified_gmt":"2025-08-23T22:37:18","slug":"madrid-trabaja-22-08-2025","status":"publish","type":"post","link":"https:\/\/www.europesays.com\/es\/67769\/","title":{"rendered":"Madrid Trabaja 22.08.2025"},"content":{"rendered":"<p class=\"mce\">En el programa de hoy, de Madrid Trabaja, hemos comenzado repasando algunas oportunidades laborales que tienes disponibles en la Comunidad de Madrid.<\/p>\n<p class=\"mce\">Acto seguido, hemos conectado con <strong class=\"mce\">Rebeca Nieto, de <a data-content-id=\"\" href=\"https:\/\/conduit.es\/\" text=\"Conduit\" title=\"\" target=\"_blank\" rel=\"noopener nofollow\" class=\"mceNonEditable mce\">Conduit<\/a><\/strong>, para hablar sobre c\u00f3mo prepararnos para una entrevista de trabajo despu\u00e9s de haber estado un tiempo inactivos.<\/p>\n<p class=\"mce\">Hemos escuchado los consejos y las recomendaciones de Rebeca en esta secci\u00f3n tan interesante y \u00fatil para los oyentes en la que hablamos de c\u00f3mo mejorar nuestra empleabilidad.<\/p>\n<p class=\"mce\">Despu\u00e9s, hemos hablado sobre la <a data-content-id=\"\" href=\"https:\/\/fundacionintegra.org\/\" text=\"Fundaci\u00f3n Integra \" title=\"\" target=\"_blank\" rel=\"noopener nofollow\" class=\"mceNonEditable mce\">Fundaci\u00f3n Integra <\/a>y el <strong class=\"mce\">Grupo Indra<\/strong>, quienes han lanzado en colaboraci\u00f3n la tercera edici\u00f3n del programa<a data-content-id=\"\" href=\"https:\/\/fundacionintegra.org\/fundacion-integra-e-indra-group-cierran-con-exito-la-iii-edicion-de-digital-challenge-un-programa-clave-para-reducir-la-brecha-digital-en-personas-en-exclusion-social\/\" text=\" Digital Challenge.\" title=\"\" target=\"_blank\" rel=\"noopener nofollow\" class=\"mceNonEditable mce\"> Digital Challenge.<\/a><\/p>\n<p class=\"mce\">Para ello, nos han atendido <strong class=\"mce\">Patricia Satr\u00fastegui, directora de sostenibilidad de Fundaci\u00f3n Integra<\/strong> y <strong class=\"mce\">Margarita Fern\u00e1ndez, responsable de Acci\u00f3n Social de <a data-content-id=\"\" href=\"https:\/\/www.indracompany.com\/\" text=\"Indra Group.\" title=\"\" target=\"_blank\" rel=\"noopener nofollow\" class=\"mceNonEditable mce\">Indra Group.<\/a><\/strong><\/p>\n<p class=\"mce\">Esta iniciativa est\u00e1 demostrando c\u00f3mo la tecnolog\u00eda cuando se pone al servicio de las personas puede ser una gran herramienta de inclusi\u00f3n tanto social como laboral.<\/p>\n<p class=\"mce\">Tambi\u00e9n hemos avanzado algunos de los contenidos que tendremos este s\u00e1bado en el Madrid Trabaja de la tele, en Telemadrid.<\/p>\n<p class=\"mce\">Ser\u00e1 a partir de las 10:23h, y contaremos con ofertas de empleo, cursos de formaci\u00f3n, oposiciones, nuestras secciones con nuestro orientador, con el SEPE, entrevista, reportajes, y m\u00e1s\u2026<\/p>\n<p class=\"mce\">Acto seguido, hemos hablado sobre oportunidades laborales inserci\u00f3n laboral destinada a j\u00f3venes, a trav\u00e9s del <strong class=\"mce\">programa <a data-content-id=\"\" href=\"https:\/\/www.fundacionlaboral.org\/actualidad\/noticias\/fundacion\/la-fundacion-laboral-de-la-construccion-impulsa-la-insercion-de-675-jovenes-en-el-sector-a-traves-del-programa-empleo-joven\" text=\"+Empleo Joven\" title=\"\" target=\"_blank\" rel=\"noopener nofollow\" class=\"mceNonEditable mce\">+Empleo Joven<\/a>, de la Fundaci\u00f3n Laboral de la Construcci\u00f3n. <\/strong><\/p>\n<p class=\"mce\">Su director de <strong class=\"mce\">Formaci\u00f3n y Empleo, Javier Gonz\u00e1lez<\/strong>, nos ha explicado en qu\u00e9 consiste esta iniciativa dirigida a m\u00e1s de 600 j\u00f3venes de entre 16 y 29 a\u00f1os.<\/p>\n<p class=\"mce\">Puedes ver todos los s\u00e1bados en Telemadrid el programa Madrid Trabaja, presentado por <strong class=\"mce\">Erika Barreras<\/strong> y escucharlo en Onda Madrid de lunes a viernes a partir de las 15.00 horas, presentado por <strong class=\"mce\">Chema Moreno.<\/strong><\/p>\n<p class=\"mce\">Y, adem\u00e1s, puedes seguirnos en nuestras redes sociales: en<a data-content-id=\"\" href=\"https:\/\/twitter.com\/MadridTrabajaOM\" text=\" Twitter\" title=\"\" target=\"_blank\" rel=\"noopener nofollow\" class=\"mceNonEditable mce\"> Twitter<\/a>, en <a data-content-id=\"\" href=\"https:\/\/www.facebook.com\/madridtrabaja\/?locale=es_LA\" text=\"Facebook \" title=\"\" target=\"_blank\" rel=\"noopener nofollow\" class=\"mceNonEditable mce\">Facebook <\/a>, en <a data-content-id=\"\" href=\"https:\/\/www.tiktok.com\/@madrid.trabaja\" text=\"TikTok\" title=\"\" target=\"_blank\" rel=\"noopener nofollow\" class=\"mceNonEditable mce\">TikTok<\/a> y en <a data-content-id=\"\" href=\"https:\/\/www.linkedin.com\/in\/madrid-trabaja-onda-madrid-2995502ab\/\" text=\"LinkedIn\" title=\"\" target=\"_blank\" rel=\"noopener nofollow\" class=\"mceNonEditable mce\">LinkedIn<\/a><\/p>\n<p>    <script async src=\"https:\/\/platform.twitter.com\/widgets.js\" charset=\"utf-8\"><\/script><script async src=\"\/\/www.tiktok.com\/embed.js\"><\/script><\/p>\n","protected":false},"excerpt":{"rendered":"En el programa de hoy, de Madrid Trabaja, hemos comenzado repasando algunas oportunidades laborales que tienes disponibles en&hellip;\n","protected":false},"author":2,"featured_media":67770,"comment_status":"","ping_status":"","sticky":false,"template":"","format":"standard","meta":{"footnotes":""},"categories":[171],"tags":[5509,146,147,25,24,2881,7834,27320,205,27319,23,2646,2752,214],"class_list":["post-67769","post","type-post","status-publish","format-standard","has-post-thumbnail","category-tv","tag-empleo","tag-entertainment","tag-entretenimiento","tag-es","tag-espana","tag-fundacion","tag-indra","tag-integra","tag-madrid","tag-orientacion-laboral","tag-spain","tag-trabaja","tag-trabajo","tag-tv"],"share_on_mastodon":{"url":"","error":""},"_links":{"self":[{"href":"https:\/\/www.europesays.com\/es\/wp-json\/wp\/v2\/posts\/67769","targetHints":{"allow":["GET"]}}],"collection":[{"href":"https:\/\/www.europesays.com\/es\/wp-json\/wp\/v2\/posts"}],"about":[{"href":"https:\/\/www.europesays.com\/es\/wp-json\/wp\/v2\/types\/post"}],"author":[{"embeddable":true,"href":"https:\/\/www.europesays.com\/es\/wp-json\/wp\/v2\/users\/2"}],"replies":[{"embeddable":true,"href":"https:\/\/www.europesays.com\/es\/wp-json\/wp\/v2\/comments?post=67769"}],"version-history":[{"count":0,"href":"https:\/\/www.europesays.com\/es\/wp-json\/wp\/v2\/posts\/67769\/revisions"}],"wp:featuredmedia":[{"embeddable":true,"href":"https:\/\/www.europesays.com\/es\/wp-json\/wp\/v2\/media\/67770"}],"wp:attachment":[{"href":"https:\/\/www.europesays.com\/es\/wp-json\/wp\/v2\/media?parent=67769"}],"wp:term":[{"taxonomy":"category","embeddable":true,"href":"https:\/\/www.europesays.com\/es\/wp-json\/wp\/v2\/categories?post=67769"},{"taxonomy":"post_tag","embeddable":true,"href":"https:\/\/www.europesays.com\/es\/wp-json\/wp\/v2\/tags?post=67769"}],"curies":[{"name":"wp","href":"https:\/\/api.w.org\/{rel}","templated":true}]}}