{"id":678339,"date":"2026-07-26T18:16:11","date_gmt":"2026-07-26T18:16:11","guid":{"rendered":"https:\/\/www.europesays.com\/es\/678339\/"},"modified":"2026-07-26T18:16:11","modified_gmt":"2026-07-26T18:16:11","slug":"osasuna-tomara-decisiones-sobre-los-canteranos-despues-de-inglaterra","status":"publish","type":"post","link":"https:\/\/www.europesays.com\/es\/678339\/","title":{"rendered":"Osasuna tomar\u00e1 decisiones sobre los canteranos despu\u00e9s de Inglaterra"},"content":{"rendered":"<p>\n        El primer equipo de <a href=\"https:\/\/www.noticiasdenavarra.com\/tags\/osasuna\/\" title=\"Osasuna\" class=\"link copy\" rel=\"nofollow noopener\" target=\"_blank\">Osasuna<\/a> afronta a partir del lunes un stage de pretemporada en Inglaterra, una concentraci\u00f3n que t<strong>ambi\u00e9n servir\u00e1 para despejar una de las inc\u00f3gnitas del verano rojillo: qu\u00e9 ocurrir\u00e1 con el grupo de canteranos que ha venido trabajando a las \u00f3rdenes del cuerpo t\u00e9cnico durante estas primeras semanas de preparaci\u00f3n<\/strong>.\n<\/p>\n<p class=\"article-body__text \">\n        Una vez concluya esa gira inglesa, el club tomar\u00e1 las decisiones definitivas sobre estos jugadores, y el abanico de escenarios que se manejan es limitado. El primero, el m\u00e1s deseado por cualquier canterano, es <strong>hacerse un hueco en la primera plantilla y continuar entrenando y compitiendo con el grupo de Luis Miguel Ramis<\/strong>. El segundo pasa por salir cedido a un equipo de Primera RFEF para sumar minutos de competici\u00f3n a un buen nivel. Y el tercero ser\u00eda continuar en Osasuna Promesas, aunque esta \u00faltima opci\u00f3n se presenta como la menos probable en la mayor\u00eda de los casos, dado el nivel mostrado por varios de estos futbolistas y la necesidad de que sigan creciendo con minutos de peso.\n<\/p>\n<p class=\"article-body__text \">\n        <strong>Dentro de este grupo de jugadores en el punto de mira destaca especialmente Anai Morales<\/strong>, que est\u00e1 realizando una notable pretemporada y ha llamado la atenci\u00f3n. De hecho, su cesi\u00f3n se daba por hecho pero tras est\u00e1s semanas se ha abierto el abanico de posibilidades para quedarse en casa. De sus pretendientes, que son varios, el que se perfila con m\u00e1s fuerza es la UD <a href=\"https:\/\/www.noticiasdenavarra.com\/osasuna\/2025\/12\/16\/dulce-momento-anai-morales-logrono-10475317.html\" title=\"Logro\u00f1\u00e9s, equipo de Primera RFEF en el que ya milit\u00f3 la pasada temporada\" class=\"link copy\" rel=\"nofollow noopener\" target=\"_blank\">Logro\u00f1\u00e9s, equipo de Primera RFEF en el que ya milit\u00f3 la pasada temporada<\/a> y que ahora insiste en hacerse con sus servicios de nuevo tras lograr el ascenso de categor\u00eda.\n<\/p>\n<p class=\"article-body__text \">\n        Otro nombre que suena con fuerza es el de <strong>Aur\u00eda, a quien sigue de cerca el Mirand\u00e9s, tambi\u00e9n de Primera RFEF, como posible destino para la pr\u00f3xima campa\u00f1a<\/strong>. A ellos se suma Mauro Echegoyen, cuyo nombre empieza a sonar con fuerza para una cesi\u00f3n a la Cultural Leonesa o el Murcia, seg\u00fan \u00c1ngel Garc\u00eda.\n<\/p>\n<p class=\"article-body__text \">\n        Con todo, ser\u00e1 tras el paso por Inglaterra cuando Osasuna cierre estas decisiones del mercado, en un verano en el que la cantera puede ser protagonista en los planes del club rojillo<\/p>\n","protected":false},"excerpt":{"rendered":"El primer equipo de Osasuna afronta a partir del lunes un stage de pretemporada en Inglaterra, una concentraci\u00f3n&hellip;\n","protected":false},"author":2,"featured_media":678340,"comment_status":"","ping_status":"","sticky":false,"template":"","format":"standard","meta":{"footnotes":""},"categories":[268],"tags":[29263,32635,168,987,25,24,280,282,621,281,23,167,14387],"class_list":["post-678339","post","type-post","status-publish","format-standard","has-post-thumbnail","category-futbol","tag-canteranos","tag-decisiones","tag-deportes","tag-despues","tag-es","tag-espana","tag-football","tag-futbol","tag-osasuna","tag-soccer","tag-spain","tag-sports","tag-tomara"],"share_on_mastodon":{"url":"https:\/\/pubeurope.com\/@es\/116987651189294941","error":""},"_links":{"self":[{"href":"https:\/\/www.europesays.com\/es\/wp-json\/wp\/v2\/posts\/678339","targetHints":{"allow":["GET"]}}],"collection":[{"href":"https:\/\/www.europesays.com\/es\/wp-json\/wp\/v2\/posts"}],"about":[{"href":"https:\/\/www.europesays.com\/es\/wp-json\/wp\/v2\/types\/post"}],"author":[{"embeddable":true,"href":"https:\/\/www.europesays.com\/es\/wp-json\/wp\/v2\/users\/2"}],"replies":[{"embeddable":true,"href":"https:\/\/www.europesays.com\/es\/wp-json\/wp\/v2\/comments?post=678339"}],"version-history":[{"count":0,"href":"https:\/\/www.europesays.com\/es\/wp-json\/wp\/v2\/posts\/678339\/revisions"}],"wp:featuredmedia":[{"embeddable":true,"href":"https:\/\/www.europesays.com\/es\/wp-json\/wp\/v2\/media\/678340"}],"wp:attachment":[{"href":"https:\/\/www.europesays.com\/es\/wp-json\/wp\/v2\/media?parent=678339"}],"wp:term":[{"taxonomy":"category","embeddable":true,"href":"https:\/\/www.europesays.com\/es\/wp-json\/wp\/v2\/categories?post=678339"},{"taxonomy":"post_tag","embeddable":true,"href":"https:\/\/www.europesays.com\/es\/wp-json\/wp\/v2\/tags?post=678339"}],"curies":[{"name":"wp","href":"https:\/\/api.w.org\/{rel}","templated":true}]}}