{"id":67842,"date":"2025-08-23T23:22:07","date_gmt":"2025-08-23T23:22:07","guid":{"rendered":"https:\/\/www.europesays.com\/es\/67842\/"},"modified":"2025-08-23T23:22:07","modified_gmt":"2025-08-23T23:22:07","slug":"un-festival-de-historias-en-el-subte-con-suelta-de-libros-y-lecturas-compartidas","status":"publish","type":"post","link":"https:\/\/www.europesays.com\/es\/67842\/","title":{"rendered":"Un festival de historias en el subte con \u201csuelta\u201d de libros y lecturas compartidas"},"content":{"rendered":"<p class=\"com-paragraph  --capital --s\">Hoy, la rutina en el subte porte\u00f1o fue un poco distinta: <strong>la L\u00ednea D se transform\u00f3 en un gran vag\u00f3n de lectura compartida.<\/strong> La iniciativa, organizada por Subterr\u00e1neos de Buenos Aires (SBASE) junto a la booktuber <strong>Cecilia Bona<\/strong> (<a href=\"https:\/\/www.instagram.com\/porqueleerok\/\" rel=\"nofollow noopener\" target=\"_blank\" title=\"https:\/\/www.instagram.com\/porqueleerok\/\" class=\"com-link break-word\" data-mrf-recirculation=\"n_link_parrafo\">@porqueleerok<\/a>), invit\u00f3 a los pasajeros a celebrar el <a href=\"https:\/\/www.lanacion.com.ar\/cultura\/dia-del-lector-una-edicion-ilustrada-de-el-aleph-y-nuevos-titulos-en-la-babelica-biblioteca-borgeana-nid23082025\/\" target=\"_self\" title=\"https:\/\/www.lanacion.com.ar\/cultura\/dia-del-lector-una-edicion-ilustrada-de-el-aleph-y-nuevos-titulos-en-la-babelica-biblioteca-borgeana-nid23082025\/\" class=\"com-link break-word\" data-mrf-recirculation=\"n_link_parrafo\" rel=\"nofollow noopener\"><strong>D\u00eda del Lector<\/strong><\/a> viajando con un libro en la mano. Esta tarde, la Fundaci\u00f3n Internacional Jorge Luis Borges adelant\u00f3 el festejo por el nacimiento del autor y, en el marco de sus jornadas anuales, hizo el tradicional corte de torta con velitas. <strong>Este domingo Borges cumplir\u00eda 126 a\u00f1os. <\/strong><\/p>\n<p class=\"com-paragraph   --s\"><strong>\u201c\u00a1Arriba los libros!\u201d<\/strong>, fue el grito que marc\u00f3 el inicio de este viaje diferente. Minutos despu\u00e9s de las tres de la tarde, <strong>m\u00e1s de trescientas personas<\/strong> se subieron al subte en la estaci\u00f3n Catedral con una misi\u00f3n poco habitual: recorrer todo el trayecto hasta Congreso de Tucum\u00e1n leyendo. <strong>La propuesta, bautizada <\/strong><strong>Vag\u00f3n de lectores<\/strong><strong>, pronto desbord\u00f3 el coche designado:<\/strong> a medida que avanzaba la formaci\u00f3n, cada vag\u00f3n se iba poblando de p\u00e1ginas abiertas y miradas concentradas. Se pod\u00eda observar una gran variedad de t\u00edtulos, desde cl\u00e1sicos hasta historietas, pasando por literatura juvenil.<\/p>\n<p>La L\u00ednea D se colm\u00f3 de lectoresNoelia Marcia Guevara &#8211; La Naci\u00f3n<\/p>\n<p class=\"com-paragraph   --s\">Los vagones avanzaban colmados de lectores. En cada asiento, en cada rinc\u00f3n, alguien sosten\u00eda un ejemplar abierto. <strong>Quienes sub\u00edan sin saber de la convocatoria se quedaban perplejos: miraban alrededor y preguntaban en voz baja qu\u00e9 estaba pasando, sorprendidos de ver a cientos de pasajeros leyendo al mismo tiempo. <\/strong>El viaje, que tantas veces se vive con ruido y apuro, se volvi\u00f3 un corredor de silencio compartido, apenas interrumpido por murmullos c\u00f3mplices: conversaciones espont\u00e1neas sobre autores, tramas y libros que saltaron de mano en mano entre desconocidos.<\/p>\n<p class=\"com-paragraph   --s\">Detr\u00e1s de la escena tambi\u00e9n se notaba el cuidado en cada detalle. La actividad estuvo prolijamente organizada: desde la convocatoria en redes hasta la coordinaci\u00f3n de los accesos en Catedral, <strong>todo funcion\u00f3 de manera aceitada y sin sobresaltos. <\/strong>Trabajadores del evento guiaban a los participantes, y la propia Bona acompa\u00f1aba con entusiasmo el recorrido, logrando que la experiencia fluyera de manera natural en medio de la multitud.<\/p>\n<p>\u00a1Arriba los libros!, fue el grito que dio inicio a este recorrido de lectoresNoelia Marcia Guevara &#8211; La Naci\u00f3n<\/p>\n<p class=\"com-paragraph   --s\">Al llegar a la estaci\u00f3n Congreso de Tucum\u00e1n, la gente no se dispers\u00f3: se qued\u00f3 para participar del evento final, conducido por Cecilia Bona. Muchos permanecieron de pie y otros se acomodaron en los almohadones dispuestos en el piso. En ese clima se organiz\u00f3 una <strong>suelta de libros <\/strong>con ejemplares de lo m\u00e1s variados. Tambi\u00e9n hubo sorteos de m\u00e1s de diez t\u00edtulos, intercambio de ejemplares entre desconocidos y una participaci\u00f3n entusiasta del p\u00fablico, que comparti\u00f3 sensaciones sobre el viaje.<\/p>\n<p class=\"com-paragraph   --s\">Algunos admitieron que les cost\u00f3 concentrarse en sus propias p\u00e1ginas porque les resultaba irresistible espiar qu\u00e9 estaban leyendo los dem\u00e1s. Otros destacaron la experiencia como una forma de descubrir nuevas lecturas. <strong>\u201cNos encanta leer y nos pareci\u00f3 genial esto del intercambio de libros.<\/strong> Siempre siento que los libros se tienen que leer m\u00e1s de una vez, y es especial poder compartirlos con otros lectores\u201d, cont\u00f3 Delfi, una chica de aproximadamente 20 a\u00f1os que particip\u00f3 junto a su amiga Brisa. Ambas llevaron ejemplares con la idea de intercambiarlos: \u201cSi a alguien le gustan los nuestros, no tenemos problema en canjearlos\u201d.<\/p>\n<p>La booktuber Cecilia Bona dirigi\u00f3 el eventoNoelia Marcia Guevara &#8211; La Naci\u00f3n<\/p>\n<p class=\"com-paragraph   --s\">Tambi\u00e9n hab\u00eda quienes viv\u00edan la jornada con un v\u00ednculo personal con el mundo de los libros, como fue el caso de Karina, due\u00f1a de una librer\u00eda en Belgrano:<strong> \u201cLa propuesta me encant\u00f3 y no dud\u00e9 en venir con mi hija. <\/strong>Me emocionan estos eventos donde cada uno lee y donde hay suelta de libros. Todo espacio en el que podamos leer me parece m\u00e1gico. Yo me cri\u00e9 en el mundo del libro y s\u00e9 lo mucho que convoca y lo que genera compartirlo, por eso quise venir con mi hija, para que viera lo que se produce con la lectura\u201d.<\/p>\n<p>M\u00e1s de 300 personas participaron del viaje leyendoNoelia Marcia Guevara &#8211; La Naci\u00f3n<\/p>\n<p class=\"com-paragraph   --s\">Entonces tom\u00f3 la palabra Cecilia Bona, impulsora de la propuesta. Agradeci\u00f3 la convocatoria y record\u00f3 que el D\u00eda del Lector se celebra en <a href=\"https:\/\/www.lanacion.com.ar\/cultura\/empiezan-las-jornadas-borges-con-tributos-a-el-aleph-postales-de-amor-y-tertulias-poeticas-nid18082025\/\" target=\"_self\" title=\"https:\/\/www.lanacion.com.ar\/cultura\/empiezan-las-jornadas-borges-con-tributos-a-el-aleph-postales-de-amor-y-tertulias-poeticas-nid18082025\/\" class=\"com-link break-word\" data-mrf-recirculation=\"n_link_parrafo\" rel=\"nofollow noopener\">homenaje al nacimiento de Jorge Luis Borges. <\/a>En su memoria, ley\u00f3 un fragmento de <a href=\"https:\/\/www.lanacion.com.ar\/cultura\/cual-es-el-cuento-mas-importante-de-la-literatura-argentina-del-siglo-xx-nid20082025\/\" target=\"_self\" title=\"https:\/\/www.lanacion.com.ar\/cultura\/cual-es-el-cuento-mas-importante-de-la-literatura-argentina-del-siglo-xx-nid20082025\/\" class=\"com-link break-word\" data-mrf-recirculation=\"n_link_parrafo\" rel=\"nofollow noopener\">El Aleph <\/a>y luego comparti\u00f3 sus impresiones con LA NACION: \u201cFue muy emocionante, no pod\u00edamos imaginar cu\u00e1nta gente iba a venir. <strong>Llegaron casi 400 personas y fue m\u00e1s que un vag\u00f3n: ocupamos todo el tren\u201d<\/strong>, resalt\u00f3 Bona. \u201cEso es lo lindo: los lectores tenemos que hacernos cargo del espacio p\u00fablico, porque tambi\u00e9n nos pertenece. Al manifestar la lectura como un acto colectivo, contagiamos a otros y nos encontramos con nuevos lectores. Tal vez alguien que no sab\u00eda que pod\u00eda leer en comunidad, desde hoy lo descubri\u00f3. Por eso estos espacios se tienen que repetir\u201d.<\/p>\n<p class=\"com-paragraph   --s\">Aunque estaba ansiosa antes de empezar, <strong>Bona confes\u00f3 que la magnitud de la convocatoria la sorprendi\u00f3:<\/strong> \u201cEl espacio me pon\u00eda un poco tensa porque nunca se sabe qu\u00e9 puede pasar, pero sali\u00f3 hermoso. Fue lo m\u00e1s, y siento que realmente sali\u00f3 todo muy bien\u201d.<\/p>\n<p><script async src=\"\/\/www.instagram.com\/embed.js\"><\/script><\/p>\n","protected":false},"excerpt":{"rendered":"Hoy, la rutina en el subte porte\u00f1o fue un poco distinta: la L\u00ednea D se transform\u00f3 en un&hellip;\n","protected":false},"author":2,"featured_media":67843,"comment_status":"","ping_status":"","sticky":false,"template":"","format":"standard","meta":{"footnotes":""},"categories":[172],"tags":[7542,224,27346,27345,146,147,25,24,225,23],"class_list":{"0":"post-67842","1":"post","2":"type-post","3":"status-publish","4":"format-standard","5":"has-post-thumbnail","7":"category-libros","8":"tag-arte-y-cultura","9":"tag-books","10":"tag-borges-ilustrado","11":"tag-dia-del-lector","12":"tag-entertainment","13":"tag-entretenimiento","14":"tag-es","15":"tag-espana","16":"tag-libros","17":"tag-spain"},"share_on_mastodon":{"url":"","error":""},"_links":{"self":[{"href":"https:\/\/www.europesays.com\/es\/wp-json\/wp\/v2\/posts\/67842","targetHints":{"allow":["GET"]}}],"collection":[{"href":"https:\/\/www.europesays.com\/es\/wp-json\/wp\/v2\/posts"}],"about":[{"href":"https:\/\/www.europesays.com\/es\/wp-json\/wp\/v2\/types\/post"}],"author":[{"embeddable":true,"href":"https:\/\/www.europesays.com\/es\/wp-json\/wp\/v2\/users\/2"}],"replies":[{"embeddable":true,"href":"https:\/\/www.europesays.com\/es\/wp-json\/wp\/v2\/comments?post=67842"}],"version-history":[{"count":0,"href":"https:\/\/www.europesays.com\/es\/wp-json\/wp\/v2\/posts\/67842\/revisions"}],"wp:featuredmedia":[{"embeddable":true,"href":"https:\/\/www.europesays.com\/es\/wp-json\/wp\/v2\/media\/67843"}],"wp:attachment":[{"href":"https:\/\/www.europesays.com\/es\/wp-json\/wp\/v2\/media?parent=67842"}],"wp:term":[{"taxonomy":"category","embeddable":true,"href":"https:\/\/www.europesays.com\/es\/wp-json\/wp\/v2\/categories?post=67842"},{"taxonomy":"post_tag","embeddable":true,"href":"https:\/\/www.europesays.com\/es\/wp-json\/wp\/v2\/tags?post=67842"}],"curies":[{"name":"wp","href":"https:\/\/api.w.org\/{rel}","templated":true}]}}