{"id":678601,"date":"2026-07-26T21:42:11","date_gmt":"2026-07-26T21:42:11","guid":{"rendered":"https:\/\/www.europesays.com\/es\/678601\/"},"modified":"2026-07-26T21:42:11","modified_gmt":"2026-07-26T21:42:11","slug":"estados-unidos-registra-su-peor-ano-de-sarampion-desde-1991","status":"publish","type":"post","link":"https:\/\/www.europesays.com\/es\/678601\/","title":{"rendered":"Estados Unidos registra su peor a\u00f1o de sarampi\u00f3n desde 1991"},"content":{"rendered":"<p>Los <strong>Centros para el Control y la Prevenci\u00f3n de Enfermedades (CDC)<\/strong> confirmaron que <a href=\"https:\/\/apnews.com\/article\/2026-measles-cases-cdc-outbreak-elimination-371823df32b92169c3d220295f00f054\" rel=\"nofollow noopener\" target=\"_blank\">Estados Unidos ya super\u00f3 en 2026 el total de casos de sarampi\u00f3n<\/a> registrados durante todo 2025, con cinco meses a\u00fan por delante: <strong>2,318 contagios confirmados<\/strong> frente a los 2,289 del a\u00f1o anterior, lo que convierte a 2026 en el peor a\u00f1o para esta enfermedad en el pa\u00eds desde 1991.<\/p>\n<p>El dato, <a href=\"https:\/\/www.cdc.gov\/measles\/data-research\/index.html\" rel=\"nofollow noopener\" target=\"_blank\">publicado por el CDC el viernes 24 de julio<\/a>, refleja el avance de grandes brotes en Carolina del Sur, Utah y Arizona, adem\u00e1s de decenas de focos menores distribuidos en 45 jurisdicciones de todo el pa\u00eds.<\/p>\n<p>Carolina del Sur fue el epicentro m\u00e1s devastador: su brote, iniciado en octubre de 2025 en el condado de Spartanburg, acumul\u00f3 <strong>997 casos confirmados<\/strong> antes de ser declarado terminado el 26 de abril de 2026, convirti\u00e9ndose en el mayor brote estatal en 35 a\u00f1os.<\/p>\n<p>De esos casos, 932 correspond\u00edan a personas no vacunadas.<\/p>\n<p>Utah lleva m\u00e1s de un a\u00f1o combatiendo la enfermedad, con m\u00e1s de 700 personas infectadas en 22 de sus 29 condados.<\/p>\n<p>La epidemi\u00f3loga estatal, la doctora Leisha Nolen, advirti\u00f3 que el brote real en la frontera Utah-Arizona podr\u00eda ser tres o cuatro veces mayor que los casos confirmados, seg\u00fan modelado matem\u00e1tico y an\u00e1lisis gen\u00e9ticos.<\/p>\n<p><strong>Florida<\/strong> tambi\u00e9n figura entre los estados m\u00e1s afectados: <strong><a href=\"https:\/\/www.cibercuba.com\/noticias\/2026-07-26-u1-e135253-s27061-nid336210-florida-entra-cinco-estados-casos-sarampion-2026\" rel=\"nofollow noopener\" target=\"_blank\">acumula 141 casos en 2026<\/a><\/strong>, frente a solo ocho en todo 2025, un incremento de casi 18 veces en un a\u00f1o que la coloca como el quinto estado con m\u00e1s contagios a nivel nacional.<\/p>\n<p>El epicentro del brote fue Ave Maria University, en el condado de Collier.<\/p>\n<p>Detr\u00e1s de la magnitud del repunte hay un factor estructural: la cobertura vacunal con la vacuna triple v\u00edrica (MMR) entre los ni\u00f1os de preescolar cay\u00f3 del 95.2% en el a\u00f1o escolar 2019-2020 al <strong>92.5% en 2024-2025<\/strong>, dejando a aproximadamente 286,000 menores sin protecci\u00f3n, seg\u00fan <a href=\"https:\/\/www.cdc.gov\/measles\/data-research\/index.html\" rel=\"nofollow noopener\" target=\"_blank\">datos del CDC<\/a>.<\/p>\n<p><strong>En Florida esa cifra es a\u00fan m\u00e1s baja: 88.1%.<\/strong><\/p>\n<p>El 93% de los casos de 2026 corresponde a personas no vacunadas o con estado vacunal desconocido, un patr\u00f3n id\u00e9ntico al del a\u00f1o anterior.<\/p>\n<p>Los expertos advierten adem\u00e1s que las cifras oficiales subestiman la realidad. El epidemi\u00f3logo jefe de Texas, el doctor Varun Shetty, explic\u00f3 que \u00ablo que podemos contar y reportar es casi siempre una subestimaci\u00f3n de lo que realmente ocurri\u00f3, porque depende de que las personas est\u00e9n dispuestas a hacerse la prueba y a compartir informaci\u00f3n con los proveedores de salud\u00bb.<\/p>\n<p>En cuanto a la gravedad cl\u00ednica, 2026 registra hasta ahora <strong>151 hospitalizaciones<\/strong> y ninguna muerte, un panorama menos letal que el de 2025, cuando fallecieron tres personas \u2014dos ni\u00f1os en Texas y un adulto en Nuevo M\u00e9xico\u2014, todas sin vacunar.<\/p>\n<p>El doctor Mark Roberts, ex director del Laboratorio de Din\u00e1mica de Salud P\u00fablica de la Universidad de Pittsburgh, resumi\u00f3 con una analog\u00eda el riesgo colectivo que implica no vacunarse: \u00abNo vacunar a tu hijo es como decir: no quiero que mi auto tenga frenos. Porque son otras personas a las que puedes golpear. No eres solo t\u00fa en tu auto. Son otras personas\u00bb.<\/p>\n<p>En noviembre de 2026, la Organizaci\u00f3n Panamericana de la Salud revisar\u00e1 formalmente si Estados Unidos y M\u00e9xico han perdido su estatus de pa\u00eds libre de sarampi\u00f3n, una certificaci\u00f3n que EE.UU. mantiene desde el a\u00f1o 2000 y que ahora enfrenta su mayor amenaza en m\u00e1s de dos d\u00e9cadas.<\/p>\n","protected":false},"excerpt":{"rendered":"Los Centros para el Control y la Prevenci\u00f3n de Enfermedades (CDC) confirmaron que Estados Unidos ya super\u00f3 en&hellip;\n","protected":false},"author":2,"featured_media":678602,"comment_status":"","ping_status":"","sticky":false,"template":"","format":"standard","meta":{"footnotes":""},"categories":[92],"tags":[37581,16105,1293,25,24,629,421,165,2661,166,23,1454],"class_list":["post-678601","post","type-post","status-publish","format-standard","has-post-thumbnail","category-salud","tag-alerta-sanitaria","tag-atencion-de-salud","tag-enfermedades","tag-es","tag-espana","tag-estados-unidos","tag-florida","tag-health","tag-internacionales","tag-salud","tag-spain","tag-vacunas"],"share_on_mastodon":{"url":"https:\/\/pubeurope.com\/@es\/116988460867122214","error":""},"_links":{"self":[{"href":"https:\/\/www.europesays.com\/es\/wp-json\/wp\/v2\/posts\/678601","targetHints":{"allow":["GET"]}}],"collection":[{"href":"https:\/\/www.europesays.com\/es\/wp-json\/wp\/v2\/posts"}],"about":[{"href":"https:\/\/www.europesays.com\/es\/wp-json\/wp\/v2\/types\/post"}],"author":[{"embeddable":true,"href":"https:\/\/www.europesays.com\/es\/wp-json\/wp\/v2\/users\/2"}],"replies":[{"embeddable":true,"href":"https:\/\/www.europesays.com\/es\/wp-json\/wp\/v2\/comments?post=678601"}],"version-history":[{"count":0,"href":"https:\/\/www.europesays.com\/es\/wp-json\/wp\/v2\/posts\/678601\/revisions"}],"wp:featuredmedia":[{"embeddable":true,"href":"https:\/\/www.europesays.com\/es\/wp-json\/wp\/v2\/media\/678602"}],"wp:attachment":[{"href":"https:\/\/www.europesays.com\/es\/wp-json\/wp\/v2\/media?parent=678601"}],"wp:term":[{"taxonomy":"category","embeddable":true,"href":"https:\/\/www.europesays.com\/es\/wp-json\/wp\/v2\/categories?post=678601"},{"taxonomy":"post_tag","embeddable":true,"href":"https:\/\/www.europesays.com\/es\/wp-json\/wp\/v2\/tags?post=678601"}],"curies":[{"name":"wp","href":"https:\/\/api.w.org\/{rel}","templated":true}]}}