{"id":678605,"date":"2026-07-26T21:44:16","date_gmt":"2026-07-26T21:44:16","guid":{"rendered":"https:\/\/www.europesays.com\/es\/678605\/"},"modified":"2026-07-26T21:44:16","modified_gmt":"2026-07-26T21:44:16","slug":"nuevos-detalles-de-final-fantasy-vii-revelation-trailer-de-la-trilogia-y-mas","status":"publish","type":"post","link":"https:\/\/www.europesays.com\/es\/678605\/","title":{"rendered":"Nuevos detalles de Final Fantasy VII Revelation, tr\u00e1iler de la trilog\u00eda y m\u00e1s"},"content":{"rendered":"<p>\u00a1Nos llegan novedades sobre la tercera entrega tras <a href=\"https:\/\/www.nintenderos.com\/nintendo-switch-2\/analisis-final-fantasy-vii-remake-intergrade-para-nintendo-switch-2\/\" rel=\"nofollow noopener\" target=\"_blank\">Final Fantasy VII Remake Intergrade<\/a>\u00a0y\u00a0<a href=\"https:\/\/www.nintenderos.com\/nintendo-switch-2\/analisis-final-fantasy-vii-rebirth-para-nintendo-switch-2\/\" rel=\"nofollow noopener\" target=\"_blank\">Final Fantasy VII Rebirth<\/a>! Ya sab\u00e9ris que se llamar\u00e1\u00a0<a href=\"https:\/\/www.nintenderos.com\/nintendo-switch-2\/final-fantasy-vii-revelation-anunciado-como-la-parte-3-del-remake-y-confirmado-para-nintendo-switch-2-de-lanzamiento\/\" rel=\"nofollow noopener\" target=\"_blank\">Final Fantasy VII Revelation<\/a><strong>\u00a0y se lanzar\u00e1 en Switch 2 de lanzamiento en la primavera de 2027<\/strong>.<\/p>\n<p>Tras su anuncio incial y tr\u00e1ilers, as\u00ed como las\u00a0<a href=\"https:\/\/www.nintenderos.com\/nintendo-switch-2\/primeras-capturas-de-pantalla-de-final-fantasy-vii-revelation-en-nintendo-switch-2-y-numerosos-nuevos-detalles\/\" rel=\"nofollow noopener\" target=\"_blank\">primeras capturas de la versi\u00f3n de Nintendo Switch 2<\/a>\u00a0y\u00a0<a href=\"https:\/\/www.nintenderos.com\/nintendo-switch-2\/toneladas-de-nuevos-detalles-de-final-fantasy-vii-revelation-mundo-exploracion-mapa-historia-personajes-combate-y-mucho-mas\/\" rel=\"nofollow noopener\" target=\"_blank\">toneladas de detalles<\/a> sobre el mundo, el mapa, el combate y m\u00e1s, ahora hemos conocido nuevos detalles de cara a su estreno:<\/p>\n<ul>\n<li data-section-id=\"1es5rqk\" data-start=\"0\" data-end=\"429\"><strong data-start=\"2\" data-end=\"75\" data-is-only-node=\"\">Yoshi-P considera que el mayor elogio que ha recibido Naoki Hamaguchi<\/strong> fue que los fans pidieran que dirigiera <strong data-start=\"116\" data-end=\"138\">Final Fantasy XVII<\/strong>.\n<ul data-start=\"142\" data-end=\"429\">\n<li data-section-id=\"1itjqlm\" data-start=\"142\" data-end=\"283\">\u00abVi muchas cosas en los comentarios, eran como: \u201cVale, lo entiendo, lo entiendo\u2026 Naoki Hamaguchi, no voy a pedir un remake del 6, 8 o 9\u201d.<\/li>\n<li data-section-id=\"1q19411\" data-start=\"286\" data-end=\"370\">Pero hab\u00eda comentarios del estilo: \u201cQuiero que este tipo haga Final Fantasy XVII\u201d.<\/li>\n<li data-section-id=\"5muml2\" data-start=\"373\" data-end=\"429\">Creo que ese es el mayor elogio que se puede recibir\u00bb.<\/li>\n<\/ul>\n<\/li>\n<li data-section-id=\"c6i9il\" data-start=\"431\" data-end=\"668\"><strong data-start=\"433\" data-end=\"478\" data-is-only-node=\"\">Detalles de Final Fantasy VII Revelation:<\/strong>\n<ul data-start=\"481\" data-end=\"668\">\n<li data-section-id=\"19agdfb\" data-start=\"481\" data-end=\"541\">Contar\u00e1 con el mundo m\u00e1s grande de la historia de la saga.<\/li>\n<li data-section-id=\"1gd6iq1\" data-start=\"544\" data-end=\"587\">Permitir\u00e1 explorar libremente el planeta.<\/li>\n<li data-section-id=\"1uowvys\" data-start=\"590\" data-end=\"668\">El sistema de combate ofrecer\u00e1 una mayor libertad y profundidad estrat\u00e9gica.<\/li>\n<\/ul>\n<\/li>\n<li data-section-id=\"5r3lw9\" data-start=\"670\" data-end=\"921\" data-is-last-node=\"\">Durante la <strong data-start=\"683\" data-end=\"717\">Final Fantasy XIV Fan Festival<\/strong>, Naoki Hamaguchi present\u00f3 un nuevo tr\u00e1iler de la serie <strong data-start=\"773\" data-end=\"801\">Final Fantasy VII Remake<\/strong>.\n<ul data-start=\"805\" data-end=\"921\" data-is-last-node=\"\">\n<li data-section-id=\"dp8ehh\" data-start=\"805\" data-end=\"921\" data-is-last-node=\"\">Tras la presentaci\u00f3n, Yoshi-P le felicit\u00f3: \u00abLa serie se ve incre\u00edble y has hecho un trabajo tan bueno al crearla\u00bb.<\/li>\n<\/ul>\n<\/li>\n<\/ul>\n<p>Os dejamos con el tr\u00e1iler en cuesti\u00f3n:<\/p>\n<p>            <a class=\"c-post-inline-related__card\" href=\"https:\/\/www.nintenderos.com\/nintendo-switch-2\/alucina-con-estas-15-capturas-de-pantalla-en-4k-de-xenoblade-genesis-en-nintendo-switch-2\/\" rel=\"related nofollow noopener\" target=\"_blank\"><\/p>\n<p>                <img decoding=\"async\" class=\"c-post-inline-related__thumb-img\" loading=\"lazy\" width=\"100\" height=\"100\" src=\"https:\/\/www.europesays.com\/es\/wp-content\/uploads\/2026\/07\/xenoblade-genesiss-0-160x160.jpg\" alt=\"Alucina con estas 15 capturas de pantalla en 4K de Xenoblade Genesis en Nintendo Switch 2\"\/><\/p>\n<p>            Alucina con estas 15 capturas de pantalla en 4K de Xenoblade Genesis en Nintendo Switch 2<br \/>\n        <\/a><br \/>\n            <a class=\"c-post-inline-related__card\" href=\"https:\/\/www.nintenderos.com\/nintendo-switch-2\/capcom-explica-por-que-han-tardado-tanto-en-crear-un-nuevo-juego-de-onimusha\/\" rel=\"related nofollow noopener\" target=\"_blank\"><\/p>\n<p>                <img decoding=\"async\" class=\"c-post-inline-related__thumb-img\" loading=\"lazy\" width=\"100\" height=\"100\" src=\"https:\/\/www.europesays.com\/es\/wp-content\/uploads\/2026\/07\/image-2_tIOXAtF-160x160.jpg\" alt=\"Capcom explica por qu\u00e9 han tardado tanto en crear un nuevo juego de Onimusha\"\/><\/p>\n<p>            Capcom explica por qu\u00e9 han tardado tanto en crear un nuevo juego de Onimusha<br \/>\n        <\/a><\/p>\n<blockquote class=\"twitter-tweet\">\n<p dir=\"ltr\" lang=\"en\">At Final Fantasy XIV Fan Fest, Naoki Hamaguchi shared a new Final Fantasy VII Remake Series Trailer!<\/p>\n<p>Yoshi-P to Naoki Hamaguchi after the trailer: \u00abThe series looks amazing and you\u2019ve done such a good job making it.\u00bb<\/p>\n<p>Source: <a href=\"https:\/\/x.com\/aitaikimochi?ref_src=twsrc%5Etfw\" class=\"external\" rel=\"nofollow\">@aitaikimochi<\/a><br \/><a href=\"https:\/\/t.co\/MKLK7tEdU4\" class=\"external\" rel=\"nofollow\">pic.twitter.com\/MKLK7tEdU4<\/a><\/p>\n<p>\u2014 Stealth (@Stealth40k) <a href=\"https:\/\/x.com\/Stealth40k\/status\/2081390129965322331?ref_src=twsrc%5Etfw\" class=\"external\" rel=\"nofollow\">July 26, 2026<\/a><\/p>\n<\/blockquote>\n<p>Recordad que hace poco nos lleg\u00f3 tambi\u00e9n\u00a0<a href=\"https:\/\/www.nintenderos.com\/nintendo-switch-2\/listan-todos-estos-dlc-para-final-fantasy-vii-revelation-incluyendo-una-expansion-de-la-historia\/\" rel=\"nofollow noopener\" target=\"_blank\">un rumor de DLC listados para el juego<\/a>.<\/p>\n<p>\u00bfQu\u00e9 pens\u00e1is vosotros de estas novedades confirmadas? No dud\u00e9is en dejarlo en los comentarios. Para terminar, tambi\u00e9n pod\u00e9is encontrar\u00a0<a href=\"https:\/\/www.nintenderos.com\/?s=Final+Fantasy\" rel=\"nofollow noopener\" target=\"_blank\">nuestra cobertura completa sobre Final Fantasy aqu\u00ed<\/a>.<\/p>\n<p><a class=\"external\" href=\"https:\/\/mynintendonews.com\/2026\/07\/25\/final-fantasy-vii-revelation-open-world-will-be-much-bigger-than-rebirth\/\" rel=\"nofollow noopener\" target=\"_blank\">Fuente<\/a>.<\/p>\n<p class=\"c-gfollow-inline__title\">M\u00e1rcanos como fuente en Google<\/p>\n<p class=\"c-gfollow-inline__sub\">Ent\u00e9rate de las \u00faltimas noticias y ofertas de Nintendo antes que nadie<\/p>\n<p>        S\u00edguenos en Google<\/p>\n<p>    <a class=\"c-post-author__avatar\" href=\"https:\/\/www.nintenderos.com\/author\/albertomilln\/\" rel=\"nofollow noopener\" target=\"_blank\"><br \/>\n        <img loading=\"lazy\" alt=\"\" src=\"https:\/\/www.europesays.com\/es\/wp-content\/uploads\/2026\/07\/1785064275_392_614af94849378-bpfull.png\"  class=\"avatar avatar-96 photo c-post-author__avatar-img\" height=\"96\" width=\"96\" decoding=\"async\"\/>    <\/a><\/p>\n<p>            <a href=\"https:\/\/www.nintenderos.com\/author\/albertomilln\/\" rel=\"nofollow noopener\" target=\"_blank\">Alberto Mill\u00e1n<\/a><\/p>\n<p class=\"c-post-author__charge\">Director<\/p>\n<p class=\"c-post-author__bio\">A\u00fan jugando a Breath of the Wild. Puedes seguirme en Twitter o Instagram en los iconos de arriba.<\/p>\n<p>    <script async src=\"https:\/\/platform.twitter.com\/widgets.js\" charset=\"utf-8\"><\/script><\/p>\n","protected":false},"excerpt":{"rendered":"\u00a1Nos llegan novedades sobre la tercera entrega tras Final Fantasy VII Remake Intergrade\u00a0y\u00a0Final Fantasy VII Rebirth! Ya sab\u00e9ris&hellip;\n","protected":false},"author":2,"featured_media":678606,"comment_status":"","ping_status":"","sticky":false,"template":"","format":"standard","meta":{"footnotes":""},"categories":[81],"tags":[119,123,124,25,24,111959,117,121,122,23,118,120,183,2338],"class_list":["post-678605","post","type-post","status-publish","format-standard","has-post-thumbnail","category-ciencia-y-tecnologia","tag-ciencia","tag-ciencia-y-tecnologia","tag-cienciaytecnologia","tag-es","tag-espana","tag-final-fantasy-vii-revelation","tag-science","tag-science-and-technology","tag-scienceandtechnology","tag-spain","tag-technology","tag-tecnologia","tag-trailer","tag-video"],"share_on_mastodon":{"url":"https:\/\/pubeurope.com\/@es\/116988469431924727","error":""},"_links":{"self":[{"href":"https:\/\/www.europesays.com\/es\/wp-json\/wp\/v2\/posts\/678605","targetHints":{"allow":["GET"]}}],"collection":[{"href":"https:\/\/www.europesays.com\/es\/wp-json\/wp\/v2\/posts"}],"about":[{"href":"https:\/\/www.europesays.com\/es\/wp-json\/wp\/v2\/types\/post"}],"author":[{"embeddable":true,"href":"https:\/\/www.europesays.com\/es\/wp-json\/wp\/v2\/users\/2"}],"replies":[{"embeddable":true,"href":"https:\/\/www.europesays.com\/es\/wp-json\/wp\/v2\/comments?post=678605"}],"version-history":[{"count":0,"href":"https:\/\/www.europesays.com\/es\/wp-json\/wp\/v2\/posts\/678605\/revisions"}],"wp:featuredmedia":[{"embeddable":true,"href":"https:\/\/www.europesays.com\/es\/wp-json\/wp\/v2\/media\/678606"}],"wp:attachment":[{"href":"https:\/\/www.europesays.com\/es\/wp-json\/wp\/v2\/media?parent=678605"}],"wp:term":[{"taxonomy":"category","embeddable":true,"href":"https:\/\/www.europesays.com\/es\/wp-json\/wp\/v2\/categories?post=678605"},{"taxonomy":"post_tag","embeddable":true,"href":"https:\/\/www.europesays.com\/es\/wp-json\/wp\/v2\/tags?post=678605"}],"curies":[{"name":"wp","href":"https:\/\/api.w.org\/{rel}","templated":true}]}}