{"id":67874,"date":"2025-08-23T23:44:10","date_gmt":"2025-08-23T23:44:10","guid":{"rendered":"https:\/\/www.europesays.com\/es\/67874\/"},"modified":"2025-08-23T23:44:10","modified_gmt":"2025-08-23T23:44:10","slug":"una-pionera-pieza-de-arte-urbano-baja-hasta-diez-grados-la-temperatura-del-suelo-de-viena","status":"publish","type":"post","link":"https:\/\/www.europesays.com\/es\/67874\/","title":{"rendered":"Una pionera pieza de arte urbano baja hasta diez grados la temperatura del suelo de Viena"},"content":{"rendered":"<p>Un proyecto en el que convergen arte urbano, ciencia y responsabilidad clim\u00e1tica, ha conseguido, mediante el uso de pinturas especiales biodegradables, <b>bajar hasta diez grados la temperatura del suelo de un patio vien\u00e9s.<\/b> Concebida como una posibilidad de adaptaci\u00f3n al aumento de las temperaturas, la creaci\u00f3n art\u00edstico-cient\u00edfica del grupo Holla Hoop, integrado por los artistas austr\u00edacos Kalo Paier, Jonas Griessler, y Philo Jobstl, recibe el nombre de \u00abCO2ntext\u00bb y se encuentra en el suelo del patio Hanuschhof, donde se ubica el Museo Heidi Horten y la sede de los Teatros Federales en la capital.<\/p>\n<p>\u201cEl verano pasado le\u00ed un art\u00edculo sobre un colectivo de tres j\u00f3venes artistas que transformaron una cancha de baloncesto con colores que absorben el calor y as\u00ed cambiaron el clima del lugar\u201d, explic\u00f3 en una entrevista a EFE la directora del Museo Heidi Horten, Agnes Husslein. La originalidad de esa obra empuj\u00f3 a la directora a contactar a sus autores, que<b> ahora han hecho realidad el dise\u00f1o del patio utilizando esta especial pintura,<\/b> reflectante de los rayos UV (ultravioleta).<\/p>\n<p>\u201cLo descubrimos en un proyecto donde pintamos dos canchas. Un a\u00f1o antes hab\u00edamos pedido muestras y las probamos. Pens\u00e1bamos que era una estrategia de marketing, que no funcionaba. Pero s\u00ed funcion\u00f3 muy bien, resisti\u00f3 al exterior\u201d, precis\u00f3 el grupo en una entrevista en l\u00ednea con EFE al respecto de los materiales. El pigmento utilizado por los artistas refleja la luz solar de forma mucho m\u00e1s eficaz que el asfalto tradicional, que absorbe hasta el 90 % y retiene el calor, por lo que el resultado ha sido un enfriamiento en el microclima del patio de cinco a diez grados, dependiendo de la claridad de los colores.<\/p>\n<p><b>Un m\u00e1s all\u00e1 de lo est\u00e9tico<\/b><\/p>\n<p>El colectivo tambi\u00e9n se volc\u00f3 en que el proyecto fuese m\u00e1s all\u00e1 de lo est\u00e9tico y lo visualmente atractivo, albergando en \u00e9l un simbolismo relacionado con la concienciaci\u00f3n clim\u00e1tica. La obra est\u00e1 compuesta por cuarenta formas de colores, unas al lado de las otras, representando cada una de ellas un a\u00f1o desde 1960 hasta el 2000, y dentro de las mismas hay peque\u00f1os puntos que simbolizan las miles de millones de toneladas de CO2<b>emitidas a la atm\u00f3sfera que se han ido acumulando a\u00f1o a a\u00f1o.<\/b><\/p>\n<p>\u201cHemos recibido diversas consultas sobre el proyecto, tanto a escala nacional como internacional. Creemos que esta t\u00e9cnica podr\u00eda funcionar tambi\u00e9n en otros lugares,\u201d, destac\u00f3 Hussein, quien afirm\u00f3 estar sirviendo de inspiraci\u00f3n para muchos otros. El proyecto cuenta con el apoyo de Hans-Peter Hutter, catedr\u00e1tico de la Facultad de Higiene Ambiental de la Universidad de Viena, quien lleva a\u00f1os investigando los efectos del cambio clim\u00e1tico en la salud p\u00fablica y aboga por reformas estructurales y una planificaci\u00f3n urbana sostenible para mitigar el impacto del calentamiento del planeta.<\/p>\n<p>\u201cProyectos como &#8216;CO2ntext&#8217;, que combinan estrategias de protecci\u00f3n y adaptaci\u00f3n clim\u00e1tica con creatividad e imaginaci\u00f3n, son incre\u00edblemente importantes. Sirven como ejemplos inspiradores de c\u00f3mo podemos abordar cuestiones dif\u00edciles con ligereza, sin negarlas ni suprimirlas\u201d, valor\u00f3 Hutter en un comunicado de prensa.<\/p>\n<p>&#8216;Holla Hoop&#8217; es un grupo de j\u00f3venes artistas emergentes que, desde 2021, desarrolla proyectos a gran escala principalmente en espacios deportivos, con el objetivo de transformar esos entornos en lugares m\u00e1s acogedores y sostenibles, integrando arte, funcionalidad y conciencia clim\u00e1tica en sus propuestas.<\/p>\n","protected":false},"excerpt":{"rendered":"Un proyecto en el que convergen arte urbano, ciencia y responsabilidad clim\u00e1tica, ha conseguido, mediante el uso de&hellip;\n","protected":false},"author":2,"featured_media":67875,"comment_status":"","ping_status":"","sticky":false,"template":"","format":"standard","meta":{"footnotes":""},"categories":[173],"tags":[229,233,231,230,232,234,146,147,25,24,23],"class_list":{"0":"post-67874","1":"post","2":"type-post","3":"status-publish","4":"format-standard","5":"has-post-thumbnail","7":"category-arte-y-diseno","8":"tag-arte","9":"tag-arte-y-diseno","10":"tag-arts","11":"tag-arts-and-design","12":"tag-design","13":"tag-diseno","14":"tag-entertainment","15":"tag-entretenimiento","16":"tag-es","17":"tag-espana","18":"tag-spain"},"share_on_mastodon":{"url":"","error":""},"_links":{"self":[{"href":"https:\/\/www.europesays.com\/es\/wp-json\/wp\/v2\/posts\/67874","targetHints":{"allow":["GET"]}}],"collection":[{"href":"https:\/\/www.europesays.com\/es\/wp-json\/wp\/v2\/posts"}],"about":[{"href":"https:\/\/www.europesays.com\/es\/wp-json\/wp\/v2\/types\/post"}],"author":[{"embeddable":true,"href":"https:\/\/www.europesays.com\/es\/wp-json\/wp\/v2\/users\/2"}],"replies":[{"embeddable":true,"href":"https:\/\/www.europesays.com\/es\/wp-json\/wp\/v2\/comments?post=67874"}],"version-history":[{"count":0,"href":"https:\/\/www.europesays.com\/es\/wp-json\/wp\/v2\/posts\/67874\/revisions"}],"wp:featuredmedia":[{"embeddable":true,"href":"https:\/\/www.europesays.com\/es\/wp-json\/wp\/v2\/media\/67875"}],"wp:attachment":[{"href":"https:\/\/www.europesays.com\/es\/wp-json\/wp\/v2\/media?parent=67874"}],"wp:term":[{"taxonomy":"category","embeddable":true,"href":"https:\/\/www.europesays.com\/es\/wp-json\/wp\/v2\/categories?post=67874"},{"taxonomy":"post_tag","embeddable":true,"href":"https:\/\/www.europesays.com\/es\/wp-json\/wp\/v2\/tags?post=67874"}],"curies":[{"name":"wp","href":"https:\/\/api.w.org\/{rel}","templated":true}]}}