{"id":679174,"date":"2026-07-27T07:02:18","date_gmt":"2026-07-27T07:02:18","guid":{"rendered":"https:\/\/www.europesays.com\/es\/679174\/"},"modified":"2026-07-27T07:02:18","modified_gmt":"2026-07-27T07:02:18","slug":"los-cuatro-supervivientes-del-nuevo-barca-de-basket","status":"publish","type":"post","link":"https:\/\/www.europesays.com\/es\/679174\/","title":{"rendered":"Los cuatro supervivientes del nuevo Bar\u00e7a de basket"},"content":{"rendered":"<p class=\"ft-text\">La marcha de<strong> Toko Shengelia <\/strong>es la \u00faltima que se espera en el Bar\u00e7a de basket. Como se llegaba avisando antes de acabar la temporada, el club azulgrana iba a realizar una renovaci\u00f3n total de la plantilla en verano, y vaya si lo ha hecho. Tan solo quedar\u00e1n cuatro nombres de la plantilla de este \u00faltimo curso, que ser\u00e1n los nuevos veteranos: <strong>Joel Parra, Kevin Punter, Dar\u00edo Brizuela y Juan N\u00fa\u00f1ez.<\/strong><\/p>\n<p class=\"ft-text\">Incluso hab\u00eda llegado a sonar la marcha de <strong>Joel Parra<\/strong> a otro equipo durante este mercado, pero tanto el jugador como el club<strong> frenaron los rumores con una renovaci\u00f3n hasta el a\u00f1o 2030<\/strong>. El catal\u00e1n ser\u00e1 el capit\u00e1n del equipo y una de las figuras clave del proyecto y de la plantilla. Pocos han quedado que conozcan el Palau Blaugrana e incluso competiciones como la Euroliga o la ACB. <\/p>\n<p><img decoding=\"async\" src=\"https:\/\/www.europesays.com\/es\/wp-content\/uploads\/2026\/07\/1785135738_600_efc8a403-4ed0-4cb2-adf9-a86b3d0c5013_alta-libre-aspect-ratio_default_0_x600y225.jpg\" width=\"1200\" height=\"675\" alt=\"Tornike Shengelia sigue sin tener claro su futuro en el Bar\u00e7a\" class=\"ft-helper-img-rd\" loading=\"lazy\" fetchpriority=\"auto\"\/><\/p>\n<p class=\"ft-helper-fontColor-quaternary ft-helper-fontSize-body-S ft-helper-spacer-t-xxs\">Tornike Shengelia abandona el Bar\u00e7a de basket  \/ ACB Photo &#8211; Judit Cartiel<\/p>\n<p class=\"ft-text\">El l\u00edder en la pista ser\u00e1 <strong>Kevin Punter.<\/strong> Tan solo queda \u00e9l de los m\u00e1ximos anotadores de esta \u00faltima temporada. Tras la marcha de Shengelia y Clyburn, <strong>el estadounidense disputar\u00e1 su tercer a\u00f1o en territorio blaugrana, siendo uno de los jugadores m\u00e1s queridos por parte de la afici\u00f3n. <\/strong>Y con m\u00e1s experiencia. El curso 2026\/2027 lo afrontar\u00e1 con 33 a\u00f1os de edad, convirti\u00e9ndose en uno de los m\u00e1s veteranos.<\/p>\n<p class=\"ft-text\">Dos espa\u00f1oles m\u00e1s seguir\u00e1n al bordo del Bar\u00e7a de basket. Tanto <strong>Dar\u00edo Brizuela como Juan N\u00fa\u00f1ez <\/strong>completan la corta lista de jugadores que no ser\u00e1n &#8216;rookies&#8217; a partir de septiembre. La &#8216;mamba vasca&#8217; seguir\u00e1 aportando desde el banquillo, siendo un revulsivo clave para las aspiraciones de la secci\u00f3n, y est\u00e1 previsto que <strong>el papel de N\u00fa\u00f1ez goce de mayor importancia despu\u00e9s de superar una dura lesi\u00f3n.<\/strong><\/p>\n<p><img decoding=\"async\" src=\"https:\/\/www.europesays.com\/es\/wp-content\/uploads\/2026\/07\/ad7f1f67-8d24-48e8-8b47-ad4205a8b685_alta-libre-aspect-ratio_default_0_x640y284.jpg\" width=\"1200\" height=\"800\" alt=\"Juan N\u00fa\u00f1ez ha ido mejorando su nivel en los \u00faltimos encuentros, y llegar\u00e1 en buena forma al play-off\" class=\"ft-helper-img-rd\" loading=\"lazy\" fetchpriority=\"auto\"\/><\/p>\n<p class=\"ft-helper-fontColor-quaternary ft-helper-fontSize-body-S ft-helper-spacer-t-xxs\">Juan N\u00fa\u00f1ez seguir\u00e1 en el Bar\u00e7a de basket  \/ FCB<\/p>\n<p class=\"ft-text\">Hasta el momento, el Bar\u00e7a de basket ha cerrado ocho fichajes para la pr\u00f3xima temporada:<strong> Olivier Nkamhoua, Justin Robinson, Josh Nebo, Umoja Gibson, Agust\u00edn Ubal, Stanley Umude, Olec Balcerowski y Tyrese Martin<\/strong>. Sin embargo, se esperan por lo menos diez en total, a\u00f1adiendo el <strong>Tosan Evbuomwan<\/strong>, a falta de oficialidad, y la necesidad de incorporar a un p\u00edvot titular.<\/p>\n<p>Renovaci\u00f3n a toda escala<\/p>\n<p class=\"ft-text\">Los cambios no solo se han dado en los jugadores que estar\u00e1n en pista, sino en todos los otros \u00e1mbitos de la secci\u00f3n. Para empezar,<strong> el Bar\u00e7a contar\u00e1 con un nuevo entrenador, Aleksander Sekulic,<\/strong> que deber\u00e1 crear un equipo con una gran cantidad de nombres nuevos que no se conocen entre s\u00ed. <strong>Algunos de ellos sin ni siquiera tener experiencia en el baloncesto europeo.<\/strong><\/p>\n<p class=\"ft-text\">Tambi\u00e9n hay cambios en la estructura de la secci\u00f3n, con<strong> Xevi Pujol<\/strong> como director deportivo, aunque todav\u00eda no se ha oficializado su salida de<strong> Baskonia. <\/strong>La idea del Bar\u00e7a es la de contar con una plantilla m\u00e1s larga que la del a\u00f1o pasado, lo que har\u00e1 que se alcancen los diez fichajes durante este verano, una situaci\u00f3n que jam\u00e1s se hab\u00eda vivido en la <strong>Ciudad Condal. <\/strong><\/p>\n","protected":false},"excerpt":{"rendered":"La marcha de Toko Shengelia es la \u00faltima que se espera en el Bar\u00e7a de basket. Como se&hellip;\n","protected":false},"author":2,"featured_media":679175,"comment_status":"","ping_status":"","sticky":false,"template":"","format":"standard","meta":{"footnotes":""},"categories":[269],"tags":[299,2296,298,33035,168,25,24,33345,18305,23,167,122775],"class_list":["post-679174","post","type-post","status-publish","format-standard","has-post-thumbnail","category-baloncesto","tag-baloncesto","tag-barca","tag-basketball","tag-dario-brizuela","tag-deportes","tag-es","tag-espana","tag-joel-parra","tag-kevin-punter","tag-spain","tag-sports","tag-toko-shengelia"],"share_on_mastodon":{"url":"https:\/\/pubeurope.com\/@es\/116990663892701631","error":""},"_links":{"self":[{"href":"https:\/\/www.europesays.com\/es\/wp-json\/wp\/v2\/posts\/679174","targetHints":{"allow":["GET"]}}],"collection":[{"href":"https:\/\/www.europesays.com\/es\/wp-json\/wp\/v2\/posts"}],"about":[{"href":"https:\/\/www.europesays.com\/es\/wp-json\/wp\/v2\/types\/post"}],"author":[{"embeddable":true,"href":"https:\/\/www.europesays.com\/es\/wp-json\/wp\/v2\/users\/2"}],"replies":[{"embeddable":true,"href":"https:\/\/www.europesays.com\/es\/wp-json\/wp\/v2\/comments?post=679174"}],"version-history":[{"count":0,"href":"https:\/\/www.europesays.com\/es\/wp-json\/wp\/v2\/posts\/679174\/revisions"}],"wp:featuredmedia":[{"embeddable":true,"href":"https:\/\/www.europesays.com\/es\/wp-json\/wp\/v2\/media\/679175"}],"wp:attachment":[{"href":"https:\/\/www.europesays.com\/es\/wp-json\/wp\/v2\/media?parent=679174"}],"wp:term":[{"taxonomy":"category","embeddable":true,"href":"https:\/\/www.europesays.com\/es\/wp-json\/wp\/v2\/categories?post=679174"},{"taxonomy":"post_tag","embeddable":true,"href":"https:\/\/www.europesays.com\/es\/wp-json\/wp\/v2\/tags?post=679174"}],"curies":[{"name":"wp","href":"https:\/\/api.w.org\/{rel}","templated":true}]}}