{"id":680114,"date":"2026-07-27T18:39:11","date_gmt":"2026-07-27T18:39:11","guid":{"rendered":"https:\/\/www.europesays.com\/es\/680114\/"},"modified":"2026-07-27T18:39:11","modified_gmt":"2026-07-27T18:39:11","slug":"suspenden-durante-ocho-anos-a-una-ginecologa-del-chuo-por-insultar-y-humillar-a-pacientes-y-companeros-me-importa-una-mierda-como-te-llames-la-voz-de-galicia","status":"publish","type":"post","link":"https:\/\/www.europesays.com\/es\/680114\/","title":{"rendered":"Suspenden durante ocho a\u00f1os a una ginec\u00f3loga del CHUO por insultar y humillar a pacientes y compa\u00f1eros: \u00abMe importa una mierda como te llames\u00bb &#8211; La Voz de Galicia"},"content":{"rendered":"<ol>\n<li><a href=\"https:\/\/news.google.com\/rss\/articles\/CBMisgJBVV95cUxPSC01azk2aldrbGNLdWVSMm9Kelp0TlYwQkxNRFJiU09kQzh5bHUwb3d3bkFOamxIRUVTcFhfMUdwX0tGZFZmczNqaXJQbU1remRyYkxsZTdsajZzVGRUV25acDVhSU8ta1ZSOHdnQlpQVDkyM3ZSLWN0eEFQcVI3TWR4bGlZVGhWMlFlX1RTV1hvbUdFNGZfN0dpQTJTSzc5ZjNGRkVCZ0lsVE1tbDlpY1pVdU04cFpMVGNJSFRYYy1pdEhnUTVXazY1OTZJRXhYdElERnM5alJvdWlfTkxzUG50b2o3TXZZOVVBQUhLR1daV0J3aDhQNUVNdl8tTTNXS0FhQnRIaTFCeEhxZTk2UlVDTTZDVDI4TnBRV0wzU3JkcEozelRSWHEtNFk5dVNQTVE?oc=5\" target=\"_blank\" rel=\"nofollow noopener\">Suspenden durante ocho a\u00f1os a una ginec\u00f3loga del CHUO por insultar y humillar a pacientes y compa\u00f1eros: \u00abMe importa una mierda como te llames\u00bb<\/a>&nbsp;&nbsp;La Voz de Galicia<\/li>\n<li><a href=\"https:\/\/news.google.com\/rss\/articles\/CBMisgFBVV95cUxOYVo0SFNGYnlhdV91M3BRTFV4QUYtYzlqOGlMN20wLW4tVlpMTVFQRHR0Ump4MmpJRW1OUFFDMDd5NmRMWDJFckhBeWNQZUxRTnpBZ0M0eEVmVGR4cEtKcDhfY0dndlJkdzlZV3dyLUxJYkpnRlp3NFZZdUhDZkZRbk9wTXNOZHJrRy1iaWdZbFJtWXdaNTgyWm56Z0xVWkR4S3NZcUVsdzhIWTUydnlDanVB?oc=5\" target=\"_blank\" rel=\"nofollow noopener\">Una ginec\u00f3loga del CHUO, suspendida ocho a\u00f1os por humillar a sus compa\u00f1eras y tratar mal a las pacientes: \u201c\u00bfUsted est\u00e1 bien de la cabeza?\u201d<\/a>&nbsp;&nbsp;La Regi\u00f3n<\/li>\n<li><a href=\"https:\/\/news.google.com\/rss\/articles\/CBMi6gFBVV95cUxPMVpjcHRXaDdDMGJIYl9sWGJvVHVJSzdHdUtadEVPNjZDNThZcktyTDA2UklQQ21zc1NRVGMycUdvRlEzWUJ2RTliemxscE5GWTRDOHk3VV93SVR6NGdlNXh6cUpGVXlFRHNFdHp6SzBaRTJCOHhrQVhVblN3SnBmSnE1MnhQOUhkb2RrbUt6N0k0bmFuT2RXNlJ5cXp5MWtmOHRaODlUSGQ4R1pLbExuNVgyVS03VXFnalFRU2JNYjJJQzlRVWRnRnZzRnIxbW8zWnBUem1ZUzB1a1VNTkJSbGJXbGYtSy03WkE?oc=5\" target=\"_blank\" rel=\"nofollow noopener\">Suspenden 8 a\u00f1os a una ginec\u00f3loga del CHUO por humillar e insultar a compa\u00f1eras y pacientes: Hubo 34 reclamaciones<\/a>&nbsp;&nbsp;Europa Press<\/li>\n<\/ol>\n","protected":false},"excerpt":{"rendered":"Suspenden durante ocho a\u00f1os a una ginec\u00f3loga del CHUO por insultar y humillar a pacientes y compa\u00f1eros: \u00abMe&hellip;\n","protected":false},"author":2,"featured_media":680115,"comment_status":"","ping_status":"","sticky":false,"template":"","format":"standard","meta":{"footnotes":""},"categories":[8],"tags":[17,18,29235,25,24,13,14,11,19,20,9,10,15,16,7787,23,12,21,22],"class_list":["post-680114","post","type-post","status-publish","format-standard","has-post-thumbnail","category-espana","tag-breaking-news","tag-breakingnews","tag-chuo","tag-es","tag-espana","tag-featured-news","tag-featurednews","tag-headlines","tag-latest-news","tag-latestnews","tag-news","tag-noticias","tag-noticias-destacadas","tag-noticiasdestacadas","tag-ourense-ciudad","tag-spain","tag-titulares","tag-ultimas-noticias","tag-ultimasnoticias"],"share_on_mastodon":{"url":"https:\/\/pubeurope.com\/@es\/116993403709852678","error":""},"_links":{"self":[{"href":"https:\/\/www.europesays.com\/es\/wp-json\/wp\/v2\/posts\/680114","targetHints":{"allow":["GET"]}}],"collection":[{"href":"https:\/\/www.europesays.com\/es\/wp-json\/wp\/v2\/posts"}],"about":[{"href":"https:\/\/www.europesays.com\/es\/wp-json\/wp\/v2\/types\/post"}],"author":[{"embeddable":true,"href":"https:\/\/www.europesays.com\/es\/wp-json\/wp\/v2\/users\/2"}],"replies":[{"embeddable":true,"href":"https:\/\/www.europesays.com\/es\/wp-json\/wp\/v2\/comments?post=680114"}],"version-history":[{"count":0,"href":"https:\/\/www.europesays.com\/es\/wp-json\/wp\/v2\/posts\/680114\/revisions"}],"wp:featuredmedia":[{"embeddable":true,"href":"https:\/\/www.europesays.com\/es\/wp-json\/wp\/v2\/media\/680115"}],"wp:attachment":[{"href":"https:\/\/www.europesays.com\/es\/wp-json\/wp\/v2\/media?parent=680114"}],"wp:term":[{"taxonomy":"category","embeddable":true,"href":"https:\/\/www.europesays.com\/es\/wp-json\/wp\/v2\/categories?post=680114"},{"taxonomy":"post_tag","embeddable":true,"href":"https:\/\/www.europesays.com\/es\/wp-json\/wp\/v2\/tags?post=680114"}],"curies":[{"name":"wp","href":"https:\/\/api.w.org\/{rel}","templated":true}]}}