{"id":680585,"date":"2026-07-28T00:32:14","date_gmt":"2026-07-28T00:32:14","guid":{"rendered":"https:\/\/www.europesays.com\/es\/680585\/"},"modified":"2026-07-28T00:32:14","modified_gmt":"2026-07-28T00:32:14","slug":"grabadas-por-primera-vez-dos-osas-con-seis-cachorros-en-el-valle-de-aran-noticias-de-cataluna","status":"publish","type":"post","link":"https:\/\/www.europesays.com\/es\/680585\/","title":{"rendered":"Grabadas por primera vez dos osas con seis cachorros en el Valle de Ar\u00e1n | Noticias de Catalu\u00f1a"},"content":{"rendered":"<p class=\"\"><a href=\"https:\/\/elpais.com\/espana\/catalunya\/2023-08-25\/graban-una-osa-comiendo-arandanos-con-sus-oseznos-en-el-pirineo.html\" target=\"_self\" rel=\"nofollow noopener\" title=\"https:\/\/elpais.com\/espana\/catalunya\/2023-08-25\/graban-una-osa-comiendo-arandanos-con-sus-oseznos-en-el-pirineo.html\">La entidad ecologista Depana (Liga para la defensa del patrimonio natural) ha grabado en el Valle de Ar\u00e1n (Lleida) a dos osas acompa\u00f1adas de tres cachorros <\/a>cada una, una situaci\u00f3n in\u00e9dita en el Pirineo. El material ha permitido documentar el comportamiento de dos grupos familiares durante una de las etapas m\u00e1s sensibles de su ciclo vital. Se han logrado im\u00e1genes de gran valor sobre la vida cotidiana de esa especie en peligro de extinci\u00f3n y que muestran aspectos relevantes de su biolog\u00eda, los h\u00e1bitos de alimentaci\u00f3n, las interacciones entre las cr\u00edas y la madre, el comportamiento frente a otras especies y diferentes momentos de la actividad diaria.<\/p>\n<p class=\"\">El seguimiento de las dos osas con sus cachorros se llev\u00f3 a cabo durante los meses de mayo y junio. Una de las hembras pudo ser monitorizada durante 28 d\u00edas consecutivos. A principios de junio, este grupo familiar perdi\u00f3 a uno de los tres cachorros, el m\u00e1s peque\u00f1o de la camada. Est\u00e1 por determinarse si el animal sufr\u00eda de una enfermedad o tuvo un accidente, tampoco se descarta un posible episodio de infanticidio por parte de un macho.<\/p>\n<p class=\"\">La segunda osa y sus cachorros fueron localizados en cinco ocasiones y, hasta el final del per\u00edodo de seguimiento, el grupo familiar se mantuvo completo. En conjunto, durante la campa\u00f1a de seguimiento primaveral se monitorizaron un total de 12 ejemplares distintos de oso pardo en la zona. Estas observaciones son fruto de las tareas de seguimiento y vigilancia que coordina Marc Alonso, experto de Depana y referente en la conservaci\u00f3n del esa especie en el Pirineo.<\/p>\n<p class=\"\">El monitoreo forma parte de un programa m\u00e1s amplio de conservaci\u00f3n, seguimiento cient\u00edfico y sensibilizaci\u00f3n que tiene como objetivo favorecerla coexistencia entre el oso pardo y las actividades humanas en la zona. Seg\u00fan los \u00faltimos datos del Grupo de Seguimiento Transfronterizo del oso pardo (GSTOP), hechos p\u00fablicos en marzo por la Generalitat, durante el 2025 se identificaron 54 ejemplares de oso pardo en el Pirineo catal\u00e1n y 108 en el conjunto del Pirineo, la cifra m\u00e1s elevada registrada hasta ahora.<\/p>\n<p class=\"\"><a href=\"https:\/\/elpais.com\/espana\/catalunya\/2025-08-09\/por-las-laderas-donde-habita-el-oso-del-vall-de-aran.html\" target=\"_self\" rel=\"nofollow noopener\" title=\"https:\/\/elpais.com\/espana\/catalunya\/2025-08-09\/por-las-laderas-donde-habita-el-oso-del-vall-de-aran.html\">Los datos confirman, seg\u00fan Depana, la tendencia positiva de recuperaci\u00f3n de la poblaci\u00f3n despu\u00e9s de d\u00e9cadas de trabajo<\/a> conjunto entre administraciones, equipos t\u00e9cnicos y entidades conservacionistas. El oso pardo est\u00e1 catalogado como especie en peligro de extinci\u00f3n en el Pirineo y es objeto de protecci\u00f3n prioritaria, seg\u00fan la normativa europea. A pesar de la recuperaci\u00f3n de la poblaci\u00f3n, la especie sigue siendo vulnerable y requiere un seguimiento cient\u00edfico riguroso, as\u00ed como la consolidaci\u00f3n de medidas que favorezcan la convivencia con la ganader\u00eda y el resto de actividades humanas.<\/p>\n","protected":false},"excerpt":{"rendered":"La entidad ecologista Depana (Liga para la defensa del patrimonio natural) ha grabado en el Valle de Ar\u00e1n&hellip;\n","protected":false},"author":2,"featured_media":680586,"comment_status":"","ping_status":"","sticky":false,"template":"","format":"standard","meta":{"footnotes":""},"categories":[8],"tags":[3685,17,18,1980,25,24,13,14,11,19,20,9,10,15,16,19330,23,12,21,22,123475],"class_list":["post-680585","post","type-post","status-publish","format-standard","has-post-thumbnail","category-espana","tag-animales","tag-breaking-news","tag-breakingnews","tag-cataluna","tag-es","tag-espana","tag-featured-news","tag-featurednews","tag-headlines","tag-latest-news","tag-latestnews","tag-news","tag-noticias","tag-noticias-destacadas","tag-noticiasdestacadas","tag-osos","tag-spain","tag-titulares","tag-ultimas-noticias","tag-ultimasnoticias","tag-valle-de-arana"],"share_on_mastodon":{"url":"","error":""},"_links":{"self":[{"href":"https:\/\/www.europesays.com\/es\/wp-json\/wp\/v2\/posts\/680585","targetHints":{"allow":["GET"]}}],"collection":[{"href":"https:\/\/www.europesays.com\/es\/wp-json\/wp\/v2\/posts"}],"about":[{"href":"https:\/\/www.europesays.com\/es\/wp-json\/wp\/v2\/types\/post"}],"author":[{"embeddable":true,"href":"https:\/\/www.europesays.com\/es\/wp-json\/wp\/v2\/users\/2"}],"replies":[{"embeddable":true,"href":"https:\/\/www.europesays.com\/es\/wp-json\/wp\/v2\/comments?post=680585"}],"version-history":[{"count":0,"href":"https:\/\/www.europesays.com\/es\/wp-json\/wp\/v2\/posts\/680585\/revisions"}],"wp:featuredmedia":[{"embeddable":true,"href":"https:\/\/www.europesays.com\/es\/wp-json\/wp\/v2\/media\/680586"}],"wp:attachment":[{"href":"https:\/\/www.europesays.com\/es\/wp-json\/wp\/v2\/media?parent=680585"}],"wp:term":[{"taxonomy":"category","embeddable":true,"href":"https:\/\/www.europesays.com\/es\/wp-json\/wp\/v2\/categories?post=680585"},{"taxonomy":"post_tag","embeddable":true,"href":"https:\/\/www.europesays.com\/es\/wp-json\/wp\/v2\/tags?post=680585"}],"curies":[{"name":"wp","href":"https:\/\/api.w.org\/{rel}","templated":true}]}}