{"id":680643,"date":"2026-07-28T01:19:21","date_gmt":"2026-07-28T01:19:21","guid":{"rendered":"https:\/\/www.europesays.com\/es\/680643\/"},"modified":"2026-07-28T01:19:21","modified_gmt":"2026-07-28T01:19:21","slug":"yolanda-diaz-reformara-el-despido-para-blindar-a-los-trabajadores-que-denuncien-casos-de-corrupcion-la-voz-de-galicia","status":"publish","type":"post","link":"https:\/\/www.europesays.com\/es\/680643\/","title":{"rendered":"Yolanda D\u00edaz reformar\u00e1 el despido para blindar a los trabajadores que denuncien casos de corrupci\u00f3n &#8211; La Voz de Galicia"},"content":{"rendered":"<ol>\n<li><a href=\"https:\/\/news.google.com\/rss\/articles\/CBMi6AFBVV95cUxNYkF6dzFCVVFvYXc0MFBONjRKWGYyalBCWW9MQ0hwNE9sWTc5cVVXRkxJX3VqSmJ4cW9CZkJHN1dYMXN4allOVGtOSkNESVVhakVkTWEtOUxfaEw5TGhISjN1MEZSaGRNZ2JZeEllcW1UdFFPQTdOMHZ0VUNtQmplanZ1NmZXRjMwRUUxNEVfNmh6MTJUUXJYR200ek5wdURIZXJ2bHB6WGkwZjdENWNSNnRvYzRNZ3Z1NElqVlhiamswbG5qRUh3ZTEwaTVWMnZoc3BiYWp5S0thOHpWTktLelg4NDg4YkdH0gGEAkFVX3lxTFBtNHdYTlRpRDZreWFPaUk3bkRTeFVoRzdzM2l0akFncTIxbzFOM2xuLXpyQm5CN3c1cFBPckdSTlYyQTRIQkVKU056Qnd3eUdOWmEtYk1ndG93NWk3eWljR1psaW1iZnEtTm41SVQtWk5GdFBCR2pVWXNIWm1IR2J5dFZ5MVdZbHlZQkU1SVM3ZXQ1VnpiYXdjcWFQWE1RLWRqQzVHd3VVOG9feUxaLXZkZzBRcUxDT0hBc0lsTVdHWXBnWFptM2M5TXMzWEI5TjZtei1CNG9CZllnbTlKZVlYbmdHd2E2OEFyOWtDRk9JRHM0S0JSMzVTZVRXN210NzVBYmpY?oc=5\" target=\"_blank\" rel=\"nofollow noopener\">Yolanda D\u00edaz reformar\u00e1 el despido para blindar a los trabajadores que denuncien casos de corrupci\u00f3n<\/a>&nbsp;&nbsp;La Voz de Galicia<\/li>\n<li><a href=\"https:\/\/news.google.com\/rss\/articles\/CBMi8gFBVV95cUxOMGZQejVzMWl4OGZJQlFNOVg2ZDdvTW5vbVRzS2w4TVNvMnpsUTFBVUtFTHN4YjREc01lTmZZV3RuSjByTHJwOGlLVXRhblB4UmhzanRsU1NJNUYxTC1laUd6UW43NGstZ1Q3ZXRHcU1EODNWWnZJbm5HNXpEc2x6Sk11SWRYb3RtM095RnNzZDZiWHdrNWtiVy16RlR3ZTJ3a0tnSGVWV1RSRHU2Tk9DQ2RqNlpiWEpqSVpuMVVDXzNRREZvTjVlVGlPbjczemYxNzc1UjNYRHgyaWxJaHp1Q0ZHdGtQWjdTYVRLd0diTVVSdw?oc=5\" target=\"_blank\" rel=\"nofollow noopener\">Trabajo ultima una ley que declarar\u00e1 nulo el despido de los trabajadores que denuncien a sus empresas por corrupci\u00f3n<\/a>&nbsp;&nbsp;EL PA\u00cdS<\/li>\n<li><a href=\"https:\/\/news.google.com\/rss\/articles\/CBMifEFVX3lxTE9ibXNWWVJXT0dROHRQV1AzR3o4bk1zd2NiMkE5UjNIUWQxYzNPTGI2Nk1oWmRNNlZwNkFtb0lfcEh3X1RpQXlxYmdzYWtKbHNoSHZ2NjRJMFBKeWRBLUF3NmZVQi1wZC13ZWs4WXpLcHZ3LW1ibmIwU24wZUnSAXxBVV95cUxOVTZYVmRENFJDRGVaUXBpdExDX2FURmwyQlFDWGV6TzlfWWt2aUlCcjdabEJkbDhaNk5feHlLYWpkZU1qZWRJVDdKWTNqTFJDRkJZdlJLZUNob0FjeUdaRXJyUElMZzEwZ1loQUxnblBsbC0xMWoyOFBlbjJD?oc=5\" target=\"_blank\" rel=\"nofollow noopener\">D\u00edaz relanza su agenda tras el fiasco del control horario y blinda a los trabajadores que denuncien corrupci\u00f3n en las empresas<\/a>&nbsp;&nbsp;El Mundo<\/li>\n<li><a href=\"https:\/\/news.google.com\/rss\/articles\/CBMiwAFBVV95cUxOSTJfc0RUZnJma2U2WXlXbHdFRjQySDdOZ25uQ0s3VzE2TkRHV2hKYmY1cmxmYTRtZ1JJVGctZjlESmhQOGFfT1h3YUtfcVUtNHRpQm51N29YSkVMMmdpZTU4VVhhYThXVVFUX2JEbkNWNUxUY2piUjkwYnZCRXB0LXhvMU50Y0w1bEF2bDNUVUYzWjJ1d3JDM1AtQURGU3JWa0owd1l3ZEx0SFAtN3poU19LcGRtT19HRk9ETjRFRHc?oc=5\" target=\"_blank\" rel=\"nofollow noopener\">El Gobierno prohibir\u00e1 por ley el despido de los trabajadores que denuncien casos de corrupci\u00f3n<\/a>&nbsp;&nbsp;RTVE.es<\/li>\n<li><a href=\"https:\/\/news.google.com\/rss\/articles\/CBMi-wFBVV95cUxQSVA5UUFPRUZXM0MwMXJCR1ZvM3RrMUhyU2lLRkUtdFFGTllkSkZVSS1rUXRYT1VLcUk4YUlYQzdHdmF1dW5RN2xBM2FpTFhlRFlSdUlzLXdVY2lzUlozNFA0dDF6YmJhVEtTQVZuZE1oSXl4a1NPLW5oTzNEZ05UcHp1ZDItSkpvazVpcG9oYmtoNWN1cWFWUnFURjZQQVg0dEdvd3laSTNrREhYUXA2TnJUenlkRHBEOUZvclpqQTZfZE5hSDhOc2kxdUo3V1JLYk5aMHE0WkVQdWVnVVpXZ1VySzJ2WUdkWUxOdzFYbGRrMXBRalJ1eFpIOA?oc=5\" target=\"_blank\" rel=\"nofollow noopener\">Trabajo &#8216;blindar\u00e1&#8217; ante despidos y represalias a los denunciantes de casos de corrupci\u00f3n y a sus familias<\/a>&nbsp;&nbsp;El Economista<\/li>\n<\/ol>\n","protected":false},"excerpt":{"rendered":"Yolanda D\u00edaz reformar\u00e1 el despido para blindar a los trabajadores que denuncien casos de corrupci\u00f3n&nbsp;&nbsp;La Voz de Galicia&hellip;\n","protected":false},"author":2,"featured_media":680644,"comment_status":"","ping_status":"","sticky":false,"template":"","format":"standard","meta":{"footnotes":""},"categories":[5],"tags":[17,18,12493,767,5509,25,24,13,14,11,19,20,9,10,15,16,23,12,21,22,4454],"class_list":["post-680643","post","type-post","status-publish","format-standard","has-post-thumbnail","category-titulares","tag-breaking-news","tag-breakingnews","tag-consejo-de-ministros","tag-corrupcion","tag-empleo","tag-es","tag-espana","tag-featured-news","tag-featurednews","tag-headlines","tag-latest-news","tag-latestnews","tag-news","tag-noticias","tag-noticias-destacadas","tag-noticiasdestacadas","tag-spain","tag-titulares","tag-ultimas-noticias","tag-ultimasnoticias","tag-yolanda-diaz"],"share_on_mastodon":{"url":"https:\/\/pubeurope.com\/@es\/116994976405021655","error":""},"_links":{"self":[{"href":"https:\/\/www.europesays.com\/es\/wp-json\/wp\/v2\/posts\/680643","targetHints":{"allow":["GET"]}}],"collection":[{"href":"https:\/\/www.europesays.com\/es\/wp-json\/wp\/v2\/posts"}],"about":[{"href":"https:\/\/www.europesays.com\/es\/wp-json\/wp\/v2\/types\/post"}],"author":[{"embeddable":true,"href":"https:\/\/www.europesays.com\/es\/wp-json\/wp\/v2\/users\/2"}],"replies":[{"embeddable":true,"href":"https:\/\/www.europesays.com\/es\/wp-json\/wp\/v2\/comments?post=680643"}],"version-history":[{"count":0,"href":"https:\/\/www.europesays.com\/es\/wp-json\/wp\/v2\/posts\/680643\/revisions"}],"wp:featuredmedia":[{"embeddable":true,"href":"https:\/\/www.europesays.com\/es\/wp-json\/wp\/v2\/media\/680644"}],"wp:attachment":[{"href":"https:\/\/www.europesays.com\/es\/wp-json\/wp\/v2\/media?parent=680643"}],"wp:term":[{"taxonomy":"category","embeddable":true,"href":"https:\/\/www.europesays.com\/es\/wp-json\/wp\/v2\/categories?post=680643"},{"taxonomy":"post_tag","embeddable":true,"href":"https:\/\/www.europesays.com\/es\/wp-json\/wp\/v2\/tags?post=680643"}],"curies":[{"name":"wp","href":"https:\/\/api.w.org\/{rel}","templated":true}]}}