{"id":68073,"date":"2025-08-24T01:52:10","date_gmt":"2025-08-24T01:52:10","guid":{"rendered":"https:\/\/www.europesays.com\/es\/68073\/"},"modified":"2025-08-24T01:52:10","modified_gmt":"2025-08-24T01:52:10","slug":"el-logrono-sale-con-muchas-dudas-de-eguia","status":"publish","type":"post","link":"https:\/\/www.europesays.com\/es\/68073\/","title":{"rendered":"El Logro\u00f1o sale con muchas dudas de Egu\u00eda"},"content":{"rendered":"<p>El Torneo de Egu\u00eda ha dejado muchos deberes por hacer al Ciudad de Logro\u00f1o. El coladero de la primera parte ante el Limoges en la  &#8230; semifinal, al menos no se repiti\u00f3 ante el Cesson-Rennes, pero el choque dej\u00f3 tambi\u00e9n bastantes incertidumbres que Miguel \u00c1ngel Velasco deber\u00e1 resolver en las pr\u00f3ximas semanas. El cuadro capitalino perdi\u00f3 por 25-31 y dej\u00f3 muchas dudas en las dos partes de la cancha.<\/p>\n<p class=\"v-p\">El inicio fue un espejismo de lo que despu\u00e9s fue el encuentro porque la apertura del duelo permiti\u00f3 ver a un cuadro franjivino m\u00e1s s\u00f3lido en defensa y, aunque en ataque le faltaba continuidad, consegu\u00eda combinar con los pivotes en sus mejores acciones ante un rival que tambi\u00e9n intentaba ponerse serio atr\u00e1s. Eran los franceses los que ten\u00edan mas regularidad frente a un conjunto logro\u00f1\u00e9s que pese a llevar la iniciativa acumulaba demasiados errores en lanzamientos aparentemente sencillos y p\u00e9rdidas infantiles. <\/p>\n<p class=\"v-p\">As\u00ed se mantuvo el duelo hasta el 11-10, pero entonces el Logro\u00f1o perdi\u00f3 tambi\u00e9n la dureza defensiva ante un Cesson-Rennes que combinaba con facilidad y encontraba las grietas en el d\u00e9bil muro franjivino, Los de Velasco, adem\u00e1s, se bloqueaban en ataque y recibieron un duro parcial final para irse al descanso con un preocupante 12-18.<\/p>\n<p class=\"v-p\">De nuevo tras la reanudaci\u00f3n se vio un amago de reacci\u00f3n que no llev\u00f3 a nada por la inconsistencia de los franjivino. Se repitieron los mismos errores de la primera mitad y el Cesson-Rennes volvi\u00f3 a sacar ventaja de sus transiciones bien llevadas y sin excesiva oposici\u00f3n para elevar su renta hasta los nueve goles en varias ocasiones. Al Logro\u00f1o le falt\u00f3 energ\u00eda para dar respuesta y el partido se dej\u00f3 ir entre la pobre imagen y las dudas por resolver de los de Velasco tras este torneo.<\/p>\n","protected":false},"excerpt":{"rendered":"El Torneo de Egu\u00eda ha dejado muchos deberes por hacer al Ciudad de Logro\u00f1o. El coladero de la&hellip;\n","protected":false},"author":2,"featured_media":68074,"comment_status":"","ping_status":"","sticky":false,"template":"","format":"standard","meta":{"footnotes":""},"categories":[278],"tags":[376,168,985,26310,25,24,375,6173,5150,23,167],"class_list":["post-68073","post","type-post","status-publish","format-standard","has-post-thumbnail","category-balonmano","tag-balonmano","tag-deportes","tag-dudas","tag-eguia","tag-es","tag-espana","tag-handball","tag-logrono","tag-sale","tag-spain","tag-sports"],"share_on_mastodon":{"url":"","error":""},"_links":{"self":[{"href":"https:\/\/www.europesays.com\/es\/wp-json\/wp\/v2\/posts\/68073","targetHints":{"allow":["GET"]}}],"collection":[{"href":"https:\/\/www.europesays.com\/es\/wp-json\/wp\/v2\/posts"}],"about":[{"href":"https:\/\/www.europesays.com\/es\/wp-json\/wp\/v2\/types\/post"}],"author":[{"embeddable":true,"href":"https:\/\/www.europesays.com\/es\/wp-json\/wp\/v2\/users\/2"}],"replies":[{"embeddable":true,"href":"https:\/\/www.europesays.com\/es\/wp-json\/wp\/v2\/comments?post=68073"}],"version-history":[{"count":0,"href":"https:\/\/www.europesays.com\/es\/wp-json\/wp\/v2\/posts\/68073\/revisions"}],"wp:featuredmedia":[{"embeddable":true,"href":"https:\/\/www.europesays.com\/es\/wp-json\/wp\/v2\/media\/68074"}],"wp:attachment":[{"href":"https:\/\/www.europesays.com\/es\/wp-json\/wp\/v2\/media?parent=68073"}],"wp:term":[{"taxonomy":"category","embeddable":true,"href":"https:\/\/www.europesays.com\/es\/wp-json\/wp\/v2\/categories?post=68073"},{"taxonomy":"post_tag","embeddable":true,"href":"https:\/\/www.europesays.com\/es\/wp-json\/wp\/v2\/tags?post=68073"}],"curies":[{"name":"wp","href":"https:\/\/api.w.org\/{rel}","templated":true}]}}