{"id":681629,"date":"2026-07-28T14:39:15","date_gmt":"2026-07-28T14:39:15","guid":{"rendered":"https:\/\/www.europesays.com\/es\/681629\/"},"modified":"2026-07-28T14:39:15","modified_gmt":"2026-07-28T14:39:15","slug":"la-moncloa-pedro-sanchez-este-gobierno-funciona-y-esta-haciendo-avanzar-a-espana-hasta-situarla-en-un-lugar-mucho-mejor-del-que-encontramos-en-2018","status":"publish","type":"post","link":"https:\/\/www.europesays.com\/es\/681629\/","title":{"rendered":"La Moncloa. Pedro S\u00e1nchez: \u00abEste Gobierno funciona y est\u00e1 haciendo avanzar a Espa\u00f1a hasta situarla en un lugar mucho mejor del que encontramos en 2018\u00bb"},"content":{"rendered":"<p>&#13;<\/p>\n<p>El jefe del Ejecutivo, Pedro S\u00e1nchez, ha subrayado que la realidad es que este Gobierno \u00abfunciona\u00bb y est\u00e1 haciendo \u00abavanzar a Espa\u00f1a hasta situarla en un lugar mucho mejor del que encontramos en 2018\u00bb. Un Gobierno que \u00abha convertido cada reto en una oportunidad para transformar el pa\u00eds\u00bb y que, cuando llegan las dificultades, \u00abse pone del lado de la gente\u00bb, algo que \u00abno siempre fue as\u00ed\u00bb.<\/p>\n<p>En una comparecencia ante los medios, en el Complejo de la Moncloa, para hacer balance del curso pol\u00edtico y en la que ha presentado el <a href=\"https:\/\/www.lamoncloa.gob.es\/paginas\/cumpliendo\/rendicion-de-cuentas-julio-2026.aspx\" onclick=\"javascript:GoogleTrackEvent(&#039;True&#039;,&#039;Contenido&#039;,&#039;Click&#039;,&#039;[https:\/\/www.lamoncloa.gob.es\/presidente\/actividades\/Paginas\/2026\/280726-sanchez-balance-curso-politico.aspx] informe peri\u00f3dico de rendici\u00f3n de cuentas &quot;Cumpliendo&quot;. [\/paginas\/cumpliendo\/rendicion-de-cuentas-julio-2026.aspx]&#039;);\" rel=\"nofollow noopener\" target=\"_blank\">informe peri\u00f3dico de rendici\u00f3n de cuentas \u00abCumpliendo\u00bb<\/a>, S\u00e1nchez ha destacado que \u00abs\u00f3lo en este periodo de sesiones, hemos logrado la aprobaci\u00f3n de 26 normas con rango de ley, m\u00e1s de un tercio de todas las aprobadas en lo que va de legislatura\u00bb. Sin embargo, \u00aba\u00fan queda mucho trabajo por delante\u00bb. \u00abQueda un a\u00f1o para culminar esta legislatura, para culminar reformas, seguir avanzando y demostrar que Espa\u00f1a tiene un camino propio y es que \u00abno tiene que elegir entre crecer y proteger, entre modernizarse y mantener la cohesi\u00f3n, entre ser fuerte dentro y respetada fuera\u00bb, explic\u00f3.<\/p>\n<p>Necesidad de un Pacto de Estado frente a la emergencia clim\u00e1tica<\/p>\n<p>El jefe del Ejecutivo quiso iniciar su intervenci\u00f3n mandando un mensaje de apoyo a las personas que han tenido que abandonar sus hogares, o permanecen confinadas como consecuencia de los ocho grandes incendios forestales que permanecen activos en Espa\u00f1a, as\u00ed como a quienes han perdido a sus seres queridos en otros incendios. Tambi\u00e9n quiso trasladar su reconocimiento a los servidores p\u00fablicos que \u00abcombaten el fuego y protegen a la poblaci\u00f3n en condiciones extraordinariamente dif\u00edciles\u00bb.<\/p>\n<p>El presidente advirti\u00f3 de que no hay que bajar la guardia, porque \u00ablos pr\u00f3ximos d\u00edas ser\u00e1n especialmente complejos\u00bb, ante el aumento gradual de las temperaturas, lo que dificultar\u00e1 las labores de extinci\u00f3n y elevar\u00e1 el riesgo de incendios a niveles extremos en amplias zonas del pa\u00eds.<\/p>\n<p>Ante esta situaci\u00f3n, se comprometi\u00f3 a que el Gobierno de Espa\u00f1a, en coordinaci\u00f3n con el resto de instituciones p\u00fablicas, \u00abseguir\u00e1 movilizando todos los recursos necesarios, todo el tiempo que haga falta, hasta apagar la \u00faltima llama\u00bb. Avanz\u00f3 que el Consejo de Ministros ha declarado zonas afectadas gravemente por emergencia de protecci\u00f3n civil a los territorios perjudicados por los incendios. Con esto comienzan a desplegarse todas las ayudas destinadas a paliar los da\u00f1os personales y materiales, y se abren v\u00edas a ayudas adicionales, como beneficios fiscales, exenciones de cuotas de seguridad social y ayudas para reparar infraestructuras, entre otras que ir\u00e1 poniendo en marcha el Ejecutivo.<\/p>\n<p>El presidente insisti\u00f3 en la necesidad de que \u00abtodas las administraciones, todos los profesionales y el conjunto de la sociedad debemos actuar unidos contra el fuego\u00bb. De ah\u00ed que haya vuelto a reclamar \u00abcon m\u00e1s fuerza y argumentos que nunca\u00bb a todos los actores pol\u00edticos y los gobiernos auton\u00f3micos, provinciales y locales \u00abel acuerdo de pa\u00eds que m\u00e1s necesita Espa\u00f1a, que es el Pacto de Estado frente a la emergencia clim\u00e1tica. Es un imperativo, no es una opci\u00f3n sino una obligaci\u00f3n\u00bb, subray\u00f3. \u00abTenemos que estar unidos en la respuesta, como estamos, pero tambi\u00e9n que en la prevenci\u00f3n y en la reconstrucci\u00f3n de las zonas afectadas\u00bb. En su opini\u00f3n, \u00abel negacionismo clim\u00e1tico es el peor de los combustibles ante la emergencia clim\u00e1tica. Negar la realidad y las alarmas de la ciencia no nos prepara. Al contrario, nos hace m\u00e1s vulnerables e inseguros\u00bb.<\/p>\n<p>El jefe del Ejecutivo comenz\u00f3 el repaso de los cinco ejes prioritarios de la acci\u00f3n de su Gobierno refiri\u00e9ndose, precisamente, a lo que lo que ha hecho el Gobierno en materia de adaptaci\u00f3n y mitigaci\u00f3n al cambio clim\u00e1tico. Insisti\u00f3 en que \u00abla realidad no se puede negar\u00bb y record\u00f3 que en lo que va de a\u00f1o, llevamos ya m\u00e1s de 170.000 hect\u00e1reas calcinadas, que es multiplicar por seis las hect\u00e1reas quemadas el a\u00f1o pasado en el mismo periodo y con m\u00e1s de una decena de v\u00edctimas mortales. \u00ab\u00bfQu\u00e9 m\u00e1s tiene que ocurrir para que todos nos pongamos detr\u00e1s del pacto de estado frente a la emergencia clim\u00e1tica que hemos puesto sobre la mesa?\u00bb, se pregunt\u00f3. Para este Gobierno -insisti\u00f3- \u00abla lucha contra la emergencia clim\u00e1tica no s\u00f3lo es una prioridad sino un compromiso con el futuro de nuestro pa\u00eds. Y ah\u00ed nunca vamos a escatimar recursos\u00bb.<\/p>\n<p>En este punto, ha puesto en valor las \u00abdecisiones valientes\u00bb que han llevado a Espa\u00f1a a estar mejor preparada para resistir las crisis energ\u00e9ticas, como las medidas para paliar los efectos de la guerra de Ir\u00e1n, que han logrado \u00abun ahorro de 18 c\u00e9ntimos por litro de gasolina y 10 c\u00e9ntimos en el de gasoil, que han aliviado a familias y profesionales\u00bb, o la reducci\u00f3n del IVA de la electricidad del 21 al 10%, que ha ahorrado 8 euros al mes en la factura de la luz a las familias y hasta en 20 euros en el caso de los hogares grandes o las empresas.<\/p>\n<p>\u00abLa pregunta es: \u00bfhabr\u00edan respondido otros de la misma manera? A la vista de lo que hicieron cuando gobernaron, la respuesta es clara: no\u00bb, sentenci\u00f3. \u00abPorque quienes ayer frenaron, con el impuesto al sol, el despliegue de las energ\u00edas renovables son los mismos que hoy acuerdan con la ultraderecha all\u00ed donde gobierna el frenazo de las renovables\u00bb, expuso.<\/p>\n<p>Somos la gran econom\u00eda de la UE que m\u00e1s crece<\/p>\n<p>En materia econ\u00f3mica, el presidente se\u00f1al\u00f3 que, a pesar un contexto que no es f\u00e1cil, \u00abllevamos casi tres a\u00f1os siendo la gran econom\u00eda de la Uni\u00f3n Europea que m\u00e1s crece\u00bb y cerraremos 2026 creciendo 5 veces m\u00e1s que Italia, 4 veces m\u00e1s que Alemania y 3 veces m\u00e1s que Francia. Un crecimiento que permite crear \u00abm\u00e1s y mejor empleo\u00bb. De hecho, la Espa\u00f1a de hoy genera cerca de la mitad de los empleos que se crean en la UE, hasta alcanzar una cifra hist\u00f3rica en este semestre: 22 millones y medio de afiliados a la Seguridad Social. Son 3,4 millones m\u00e1s que cuando entramos en el Gobierno, con un 34% m\u00e1s de empleos j\u00f3venes que en 2018. Adem\u00e1s, hablamos de calidad y de empleo digno, con 11 puntos menos de temporalidad y un 58% m\u00e1s de empleos indefinidos.<\/p>\n<p>Se refiri\u00f3 tambi\u00e9n a la Encuesta de Poblaci\u00f3n Activa del segundo semestre de 2026, \u00abque confirma la aceleraci\u00f3n de la creaci\u00f3n de empleo\u00bb en nuestro pa\u00eds. \u00abCon esta, son seis las EPA consecutivas en la que el empleo crece por encima del medio mill\u00f3n de empleos al a\u00f1o. Y de nuevo la tasa de paro vuelve a estar por debajo del 10%, el nivel m\u00e1s bajo de los \u00faltimos 18 a\u00f1os\u00bb. S\u00e1nchez ha asegurado que en \u00abeste \u00e9xito de pa\u00eds\u00bb, los fondos Next Generation \u00abhan sido una palanca fundamental\u00bb, con un desembolso de 100.000 millones de euros.<\/p>\n<p>Aumento del gasto en Estado del bienestar<\/p>\n<p>En relaci\u00f3n con el fortalecimiento de nuestro Estado del bienestar, Pedro S\u00e1nchez subray\u00f3 que \u00aben estos 8 a\u00f1os hemos aumentado el gasto en Estado del bienestar y prestaciones sociales en 145.000 millones de euros m\u00e1s para sanidad, educaci\u00f3n y servicios p\u00fablicos\u00bb.<\/p>\n<p>En materia de Sanidad, ha destacado la creaci\u00f3n de casi 500 nuevas plazas de formaci\u00f3n sanitaria especializada, o el aumento de 7 a 23 en las pruebas de cribados neonatales en la cartera del Sistema Nacional de Salud. Adem\u00e1s, anunci\u00f3 que el Consejo de Ministros ha aprobado ubicar la nueva sede de la Agencia Nacional de Salud en la ciudad de Zaragoza. Respecto a la Educaci\u00f3n, apunt\u00f3 al r\u00e9cord en becas con 2.600 millones de euros que llegar\u00e1n a cerca de un mill\u00f3n de alumnos en el curso 26\/27, o la creaci\u00f3n de m\u00e1s de 400.000 nuevas plazas de FP, entre otras medidas.<\/p>\n<p>Sobre dependencia, quiso resaltar que los avances de los \u00faltimos seis meses no tienen precedentes, ya que \u00abhemos refundado el sistema, con una inversi\u00f3n de 6.200 millones euros m\u00e1s, que nos permitir\u00e1n elevar las prestaciones de 290 a 660 euros al mes a los dependientes en grado III y de 130 a 260 euros a aquellos en grado II\u00bb.<\/p>\n<p>\u00abNo hay bienestar sin acceso justo a viviendas dignas\u00bb, dijo, y se comprometi\u00f3 a que el Gobierno \u00abva a seguir impulsando la construcci\u00f3n de vivienda protegida\u00bb, aunque queda mucho por hacer. Record\u00f3 que en la legislatura pasada alcanzamos un hito con la aprobaci\u00f3n de la primera Ley de Vivienda de nuestra democracia, una norma que funciona all\u00ed donde se aplica, abaratando el precio del alquiler sin afectar a la oferta, como sucede en Barcelona o A Coru\u00f1a. \u00abOjal\u00e1 hagan lo mismo otras grandes ciudades como Madrid o M\u00e1laga, pero eso depende de que algunos gobiernos auton\u00f3micos dejen a un lado el sectarismo y piensen de una vez en su gente. Esa s\u00ed es una prioridad nacional\u00bb. \u00abLa vivienda debe ser un derecho para todos, no un negocio para unos pocos. Y desde luego, no puede ser reh\u00e9n de estrategias partidistas\u00bb, ha advertido.<\/p>\n<p>Defensa de nuestra democracia y m\u00e1s cooperaci\u00f3n territorial<\/p>\n<p>En lo que se refiere al cuarto eje de la legislatura: defender nuestra democracia y avanzar hacia una mayor cohesi\u00f3n territorial, el presidente del Gobierno apunt\u00f3 que en este semestre hemos puesto en marcha, mediante tres proyectos de ley, la pr\u00e1ctica totalidad de las medidas que anunciamos hace un a\u00f1o en el Plan Estatal de Lucha contra la Corrupci\u00f3n. Precisamente esta ma\u00f1ana, el Consejo de Ministros ha aprobado el Proyecto de Ley Org\u00e1nica de Integridad P\u00fablica, una ley que crear\u00e1 la nueva Agencia Independiente de Integridad P\u00fablica, y que inicia ahora su tramitaci\u00f3n parlamentaria. \u00abEspero que todos los grupos tengan la altura de miras y la voluntad de di\u00e1logo que exige el momento para que este proyecto salga adelante. El gobierno, lo va a tener\u00bb, dijo.<\/p>\n<p>Adem\u00e1s, ha destacado que el Ejecutivo ha conseguido \u00abaumentar casi en un 70% los acuerdos con otros territorios\u00bb. En el caso de Catalu\u00f1a, puso en valor la \u00abnormalidad institucional entre el Estado y Catalu\u00f1a\u00bb, as\u00ed como el aval del Tribunal de Justicia de la UE a la ley de amnist\u00eda, que \u00abha confirmado que actuamos conforme a derecho para favorecer la reconciliaci\u00f3n\u00bb. \u00abFue una decisi\u00f3n valiente, pero necesaria, que nos permite volver a mirar juntos al futuro\u00bb, ha dicho<\/p>\n<p>Pol\u00edtica exterior basada en la coherencia y la sensatez<\/p>\n<p>Por \u00faltimo, se refiri\u00f3 a la pol\u00edtica exterior \u00abambiciosa\u00bb de Espa\u00f1a, basada en la \u00abcoherencia y la sensatez\u00bb, como hemos demostrado en la guerra de Ucrania, en la de Gaza, en la de Ir\u00e1n, o propiciando acuerdos hist\u00f3ricos como el de Gibraltar. En su opini\u00f3n, en un contexto donde impera la l\u00f3gica del repliegue -cerrar fronteras, recortar derechos, convertir la seguridad en un rearme sin l\u00edmite, imponer aranceles, socavar las reglas internacionales- \u00abEspa\u00f1a demuestra que podemos proteger sin encerrarnos, ordenar sin deshumanizar, defenderse sin comprometer el estado de bienestar, ser competitivos desde la colaboraci\u00f3n y la mano tendida a los dem\u00e1s\u00bb.<\/p>\n<p>\u00abNosotros lo tenemos claro: no queremos la guerra, queremos la paz. No queremos aranceles y s\u00ed un comercio internacional basado en reglas. No queremos a los genocidios y s\u00ed queremos los derechos humanos. No queremos la ley de la jungla y s\u00ed un multilateralismo reforzado y reformado\u00bb, a\u00f1adi\u00f3 Pedro S\u00e1nchez, que tambi\u00e9n tuvo palabras de recuerdo para el pueblo de Venezuela.<\/p>\n<p>Tras repasar esos grandes ejes de su Gobierno, Pedro S\u00e1nchez termin\u00f3 se\u00f1alando que \u00abdetr\u00e1s de cada una de estas pol\u00edticas y cifras hay personas que viven un poco mejor. Hay empleos con m\u00e1s estabilidad y m\u00e1s futuro. Hay familias que se sienten m\u00e1s protegidas. Hay j\u00f3venes que encuentran nuevas oportunidades. Hay mayores que afrontan la vida con m\u00e1s seguridad y dignidad\u00bb, ha aseverado. \u00abEse es el verdadero balance de estos a\u00f1os: los cambios concretos que llegan a la gente\u00bb.<\/p>\n<p>\u00abA\u00fan queda mucho trabajo por delante. Pero tenemos los objetivos muy claros despu\u00e9s de 8 a\u00f1os de gobierno. Somos el Gobierno de la gente. Somos el Gobierno de coalici\u00f3n progresista y este es el Gobierno de Espa\u00f1a\u00bb, concluy\u00f3.<\/p>\n<p>&#13;<\/p>\n","protected":false},"excerpt":{"rendered":"&#13; El jefe del Ejecutivo, Pedro S\u00e1nchez, ha subrayado que la realidad es que este Gobierno \u00abfunciona\u00bb y&hellip;\n","protected":false},"author":2,"featured_media":681630,"comment_status":"","ping_status":"","sticky":false,"template":"","format":"standard","meta":{"footnotes":""},"categories":[5],"tags":[3382,17,18,25,24,13,14,11,19,20,9,10,15,16,1461,23,12,21,22],"class_list":["post-681629","post","type-post","status-publish","format-standard","has-post-thumbnail","category-titulares","tag-actividad","tag-breaking-news","tag-breakingnews","tag-es","tag-espana","tag-featured-news","tag-featurednews","tag-headlines","tag-latest-news","tag-latestnews","tag-news","tag-noticias","tag-noticias-destacadas","tag-noticiasdestacadas","tag-presidente","tag-spain","tag-titulares","tag-ultimas-noticias","tag-ultimasnoticias"],"share_on_mastodon":{"url":"https:\/\/pubeurope.com\/@es\/116998122082379857","error":""},"_links":{"self":[{"href":"https:\/\/www.europesays.com\/es\/wp-json\/wp\/v2\/posts\/681629","targetHints":{"allow":["GET"]}}],"collection":[{"href":"https:\/\/www.europesays.com\/es\/wp-json\/wp\/v2\/posts"}],"about":[{"href":"https:\/\/www.europesays.com\/es\/wp-json\/wp\/v2\/types\/post"}],"author":[{"embeddable":true,"href":"https:\/\/www.europesays.com\/es\/wp-json\/wp\/v2\/users\/2"}],"replies":[{"embeddable":true,"href":"https:\/\/www.europesays.com\/es\/wp-json\/wp\/v2\/comments?post=681629"}],"version-history":[{"count":0,"href":"https:\/\/www.europesays.com\/es\/wp-json\/wp\/v2\/posts\/681629\/revisions"}],"wp:featuredmedia":[{"embeddable":true,"href":"https:\/\/www.europesays.com\/es\/wp-json\/wp\/v2\/media\/681630"}],"wp:attachment":[{"href":"https:\/\/www.europesays.com\/es\/wp-json\/wp\/v2\/media?parent=681629"}],"wp:term":[{"taxonomy":"category","embeddable":true,"href":"https:\/\/www.europesays.com\/es\/wp-json\/wp\/v2\/categories?post=681629"},{"taxonomy":"post_tag","embeddable":true,"href":"https:\/\/www.europesays.com\/es\/wp-json\/wp\/v2\/tags?post=681629"}],"curies":[{"name":"wp","href":"https:\/\/api.w.org\/{rel}","templated":true}]}}