{"id":681681,"date":"2026-07-28T15:19:23","date_gmt":"2026-07-28T15:19:23","guid":{"rendered":"https:\/\/www.europesays.com\/es\/681681\/"},"modified":"2026-07-28T15:19:23","modified_gmt":"2026-07-28T15:19:23","slug":"el-ebola-deja-mas-de-1-400-muertos-en-la-rdc","status":"publish","type":"post","link":"https:\/\/www.europesays.com\/es\/681681\/","title":{"rendered":"El \u00e9bola deja m\u00e1s de 1.400 muertos en la RDC"},"content":{"rendered":"<p class=\"has-drop-cap wp-block-paragraph\"><strong>La cepa Bundibugyo, sin vacuna ni tratamiento, eleva la letalidad al 43,9%. La OMS declara la emergencia internacional ante el avance del brote, mientras que el conflicto armado dificulta la contenci\u00f3n en cinco provincias afectadas.<\/strong><\/p>\n<p class=\"wp-block-paragraph\">El brote de \u00e9bola que afecta al norte y noreste de la Rep\u00fablica Democr\u00e1tica del Congo (RDC) ha dejado ya <strong>m\u00e1s de 1.400 muertos y 3.200 casos confirmados<\/strong>, seg\u00fan informaron este lunes las autoridades del pa\u00eds. De acuerdo con el \u00faltimo balance del Instituto Nacional de la Salud P\u00fablica, la epidemia se ha cobrado la vida de <strong>1.405 personas<\/strong>, mientras que 571 pacientes lograron recuperarse. Asimismo, la cepa responsable del brote, denominada Bundibugyo, <strong>no cuenta con vacuna ni tratamiento aprobado<\/strong>, un factor que agrava el impacto sanitario en la regi\u00f3n.<\/p>\n<p class=\"wp-block-paragraph\">En este sentido, la tasa de letalidad se sit\u00faa en el <strong>43,9%<\/strong>, un porcentaje que refleja la gravedad de la situaci\u00f3n. Del total de casos confirmados, 773 pacientes permanecen actualmente <strong>en aislamiento u hospitalizados<\/strong>. Por otra parte, el brote fue declarado oficialmente el pasado 15 de mayo y afecta a las provincias de Ituri, Kivu Norte, Kivu Sur, Tshopo y Alto U\u00e9l\u00e9, zonas donde, adem\u00e1s, las tareas de contenci\u00f3n se ven <strong>dificultadas por la violencia armada que asola la regi\u00f3n desde hace a\u00f1os<\/strong>.<\/p>\n<p class=\"has-text-align-center wp-block-paragraph\"><strong>\u27a1\ufe0f Te puede interesar: <a href=\"https:\/\/www.lisainstitute.com\/products\/curso-prevencion-consecuencias-psicologicas-crisis-sanitaria-coronavirus?&amp;utm_source=lisanews&amp;utm_medium=articulo-actualidad-crimi&amp;utm_campaign=\" target=\"_blank\" rel=\"noreferrer noopener nofollow\">Curso de Prevenci\u00f3n y Gesti\u00f3n de Consecuencias Psicol\u00f3gicas ante Crisis Sanitarias<\/a><\/strong><\/p>\n<p class=\"wp-block-paragraph\">Ante este escenario, la Organizaci\u00f3n Mundial de la Salud (OMS) decret\u00f3 el brote como una <strong>Emergencia de Salud P\u00fablica de Importancia Internacional (ESPII)<\/strong>. Diversas organizaciones internacionales han alertado, en consecuencia, sobre la propagaci\u00f3n del virus, que <strong>\u00abpodr\u00eda estar superando las capacidades de respuesta\u00bb<\/strong>. Esta advertencia pone de relieve la magnitud del desaf\u00edo que enfrentan tanto las autoridades congole\u00f1as como los organismos sanitarios internacionales.<\/p>\n<p class=\"wp-block-paragraph\">No obstante, RDC es considerado <strong>el pa\u00eds con m\u00e1s experiencia del mundo en el manejo del virus del \u00e9bola<\/strong>, tras haber enfrentado m\u00e1s de una docena de brotes desde que este fue identificado en 1976. Aquel primer brote tuvo uno de sus epicentros en la localidad de Yambuku, a orillas del r\u00edo \u00c9bola, de donde la enfermedad tom\u00f3 su nombre. Cabe recordar, adem\u00e1s, que <strong>el pa\u00eds hab\u00eda decretado en diciembre de 2025 el fin de su brote anterior<\/strong>, registrado en la regi\u00f3n de Kasai.<\/p>\n","protected":false},"excerpt":{"rendered":"La cepa Bundibugyo, sin vacuna ni tratamiento, eleva la letalidad al 43,9%. La OMS declara la emergencia internacional&hellip;\n","protected":false},"author":2,"featured_media":681682,"comment_status":"","ping_status":"","sticky":false,"template":"","format":"standard","meta":{"footnotes":""},"categories":[92],"tags":[517,5404,34141,25,24,13804,165,61,21357,166,23],"class_list":["post-681681","post","type-post","status-publish","format-standard","has-post-thumbnail","category-salud","tag-actualidad","tag-africa","tag-ebola","tag-es","tag-espana","tag-geopolitica","tag-health","tag-internacional","tag-rdc","tag-salud","tag-spain"],"share_on_mastodon":{"url":"https:\/\/pubeurope.com\/@es\/116998279565069448","error":""},"_links":{"self":[{"href":"https:\/\/www.europesays.com\/es\/wp-json\/wp\/v2\/posts\/681681","targetHints":{"allow":["GET"]}}],"collection":[{"href":"https:\/\/www.europesays.com\/es\/wp-json\/wp\/v2\/posts"}],"about":[{"href":"https:\/\/www.europesays.com\/es\/wp-json\/wp\/v2\/types\/post"}],"author":[{"embeddable":true,"href":"https:\/\/www.europesays.com\/es\/wp-json\/wp\/v2\/users\/2"}],"replies":[{"embeddable":true,"href":"https:\/\/www.europesays.com\/es\/wp-json\/wp\/v2\/comments?post=681681"}],"version-history":[{"count":0,"href":"https:\/\/www.europesays.com\/es\/wp-json\/wp\/v2\/posts\/681681\/revisions"}],"wp:featuredmedia":[{"embeddable":true,"href":"https:\/\/www.europesays.com\/es\/wp-json\/wp\/v2\/media\/681682"}],"wp:attachment":[{"href":"https:\/\/www.europesays.com\/es\/wp-json\/wp\/v2\/media?parent=681681"}],"wp:term":[{"taxonomy":"category","embeddable":true,"href":"https:\/\/www.europesays.com\/es\/wp-json\/wp\/v2\/categories?post=681681"},{"taxonomy":"post_tag","embeddable":true,"href":"https:\/\/www.europesays.com\/es\/wp-json\/wp\/v2\/tags?post=681681"}],"curies":[{"name":"wp","href":"https:\/\/api.w.org\/{rel}","templated":true}]}}