{"id":681986,"date":"2026-07-28T18:45:33","date_gmt":"2026-07-28T18:45:33","guid":{"rendered":"https:\/\/www.europesays.com\/es\/681986\/"},"modified":"2026-07-28T18:45:33","modified_gmt":"2026-07-28T18:45:33","slug":"rechazo-dos-veces-dirigir-esta-pelicula-porque-es-uno-de-los-proyectos-de-fantasia-mas-ambiciosos-de-la-decada-el-primer-trailer-esta-a-la-altura-noticias-de-cine","status":"publish","type":"post","link":"https:\/\/www.europesays.com\/es\/681986\/","title":{"rendered":"Rechaz\u00f3 dos veces dirigir esta pel\u00edcula porque es uno de los proyectos de fantas\u00eda m\u00e1s ambiciosos de la d\u00e9cada: el primer tr\u00e1iler est\u00e1 a la altura &#8211; Noticias de cine"},"content":{"rendered":"<p>Gina Prince-Bythewood dirige la adaptaci\u00f3n cinematogr\u00e1fica de &#8216;Children of Blood and Bone&#8217;. Acaba de publicarse el primer adelanto y SensaCine ha estado en el evento presentaci\u00f3n<\/p>\n<p>    <img loading=\"lazy\" decoding=\"async\" class=\"article-figure-img\" width=\"654\" height=\"368\" src=\"https:\/\/www.europesays.com\/es\/wp-content\/uploads\/2026\/07\/dc6550c0cd5a681f78392c4c9de7e7c0.jpg\"\/><\/p>\n<p>        Paramount Pictures<\/p>\n<p class=\"bo-p\">Se avecina a la gran pantalla uno de los grandes universos de fantas\u00eda de los pr\u00f3ximos a\u00f1os. Y decimos pr\u00f3ximos a\u00f1os como podr\u00edamos haber dicho de la d\u00e9cada, porque la realidad es que este proyecto lleva ocho a\u00f1os en preparaci\u00f3n. En concreto, desde 2018, antes de que <a href=\"https:\/\/www.sensacine.com\/peliculas\/pelicula-255111\/\" class=\"bo-link\" rel=\"nofollow noopener\" target=\"_blank\">Children of Blood and Bone<\/a>, la novela de <a href=\"https:\/\/www.sensacine.com\/actores\/actor-805751\/\" class=\"bo-link\" rel=\"nofollow noopener\" target=\"_blank\">Tomi Adeyemi<\/a>, viese la luz. Los ejecutivos de Fox 2000 Pictures vieron mucho potencial en la historia y quisieron asegurar su desarrollo. Ha aparecido en la lista de los bestsellers del New York Times y es todo un referente en el g\u00e9nero Young Adult.<\/p>\n<p class=\"bo-p\">Por todo esto, la directora <a href=\"https:\/\/www.sensacine.com\/actores\/actor-41537\/\" class=\"bo-link\" rel=\"nofollow noopener\" target=\"_blank\">Gina Prince-Bythewood<\/a> rechaz\u00f3 dos veces dirigir la adaptaci\u00f3n cinematogr\u00e1fica de Children of Blood and Bone. Como ha contado en un evento presentaci\u00f3n del tr\u00e1iler en Nueva York al que ha acudido SensaCine, \u00ab<b>lo maravilloso es que me ofrecieron esta pel\u00edcula dos veces en los \u00faltimos siete a\u00f1os, y la rechac\u00e9 en ambas ocasiones<\/b>. No estaba preparado emocionalmente y, sinceramente, a\u00fan no sab\u00eda c\u00f3mo hacerla. Pero cuando me la ofrecieron por tercera vez, aunque al principio dije: &#8216;Ya la rechac\u00e9, est\u00e1n perdiendo el tiempo&#8217;, todo sucedi\u00f3 justo cuando ten\u00eda que suceder. Despu\u00e9s de las pel\u00edculas que acababa de hacer, por fin sab\u00eda c\u00f3mo dirigir esta\u00bb.<\/p>\n<p class=\"bo-p\">Prince-Bythewood no se sent\u00eda preparada la primera vez que le hicieron el encargo, pero al ir ganando experiencia se sinti\u00f3 m\u00e1s preparada para adaptar dignamente el universo de Adeyemi: \u00ab<b>hay algo especial en poder jugar en este gran lienzo<\/b>.<b> Sin duda, es dif\u00edcil llegar hasta aqu\u00ed,<\/b> especialmente como directora. Pero despu\u00e9s de <a href=\"https:\/\/www.sensacine.com\/peliculas\/pelicula-266487\/\" class=\"bo-link\" rel=\"nofollow noopener\" target=\"_blank\">La vieja guardia<\/a> y de lograr lo que me propuse, lleg\u00f3 <a href=\"https:\/\/www.sensacine.com\/peliculas\/pelicula-263074\/\" class=\"bo-link\" rel=\"nofollow noopener\" target=\"_blank\">La mujer rey<\/a>. La mujer rey represent\u00f3 todo aquello por lo que hab\u00eda trabajado durante toda mi carrera: poder contar una historia en un lienzo de ese tipo\u00bb.<\/p>\n<p class=\"bo-p\">Ahora, tras casi una d\u00e9cada de preparaci\u00f3n, podemos echar un vistazo al primer tr\u00e1iler.<\/p>\n<p>Un hermoso universo grabado en entornos naturales e inspirado en Nigeria<\/p>\n<p class=\"bo-p\">El universo de la pel\u00edcula fue creado junto a la dise\u00f1adora de producci\u00f3n Hannah Beachle (<a href=\"https:\/\/www.sensacine.com\/peliculas\/pelicula-130336\/\" class=\"bo-link\" rel=\"nofollow noopener\" target=\"_blank\">Black Panther<\/a>) y est\u00e1 inspirado en Nigeria. Al igual que la novela, rinde tributo a muchas formas diferentes de cultura africana. <\/p>\n<p class=\"bo-p\">\u00abLas conversaciones que tuvimos fueron realmente hermosas porque, repito, estamos creando un mundo de fantas\u00eda. \u00bfC\u00f3mo logramos que la magia se sienta cultural? \u00bfC\u00f3mo hacemos que este mundo se sienta real?\u00bb, cuenta la directora. Quer\u00edan que este \u00abmundo incre\u00edble, bellamente inspirado en Nigeria\u00bb incluyera algo mucho m\u00e1s abierto. \u00abNos preguntamos: \u00ab\u00bfC\u00f3mo ser\u00e1 esto?\u00bb. Observamos los antiguos palacios de Etiop\u00eda; ah\u00ed fue donde empez\u00f3 todo.<b> Gran parte de nuestra historia se ha borrado, y mucha gente no se da cuenta de que tuvimos estas grandes civilizaciones <\/b>y de que Roma no fue la primera en construir palacios tan magn\u00edficos. Poder inspirarnos en eso fue incre\u00edble\u00bb, contin\u00faa.<\/p>\n<blockquote class=\"article-quote\" data-author=\"Gina Prince-Bythewood \" data-source=\"SensaCine\"><p>Hannah se adentr\u00f3 en la investigaci\u00f3n cient\u00edfica y se dio cuenta -y esto es totalmente cierto- de que nuestra piel emite luz. Luz real. Cuando intentaba descifrar c\u00f3mo dirigirla y c\u00f3mo deber\u00eda sentirse nuestra magia, descubrirlo fue fascinante. Sab\u00eda que quer\u00eda combinarlo con la escarificaci\u00f3n, algo tan bello y profundamente cultural, pero a menudo demonizado por los medios de comunicaci\u00f3n. Quer\u00eda mostrar su belleza entrelazando ambos elementos.<\/p><\/blockquote>\n<p class=\"bo-p\">Adem\u00e1s, para evitar el uso excesivo de pantallas verdes y darle realismo, la pel\u00edcula se grab\u00f3 en entornos naturales de Sud\u00e1frica. \u00ab<b>Quer\u00eda que fuera lo que yo llamo &#8216;fantas\u00eda realista&#8217;, ofreciendo a los actores un entorno de 360 \u200b\u200bgrados en el que desenvolverse<\/b>, en lugar de rodearlos de pantallas verdes. Quer\u00edamos rodar en el continente, y lo hicimos en Sud\u00e1frica. Hannah construy\u00f3 decorados incre\u00edbles; entrar en ellos era una experiencia inolvidable\u00bb.<\/p>\n<p>Un reparto de atletas<\/p>\n<p class=\"bo-p\">El reparto est\u00e1 compuesto por <a href=\"https:\/\/www.sensacine.com\/actores\/actor-868547\/\" class=\"bo-link\" rel=\"nofollow noopener\" target=\"_blank\">Thuso Mbedu<\/a> como Z\u00e9lie, <a href=\"https:\/\/www.sensacine.com\/actores\/actor-740981\/\" class=\"bo-link\" rel=\"nofollow noopener\" target=\"_blank\">Damson Idris<\/a> como el Pr\u00edncipe Inan, <a href=\"https:\/\/www.sensacine.com\/actores\/actor-518483\/\" class=\"bo-link\" rel=\"nofollow noopener\" target=\"_blank\">Amandla Stenberg<\/a> como la Princesa Amari, <a href=\"https:\/\/www.sensacine.com\/actores\/actor-90259\/\" class=\"bo-link\" rel=\"nofollow noopener\" target=\"_blank\">Idris Elba<\/a> como Lekan, <a href=\"https:\/\/www.sensacine.com\/actores\/actor-801753\/\" class=\"bo-link\" rel=\"nofollow noopener\" target=\"_blank\">Cynthia Erivo<\/a> como Kaea, <a href=\"https:\/\/www.sensacine.com\/actores\/actor-46797\/\" class=\"bo-link\" rel=\"nofollow noopener\" target=\"_blank\">Viola Davis<\/a> como Mama Agba y <a href=\"https:\/\/www.sensacine.com\/actores\/actor-661436\/\" class=\"bo-link\" rel=\"nofollow noopener\" target=\"_blank\">Lashana Lynch<\/a> como Jumoke, entre muchos otros.<\/p>\n<p class=\"bo-p\">La directora, que ven\u00eda de hacer dos grandes pel\u00edculas de acci\u00f3n, no quer\u00eda depender de dobles, as\u00ed que convirti\u00f3 a sus protagonistas en atletas. \u00abSegu\u00ed desarrollando la alquimia que comenz\u00f3 con La vieja guardia y que se consolid\u00f3 para m\u00ed en La mujer rey: convertir a los actores en atletas\u00bb, asegura.<\/p>\n<p class=\"bo-p\">\u00abQuiero que hagan sus propias peleas y acrobacias porque <b>marca una gran diferencia cuando son ellos mismos en pantalla<\/b>. Danny dise\u00f1\u00f3 estas secuencias de lucha para que no tuviera que cortar.<b> Para m\u00ed, las mejores escenas de lucha son como una buena escena de amor: necesitan un principio, un desarrollo y un final<\/b>. Necesitan contar una historia y contribuir al desarrollo de los personajes, y eso es precisamente lo que logramos con estas peleas\u00bb, apunta.<\/p>\n<p class=\"bo-p\">Esto requiri\u00f3 un fuerte esfuerzo y dedicaci\u00f3n por parte de los actores. \u00abPor supuesto, se necesitan actores dispuestos a esforzarse al m\u00e1ximo. Thuso empez\u00f3 seis meses antes del rodaje, y Amandla, Damson y Tosin tambi\u00e9n comenzaron meses antes. Pero me encanta porque ese proceso los une. <b>La gente ve v\u00eddeos de entrenamiento bonitos con m\u00fasica de fondo y piensa que parece f\u00e1cil, pero es agotador. Confi\u00e9 en que lo lograr\u00edan, y lo hicieron<\/b>. Ver a Thuso dominar el bast\u00f3n fue impresionante, y ver a Tosin manejar sus armas fue incre\u00edble. Ha sido una alquimia maravillosa\u00bb, asegura.<\/p>\n","protected":false},"excerpt":{"rendered":"Gina Prince-Bythewood dirige la adaptaci\u00f3n cinematogr\u00e1fica de &#8216;Children of Blood and Bone&#8217;. Acaba de publicarse el primer adelanto&hellip;\n","protected":false},"author":2,"featured_media":681987,"comment_status":"","ping_status":"","sticky":false,"template":"","format":"standard","meta":{"footnotes":""},"categories":[169],"tags":[123709,177,146,147,25,24,176,175,23,183],"class_list":["post-681986","post","type-post","status-publish","format-standard","has-post-thumbnail","category-cine","tag-children_of_blood_and_bones","tag-cine","tag-entertainment","tag-entretenimiento","tag-es","tag-espana","tag-film","tag-movies","tag-spain","tag-trailer"],"share_on_mastodon":{"url":"https:\/\/pubeurope.com\/@es\/116999089539212703","error":""},"_links":{"self":[{"href":"https:\/\/www.europesays.com\/es\/wp-json\/wp\/v2\/posts\/681986","targetHints":{"allow":["GET"]}}],"collection":[{"href":"https:\/\/www.europesays.com\/es\/wp-json\/wp\/v2\/posts"}],"about":[{"href":"https:\/\/www.europesays.com\/es\/wp-json\/wp\/v2\/types\/post"}],"author":[{"embeddable":true,"href":"https:\/\/www.europesays.com\/es\/wp-json\/wp\/v2\/users\/2"}],"replies":[{"embeddable":true,"href":"https:\/\/www.europesays.com\/es\/wp-json\/wp\/v2\/comments?post=681986"}],"version-history":[{"count":0,"href":"https:\/\/www.europesays.com\/es\/wp-json\/wp\/v2\/posts\/681986\/revisions"}],"wp:featuredmedia":[{"embeddable":true,"href":"https:\/\/www.europesays.com\/es\/wp-json\/wp\/v2\/media\/681987"}],"wp:attachment":[{"href":"https:\/\/www.europesays.com\/es\/wp-json\/wp\/v2\/media?parent=681986"}],"wp:term":[{"taxonomy":"category","embeddable":true,"href":"https:\/\/www.europesays.com\/es\/wp-json\/wp\/v2\/categories?post=681986"},{"taxonomy":"post_tag","embeddable":true,"href":"https:\/\/www.europesays.com\/es\/wp-json\/wp\/v2\/tags?post=681986"}],"curies":[{"name":"wp","href":"https:\/\/api.w.org\/{rel}","templated":true}]}}