{"id":682220,"date":"2026-07-28T21:38:20","date_gmt":"2026-07-28T21:38:20","guid":{"rendered":"https:\/\/www.europesays.com\/es\/682220\/"},"modified":"2026-07-28T21:38:20","modified_gmt":"2026-07-28T21:38:20","slug":"el-mapa-de-aemet-para-el-12-de-agosto-el-dia-del-eclipse-donde-se-podra-ver-y-donde-no-probabilidad","status":"publish","type":"post","link":"https:\/\/www.europesays.com\/es\/682220\/","title":{"rendered":"El mapa de Aemet para el 12 de agosto, el d\u00eda del eclipse: d\u00f3nde se podr\u00e1 ver y d\u00f3nde no (probabilidad)"},"content":{"rendered":"<p><img decoding=\"async\" class=\"v-ath__i\" loading=\"lazy\" src=\"https:\/\/www.europesays.com\/es\/wp-content\/uploads\/2026\/07\/1785274697_848_autor-493-foto-3.jpeg\" alt=\"Andoni Torres\"\/><\/p>\n<p>28\/07\/2026<\/p>\n<p>Actualizado a las 21:32h.<\/p>\n<p class=\"v-d-p\" style=\"\">El atardecer del mi\u00e9rcoles 12 de agosto, Espa\u00f1a ser\u00e1 testigo de un eclipse total de sol, un fen\u00f3meno que en la pen\u00ednsula hace 114 a\u00f1os que no se ha podido observar (el anterior fue en 1912) y que ha desatado una expectaci\u00f3n sin precedentes.<\/p>\n<p class=\"v-d-p\" style=\"\">La sombra total incluir\u00e1 municipios de trece comunidades aut\u00f3nomas: Comunitat Valenciana, Galicia, Asturias, Cantabria, Pa\u00eds Vasco, La Rioja, Navarra, Castilla y Le\u00f3n, Comunidad de Madrid, Castilla-La Mancha, Arag\u00f3n, Catalu\u00f1a y Baleares.<\/p>\n<p class=\"v-d-p\" style=\"\">La duraci\u00f3n del eclipse total oscilar\u00e1 entre unos pocos segundos en los bordes de la franja, y un minuto cuarenta segundos en su trayectoria central, una l\u00ednea que atraviesa provincias como Palencia, Burgos, Soria y Teruel. Provincias como Valencia y Castell\u00f3n tambi\u00e9n ser\u00e1n lugares perfectos para verlo.<\/p>\n<p class=\"v-d-p\" style=\"\">La visibilidad o espectacularidad del eclipse depender\u00e1 de factores como el lugar de observaci\u00f3n y, sobre todo, de las condiciones meteorol\u00f3gicas que acompa\u00f1en la tarde del 12 de agosto. es decir, si las nubes nos dejar\u00e1n verlo. <\/p>\n<ul class=\"v-cmp-rld__u\">\n<li class=\"v-cmp-rld__l\">\n<p><a class=\"v-a-lnk\" href=\"http:\/\/www.lasprovincias.es\/sociedad\/mejores-lugares-comunitat-valenciana-ver-eclipse-agosto-20260723205124-nt.html#vtm_modulosEngag=noticiasrelacionadas-cmp-dos:comunitat:noticia:1\" data-voc-vtm-id=\"in-text-traffic\" rel=\"nofollow noopener\" target=\"_blank\"><br \/>\n<img decoding=\"async\" loading=\"lazy\" src=\"https:\/\/www.europesays.com\/es\/wp-content\/uploads\/2026\/07\/1489445428-kSsE-U301051706275eR-258x180@Las Provincias.jpg\" class=\"v-a-img\" width=\"258\" height=\"180\" alt=\"Los 9 mejores lugares de la Comunitat para ver el eclipse del 12 de agosto\"\/><br \/>\n                                                          <\/a><\/p>\n<\/li>\n<li class=\"v-cmp-rld__l\">\n<p><a class=\"v-a-lnk\" href=\"http:\/\/www.lasprovincias.es\/comunitat\/pequeno-pueblo-valenciano-perfecto-observar-eclipse-agosto-20260727211743-nt.html#vtm_modulosEngag=noticiasrelacionadas-cmp-dos:comunitat:noticia:2\" data-voc-vtm-id=\"in-text-traffic\" rel=\"nofollow noopener\" target=\"_blank\"><br \/>\n<img decoding=\"async\" loading=\"lazy\" src=\"https:\/\/www.europesays.com\/es\/wp-content\/uploads\/2026\/07\/1479720475-kSsE-U301051706275l4G-258x180@Las Provincias.jpg\" class=\"v-a-img\" width=\"258\" height=\"180\" alt=\"El peque\u00f1o pueblo valenciano perfecto para ver el eclipse del 12 de agosto\"\/><br \/>\n                                                          <\/a><\/p>\n<\/li>\n<\/ul>\n<p class=\"v-d-p\" style=\"\">Aemet ha lanzado ya un primer estudio para ese d\u00eda. La agencia advierte de que las previsiones meteorol\u00f3gicas no pueden hacerse a tan largo plazo, por lo que hasta unos pocos d\u00edas antes no se podr\u00e1 saber qu\u00e9 tiempo real har\u00e1 el 12 de agosto.<\/p>\n<p class=\"v-d-p\" style=\"\">Mientras, la Agencia Estatal de Meteorolog\u00eda ha analizado la nubosidad en Espa\u00f1a en los \u00faltimos a\u00f1os, lo que permite saber qu\u00e9 zonas son las que estad\u00edsticamente presentan menos nubes en esas fechas. No se trata por tanto de una previsi\u00f3n como tal, sino de una estimaci\u00f3n de qu\u00e9 zonas suelen tener mejor visibilidad por nubosidad en esos d\u00edas y horas de agosto (11 a 13 de agosto, de 17:00 a 20:00 horas). Para ello se han utilizado las observaciones desde sat\u00e9lites meteorol\u00f3gicos.<\/p>\n<p class=\"v-d-p\" style=\"\">El resultado del estudio de Aemet es un mapa que permite identificar las regiones del pa\u00eds donde, en los \u00faltimos diecis\u00e9is a\u00f1os, el cielo ha estado mayormente libre de nubes:<\/p>\n<p><img decoding=\"async\" loading=\"lazy\" src=\"https:\/\/www.europesays.com\/es\/wp-content\/uploads\/2026\/07\/mapa-eclipse-kSsE-U301051706275csH-624x385@Las Provincias.JPG\" class=\"v-a-img\" width=\"680\" height=\"478\" alt=\"\" data-voc-vtm-id=\"in-text-traffic\"\/><\/p>\n<p>(Aemet)<\/p>\n<p class=\"v-d-p\" style=\"\">En este mapa, los colores rojos, naranjas y amarillos representan zonas donde los cielos despejados o poco nubosos son menos frecuentes, mientras que los tonos azules y verdes indican mayores probabilidades de buena visibilidad.<\/p>\n<p class=\"v-d-p\" style=\"\">As\u00ed, la primera conclusi\u00f3n es clara: la franja cant\u00e1brica aparece como la zona de mayor frecuencia de nubosidad, especialmente en el litoral norte de Galicia, Asturias, Cantabria y Pa\u00eds Vasco. La mitad sur de la Pen\u00ednsula es la que tiene mayor frecuencia de cielos despejados.<\/p>\n<p class=\"v-d-p\" style=\"\">En la Comunitat, las provincias de Valencia y Castell\u00f3n se encuentran en el mapa en la zona amarilla-naranja, donde en principio, la probabilidad de nubosidad el d\u00eda y a la hora del eclipse es alta.<\/p>\n<p class=\"v-d-p\" style=\"\">Hay que recordar que el estudio no predice qu\u00e9 ocurrir\u00e1 ese d\u00eda en concreto. Para poder tener esta previsi\u00f3n real habr\u00e1 que esperar a unos pocos d\u00edas antes del 12 de agosto.<\/p>\n<p><img decoding=\"async\" loading=\"lazy\" src=\"https:\/\/www.europesays.com\/es\/wp-content\/uploads\/2026\/07\/franja-eclipse-kCo-U20827996413mpC-624x450@Las Provincias.JPG\" class=\"v-a-img\" width=\"680\" height=\"478\" alt=\"La franja de totalidad del eclipse dentro de Espa\u00f1a.\" data-voc-vtm-id=\"in-text-traffic\"\/><\/p>\n<p>La franja de totalidad del eclipse dentro de Espa\u00f1a.<\/p>\n<p class=\"v-d-p\" style=\"\">Por otro lado, el interior peninsular muestra una situaci\u00f3n intermedia. Gran parte de Castilla y Le\u00f3n, Castilla-La Mancha y el valle del Ebro muestran frecuencias de entre el 50 y el 70% de que el cielo est\u00e9 poco nuboso o despejado. Son zonas, aclara Aemet, donde el tiempo veraniego suele ser estable, pero donde pueden aparecer nubes de evoluci\u00f3n durante la tarde.<\/p>\n","protected":false},"excerpt":{"rendered":"28\/07\/2026 Actualizado a las 21:32h. El atardecer del mi\u00e9rcoles 12 de agosto, Espa\u00f1a ser\u00e1 testigo de un eclipse&hellip;\n","protected":false},"author":2,"featured_media":682221,"comment_status":"","ping_status":"","sticky":false,"template":"","format":"standard","meta":{"footnotes":""},"categories":[8],"tags":[2980,296,17,18,978,32994,25,24,13,14,11,19,20,9,10,15,16,15870,21381,23,12,21,22,809],"class_list":["post-682220","post","type-post","status-publish","format-standard","has-post-thumbnail","category-espana","tag-aemet","tag-agosto","tag-breaking-news","tag-breakingnews","tag-dia","tag-eclipse","tag-es","tag-espana","tag-featured-news","tag-featurednews","tag-headlines","tag-latest-news","tag-latestnews","tag-news","tag-noticias","tag-noticias-destacadas","tag-noticiasdestacadas","tag-podra","tag-prevision","tag-spain","tag-titulares","tag-ultimas-noticias","tag-ultimasnoticias","tag-ver"],"share_on_mastodon":{"url":"https:\/\/pubeurope.com\/@es\/116999770922788221","error":""},"_links":{"self":[{"href":"https:\/\/www.europesays.com\/es\/wp-json\/wp\/v2\/posts\/682220","targetHints":{"allow":["GET"]}}],"collection":[{"href":"https:\/\/www.europesays.com\/es\/wp-json\/wp\/v2\/posts"}],"about":[{"href":"https:\/\/www.europesays.com\/es\/wp-json\/wp\/v2\/types\/post"}],"author":[{"embeddable":true,"href":"https:\/\/www.europesays.com\/es\/wp-json\/wp\/v2\/users\/2"}],"replies":[{"embeddable":true,"href":"https:\/\/www.europesays.com\/es\/wp-json\/wp\/v2\/comments?post=682220"}],"version-history":[{"count":0,"href":"https:\/\/www.europesays.com\/es\/wp-json\/wp\/v2\/posts\/682220\/revisions"}],"wp:featuredmedia":[{"embeddable":true,"href":"https:\/\/www.europesays.com\/es\/wp-json\/wp\/v2\/media\/682221"}],"wp:attachment":[{"href":"https:\/\/www.europesays.com\/es\/wp-json\/wp\/v2\/media?parent=682220"}],"wp:term":[{"taxonomy":"category","embeddable":true,"href":"https:\/\/www.europesays.com\/es\/wp-json\/wp\/v2\/categories?post=682220"},{"taxonomy":"post_tag","embeddable":true,"href":"https:\/\/www.europesays.com\/es\/wp-json\/wp\/v2\/tags?post=682220"}],"curies":[{"name":"wp","href":"https:\/\/api.w.org\/{rel}","templated":true}]}}