{"id":682312,"date":"2026-07-28T22:54:20","date_gmt":"2026-07-28T22:54:20","guid":{"rendered":"https:\/\/www.europesays.com\/es\/682312\/"},"modified":"2026-07-28T22:54:20","modified_gmt":"2026-07-28T22:54:20","slug":"apple-ahora-te-permitira-arrendar-tu-proximo-iphone-o-mac-en-lugar-de-comprarlo","status":"publish","type":"post","link":"https:\/\/www.europesays.com\/es\/682312\/","title":{"rendered":"Apple ahora te permitir\u00e1 arrendar tu pr\u00f3ximo iPhone o Mac en lugar de comprarlo"},"content":{"rendered":"<p>      CNN\u00a0\u2014\u00a0\n    <\/p>\n<p class=\"paragraph inline-placeholder vossi-paragraph\" data-uri=\"es.cms.cnn.com\/_components\/paragraph\/instances\/cms4q7c9k002t29qebglx32n1@published\" data-editable=\"text\" data-component-name=\"paragraph\" data-article-gutter=\"true\">\n            Hay muchas cosas que puedes arrendar: un coche, un apartamento o un espacio de oficina, por ejemplo. Ahora puedes a\u00f1adir tu pr\u00f3ximo iPhone a esa lista.\n    <\/p>\n<p class=\"paragraph inline-placeholder vossi-paragraph\" data-uri=\"es.cms.cnn.com\/_components\/paragraph\/instances\/cms4q7v8g00043b6s8c40ddky@published\" data-editable=\"text\" data-component-name=\"paragraph\" data-article-gutter=\"true\">\n            Apple est\u00e1 lanzando un nuevo programa de arrendamiento para hacer que los iPhone, Mac y otros productos se sientan m\u00e1s asequibles en un momento en que los<a href=\"https:\/\/www.cnn.com\/2026\/07\/13\/tech\/ai-memory-shortage-apple-nintendo-price-hikes\" rel=\"nofollow noopener\" target=\"_blank\"> precios de la electr\u00f3nica est\u00e1n subiendo<\/a> y los consumidores est\u00e1n conservando los dispositivos durante m\u00e1s tiempo.\n    <\/p>\n<p class=\"paragraph inline-placeholder vossi-paragraph\" data-uri=\"es.cms.cnn.com\/_components\/paragraph\/instances\/cms4q7v8g00053b6se4ub7wuj@published\" data-editable=\"text\" data-component-name=\"paragraph\" data-article-gutter=\"true\">\n            Apple se est\u00e1 asociando con la plataforma de pagos Klarna para el programa, que estar\u00e1 disponible en Estados Unidos a partir del martes a trav\u00e9s de tiendas f\u00edsicas, en l\u00ednea y en la app Apple Store. Los iPhone y los Apple Watch pueden arrendarse por un periodo de 12 o 24 meses, mientras que los Mac y los iPad tendr\u00e1n un plazo de arrendamiento de 24 o 36 meses.\n    <\/p>\n<p class=\"paragraph inline-placeholder vossi-paragraph\" data-uri=\"es.cms.cnn.com\/_components\/paragraph\/instances\/cms4q7v8g00063b6sw6ue7j08@published\" data-editable=\"text\" data-component-name=\"paragraph\" data-article-gutter=\"true\">\n            Los productos elegibles incluyen:\n    <\/p>\n<ul data-editable=\"items\" class=\"list__items list__items--ul vossi-list__items vossi-list__items--ul\">\n<li data-editable=\"items.0.text\" class=\"list__item vossi-list__item inline-placeholder\">\n<p>            iPhone 17 lineup<\/p>\n<\/li>\n<li data-editable=\"items.1.text\" class=\"list__item vossi-list__item inline-placeholder\">\n<p>            iPhone Air<\/p>\n<\/li>\n<li data-editable=\"items.2.text\" class=\"list__item vossi-list__item inline-placeholder\">\n<p>            Apple Watch Series 11<\/p>\n<\/li>\n<li data-editable=\"items.3.text\" class=\"list__item vossi-list__item inline-placeholder\">\n<p>            Apple Watch Ultra 3<\/p>\n<\/li>\n<li data-editable=\"items.4.text\" class=\"list__item vossi-list__item inline-placeholder\">\n<p>            MacBook Air<\/p>\n<\/li>\n<li data-editable=\"items.5.text\" class=\"list__item vossi-list__item inline-placeholder\">\n<p>            MacBook Pro<\/p>\n<\/li>\n<li data-editable=\"items.6.text\" class=\"list__item vossi-list__item inline-placeholder\">\n<p>            iMac<\/p>\n<\/li>\n<li data-editable=\"items.7.text\" class=\"list__item vossi-list__item inline-placeholder\">\n<p>            Mac Studio<\/p>\n<\/li>\n<li data-editable=\"items.8.text\" class=\"list__item vossi-list__item inline-placeholder\">\n<p>            iPad Air<\/p>\n<\/li>\n<li data-editable=\"items.9.text\" class=\"list__item vossi-list__item inline-placeholder\">\n<p>            iPad Pro<\/p>\n<\/li>\n<li data-editable=\"items.10.text\" class=\"list__item vossi-list__item inline-placeholder\">\n<p>            iPad Mini<\/p>\n<\/li>\n<\/ul>\n<p class=\"paragraph inline-placeholder vossi-paragraph\" data-uri=\"es.cms.cnn.com\/_components\/paragraph\/instances\/cms4q7v8g00083b6s9unb1gbg@published\" data-editable=\"text\" data-component-name=\"paragraph\" data-article-gutter=\"true\">\n            Los productos m\u00e1s baratos de Apple \u2014como el iPhone 16, el MacBook Neo, el iPad b\u00e1sico y el Apple Watch SE\u2014 no forman parte del programa.\n    <\/p>\n<p>       <img loading=\"lazy\" decoding=\"async\" src=\"https:\/\/www.europesays.com\/es\/wp-content\/uploads\/2026\/07\/redes-pic-thumbnail-3-20250910224501798.jpg\" alt=\"REDES PIC THUMBNAIL (3).jpg\" class=\"image__dam-img image__dam-img--loading\" onload=\"this.classList.remove('image__dam-img--loading')\" onerror=\"imageLoadError(this)\" height=\"1080\" width=\"1920\"\/><\/p>\n<p>\u00bfC\u00f3mo ha cambiado la apariencia del iPhone a trav\u00e9s de los a\u00f1os?\n                <\/p>\n<p>\u00bfC\u00f3mo ha cambiado la apariencia del iPhone a trav\u00e9s de los a\u00f1os?<\/p>\n<p>        05:39<\/p>\n<p class=\"paragraph inline-placeholder vossi-paragraph\" data-uri=\"es.cms.cnn.com\/_components\/paragraph\/instances\/cms4q7v8g00093b6s13ylxh7z@published\" data-editable=\"text\" data-component-name=\"paragraph\" data-article-gutter=\"true\">\n            Este nuevo plan de arrendamiento reemplaza el iPhone Upgrade Program, que permit\u00eda a los consumidores cambiar de iPhone despu\u00e9s de realizar 12 pagos mensuales. El nuevo plan busca aplicar un concepto similar a una gama m\u00e1s amplia de productos Apple, al tiempo que ofrece m\u00e1s flexibilidad en los planes de pago y costos mensuales m\u00e1s bajos.\n    <\/p>\n<p class=\"paragraph inline-placeholder vossi-paragraph\" data-uri=\"es.cms.cnn.com\/_components\/paragraph\/instances\/cms4q7v8g000a3b6spm7ednmm@published\" data-editable=\"text\" data-component-name=\"paragraph\" data-article-gutter=\"true\">\n            La opci\u00f3n de arrendamiento de iPhone m\u00e1s barata cuesta US$ 17,99 al mes, mientras que el plan de actualizaci\u00f3n de iPhone comienza en alrededor de US$ 42 al mes, seg\u00fan el sitio web de Apple.\n    <\/p>\n<p class=\"paragraph inline-placeholder vossi-paragraph\" data-uri=\"es.cms.cnn.com\/_components\/paragraph\/instances\/cms4q7v8g000b3b6s76zz2py9@published\" data-editable=\"text\" data-component-name=\"paragraph\" data-article-gutter=\"true\">\n            El programa podr\u00eda ayudar a que los consumidores piensen en un iPhone o un Mac como otra suscripci\u00f3n en lugar de una compra de alto costo, seg\u00fan Francisco Jeronimo, analista de la firma de investigaci\u00f3n de mercado International Data Corporation. La mayor\u00eda de los estadounidenses ya no actualiza su tel\u00e9fono cada a\u00f1o: el usuario promedio conserva su tel\u00e9fono durante 22 meses, seg\u00fan una encuesta del a\u00f1o pasado de <a href=\"https:\/\/www.reviews.org\/mobile\/how-long-americans-keep-phones\/\" target=\"_blank\" rel=\"nofollow noopener\">Reviews.org<\/a>.\n    <\/p>\n<p class=\"paragraph inline-placeholder vossi-paragraph\" data-uri=\"es.cms.cnn.com\/_components\/paragraph\/instances\/cms4q7v8g000c3b6sw2ex4yol@published\" data-editable=\"text\" data-component-name=\"paragraph\" data-article-gutter=\"true\">\n            Mientras tanto, algunos analistas esperan que la pr\u00f3xima tanda de iPhone de Apple cueste m\u00e1s. El mes pasado, Apple subi\u00f3 los precios de una variedad de dispositivos, incluidos ciertos modelos de Mac y iPad, debido a una escasez continua de memoria por el aumento de la demanda de centros de datos.\n    <\/p>\n<p class=\"paragraph inline-placeholder vossi-paragraph\" data-uri=\"es.cms.cnn.com\/_components\/paragraph\/instances\/cms4q7v8h000d3b6s39givq0y@published\" data-editable=\"text\" data-component-name=\"paragraph\" data-article-gutter=\"true\">\n            \u201cDeber\u00edamos empezar a pensar en un iPhone de US$ 1.500 en lugar de un iPhone de US$ 1.000 (o) US$ 1.200\u201d, dijo a CNN a principios de este mes Mike Howard, vicepresidente de cobertura de memoria en la firma de investigaci\u00f3n TechInsights.\n    <\/p>\n<p class=\"paragraph inline-placeholder vossi-paragraph\" data-uri=\"es.cms.cnn.com\/_components\/paragraph\/instances\/cms4q7v8h000e3b6scd5vnoq4@published\" data-editable=\"text\" data-component-name=\"paragraph\" data-article-gutter=\"true\">\n            El nuevo programa de arrendamiento debuta antes del esperado lanzamiento del iPhone de Apple en septiembre. Se espera que la compa\u00f1\u00eda lance lo que probablemente ser\u00e1 su smartphone m\u00e1s caro hasta ahora: el primer iPhone plegable, seg\u00fan Bloomberg.\n    <\/p>\n<p class=\"paragraph inline-placeholder vossi-paragraph\" data-uri=\"es.cms.cnn.com\/_components\/paragraph\/instances\/cms4q7v8h000f3b6shp1ts2et@published\" data-editable=\"text\" data-component-name=\"paragraph\" data-article-gutter=\"true\">\n            \u201cEl verdadero riesgo de Apple es que el aumento de precios a\u00fan m\u00e1s pueda afectar el ciclo de actualizaci\u00f3n\u201d, dijo Jeronimo en un comunicado la semana pasada despu\u00e9s de que Bloomberg informara sobre el programa de arrendamiento.\n    <\/p>\n<p class=\"paragraph inline-placeholder vossi-paragraph\" data-uri=\"es.cms.cnn.com\/_components\/paragraph\/instances\/cms4q7v8h000g3b6s918t17e2@published\" data-editable=\"text\" data-component-name=\"paragraph\" data-article-gutter=\"true\">\n            \u201cApple Upgrade llega precisamente en el momento en que Apple lo necesita\u201d, dijo.\n    <\/p>\n","protected":false},"excerpt":{"rendered":"CNN\u00a0\u2014\u00a0 Hay muchas cosas que puedes arrendar: un coche, un apartamento o un espacio de oficina, por ejemplo.&hellip;\n","protected":false},"author":2,"featured_media":682313,"comment_status":"","ping_status":"","sticky":false,"template":"","format":"standard","meta":{"footnotes":""},"categories":[81],"tags":[2823,119,123,124,25,24,150,2822,117,121,122,23,118,120],"class_list":["post-682312","post","type-post","status-publish","format-standard","has-post-thumbnail","category-ciencia-y-tecnologia","tag-apple","tag-ciencia","tag-ciencia-y-tecnologia","tag-cienciaytecnologia","tag-es","tag-espana","tag-instanoticias","tag-iphone","tag-science","tag-science-and-technology","tag-scienceandtechnology","tag-spain","tag-technology","tag-tecnologia"],"share_on_mastodon":{"url":"https:\/\/pubeurope.com\/@es\/117000068744230279","error":""},"_links":{"self":[{"href":"https:\/\/www.europesays.com\/es\/wp-json\/wp\/v2\/posts\/682312","targetHints":{"allow":["GET"]}}],"collection":[{"href":"https:\/\/www.europesays.com\/es\/wp-json\/wp\/v2\/posts"}],"about":[{"href":"https:\/\/www.europesays.com\/es\/wp-json\/wp\/v2\/types\/post"}],"author":[{"embeddable":true,"href":"https:\/\/www.europesays.com\/es\/wp-json\/wp\/v2\/users\/2"}],"replies":[{"embeddable":true,"href":"https:\/\/www.europesays.com\/es\/wp-json\/wp\/v2\/comments?post=682312"}],"version-history":[{"count":0,"href":"https:\/\/www.europesays.com\/es\/wp-json\/wp\/v2\/posts\/682312\/revisions"}],"wp:featuredmedia":[{"embeddable":true,"href":"https:\/\/www.europesays.com\/es\/wp-json\/wp\/v2\/media\/682313"}],"wp:attachment":[{"href":"https:\/\/www.europesays.com\/es\/wp-json\/wp\/v2\/media?parent=682312"}],"wp:term":[{"taxonomy":"category","embeddable":true,"href":"https:\/\/www.europesays.com\/es\/wp-json\/wp\/v2\/categories?post=682312"},{"taxonomy":"post_tag","embeddable":true,"href":"https:\/\/www.europesays.com\/es\/wp-json\/wp\/v2\/tags?post=682312"}],"curies":[{"name":"wp","href":"https:\/\/api.w.org\/{rel}","templated":true}]}}