{"id":682444,"date":"2026-07-29T00:45:27","date_gmt":"2026-07-29T00:45:27","guid":{"rendered":"https:\/\/www.europesays.com\/es\/682444\/"},"modified":"2026-07-29T00:45:27","modified_gmt":"2026-07-29T00:45:27","slug":"barbara-rey-al-auxilio-de-terelu-campos-y-carmen-borrego","status":"publish","type":"post","link":"https:\/\/www.europesays.com\/es\/682444\/","title":{"rendered":"B\u00e1rbara Rey, al auxilio de Terelu Campos y Carmen Borrego"},"content":{"rendered":"<p>En las \u00faltimas semanas, el epicentro de la noticia ha bailado entre los plat\u00f3s de Telecinco y la casa que otrora era el refugio veraniego de <a title=\"Mar\u00eda Teresa Campos\" href=\"https:\/\/www.larazon.es\/gente\/famosos\/campos-bigote-amiga-siempre-cadaver-exquisito-maria-teresa_202607126a536f0dc48a78681b8422cc.html\" target=\"_blank\" rel=\"nofollow noopener\">Mar\u00eda Teresa Campos<\/a>. <b>Esa residencia a pie de playa en M\u00e1laga, que sus hijas estar\u00edan tratando de vender de la forma m\u00e1s discreta posible<\/b>. Sin embargo, al tratarse de una de las familias m\u00e1s medi\u00e1ticas de Espa\u00f1a, esto de dar pasos sin que nadie se entere es una empresa pr\u00e1cticamente imposible. Y es que todo ha estallado a modo de esc\u00e1ndalo, cuando se ha publicado un anuncio en un portal inmobiliario con las im\u00e1genes de todas y cada una de las estancias de la residencia malague\u00f1a. <a title=\"Terelu Campos\" href=\"https:\/\/www.larazon.es\/gente\/famosos\/terelu-campos-termina-piscina-ropa-plena-euforia-triunfo-espana_202607206a5e44e10500ab412ca0e1cb.html\" target=\"_blank\" rel=\"nofollow noopener\">Terelu Campos<\/a> y <a title=\"Carmen Borrego\" href=\"https:\/\/www.larazon.es\/gente\/famosos\/destrozan-coche-carmen-borrego-dan-fuga_202607226a60d64d4687a22bdec7c244.html\" target=\"_blank\" rel=\"nofollow noopener\">Carmen Borrego<\/a> han recibido un sinf\u00edn de cr\u00edticas, pero <a title=\"B\u00e1rbara Rey\" href=\"https:\/\/www.larazon.es\/gente\/famosos\/barbara-rey-muerte-fran-frances-afectado-mucho_202606086a26b1be44a9ef682513777a.html\" target=\"_blank\" rel=\"nofollow noopener\">B\u00e1rbara Rey<\/a> ha salido en su defensa. <\/p>\n<p>La primera en dar la cara fue Terelu, que se topaba con el anuncio en Idealista de la venta de la casa que heredaron de su madre en pleno directo. Lo sinti\u00f3 como una encerrona del programa en el que colabora cada tarde en Telecinco, pues desconoc\u00eda este movimiento. <b>Aseguraba que el anuncio era falso, aunque confirmaba que las fotograf\u00edas no solo eran reales, sino que adem\u00e1s eran actuales<\/b>, pues mostraban algunos objetos decorativos que reci\u00e9n hab\u00edan adquirido. Eso s\u00ed, negaba que tuviese intenci\u00f3n de vender la casa. Pese a ello, los periodistas con los que trabaja fueron tirando de la manta y <b>demostrando que no contaban del todo la verdad. <\/b><\/p>\n<p>B\u00e1rbara Rey saca la cara por Terelu y Carmen<\/p>\n<p>Las evidencias dejaban por mentirosas a las hermanas. Mientras aseguraban que no hab\u00edan tomado una decisi\u00f3n en firme sobre si vender o no la propiedad que les dej\u00f3 en herencia su madre, las pruebas eran m\u00e1s fuertes. <b>Hab\u00edan tenido reuniones con el director de una inmobiliaria<\/b>. El mismo que tom\u00f3 fotograf\u00edas de cada habitaci\u00f3n para conformar el anuncio de la pol\u00e9mica. De hecho, m\u00e1s tarde se confirm\u00f3 que <b>se produjeron dos visitas de personas interesadas en comprar la vivienda<\/b>. La controversia estaba servida, pues comenzaron los cruces de acusaciones, los desmentidos, confirmaciones veladas y el misterio crec\u00eda con grandes dosis de pol\u00e9mica.<\/p>\n<p><img decoding=\"async\" loading=\"lazy\" src=\"https:\/\/www.europesays.com\/es\/wp-content\/uploads\/2026\/07\/terelu-campos-carmen-borrego_58.jpg\" alt=\"Terelu Campos y Carmen Borrego \" width=\"980\" height=\"623\"\/><b>Terelu Campos y Carmen Borrego <\/b> Gtres<\/p>\n<p>Es en este punto donde ha querido entrar B\u00e1rbara Rey, dispuesta a defender los intereses de las hermanas. La vedette considera que \u201ceso no tiene ninguna importancia. Piensa una cosa, <b>es una casa que tienen que compartir las dos hermanas y tambi\u00e9n con los hijos. A lo mejor les viene mucho mejor venderla y luego repartir<\/b> y que cada uno haga lo que quiera independientemente, \u00bfme entiendes?\u201d, pone de relieve, al considerar que esta cuesti\u00f3n es meramente familiar y que perseguir\u00eda intereses pr\u00e1cticos m\u00e1s que meramente econ\u00f3micos. <\/p>\n<p>B\u00e1rbara Rey no llega a comprender el alcance de la pol\u00e9mica, pues considera que Terelu Campos y Carmen Borrego est\u00e1n en todo su derecho de tomar decisiones sobre su propio patrimonio sin rendir cuentas a terceras personas. Quiz\u00e1 aqu\u00ed todos coinciden, pero lo que se destaca desde la bancada cr\u00edtica es el hecho de ocultarlo cuando todo estall\u00f3: \u201cEs que adem\u00e1s no veo yo que eso sea una noticia para m\u00ed, por lo menos. <b>Despu\u00e9s de todo lo que a m\u00ed me ha pasado, vender una casa que sea noticia, pues me parece como, en fin, un poquito raro, \u00bfno?\u201d<\/b>, pone de relieve que su vida es m\u00e1s noticiable que la venta de la casa que fue refugio cada verano de Mar\u00eda Teresa Campos en M\u00e1laga. <\/p>\n","protected":false},"excerpt":{"rendered":"En las \u00faltimas semanas, el epicentro de la noticia ha bailado entre los plat\u00f3s de Telecinco y la&hellip;\n","protected":false},"author":2,"featured_media":682445,"comment_status":"","ping_status":"","sticky":false,"template":"","format":"standard","meta":{"footnotes":""},"categories":[174],"tags":[41541,15306,255,146,147,25,24,256,260,3855,18905,3634,1526,1922,23,692,807,1145,7147],"class_list":["post-682444","post","type-post","status-publish","format-standard","has-post-thumbnail","category-famosos","tag-barbara-rey","tag-carmen-borrego","tag-celebrities","tag-entertainment","tag-entretenimiento","tag-es","tag-espana","tag-famosos","tag-gente","tag-malaga","tag-maria-teresa-campos","tag-mercado-inmobiliario","tag-polemica","tag-redes-sociales","tag-spain","tag-telecinco","tag-television","tag-terelu-campos","tag-ventas"],"share_on_mastodon":{"url":"https:\/\/pubeurope.com\/@es\/117000505681361494","error":""},"_links":{"self":[{"href":"https:\/\/www.europesays.com\/es\/wp-json\/wp\/v2\/posts\/682444","targetHints":{"allow":["GET"]}}],"collection":[{"href":"https:\/\/www.europesays.com\/es\/wp-json\/wp\/v2\/posts"}],"about":[{"href":"https:\/\/www.europesays.com\/es\/wp-json\/wp\/v2\/types\/post"}],"author":[{"embeddable":true,"href":"https:\/\/www.europesays.com\/es\/wp-json\/wp\/v2\/users\/2"}],"replies":[{"embeddable":true,"href":"https:\/\/www.europesays.com\/es\/wp-json\/wp\/v2\/comments?post=682444"}],"version-history":[{"count":0,"href":"https:\/\/www.europesays.com\/es\/wp-json\/wp\/v2\/posts\/682444\/revisions"}],"wp:featuredmedia":[{"embeddable":true,"href":"https:\/\/www.europesays.com\/es\/wp-json\/wp\/v2\/media\/682445"}],"wp:attachment":[{"href":"https:\/\/www.europesays.com\/es\/wp-json\/wp\/v2\/media?parent=682444"}],"wp:term":[{"taxonomy":"category","embeddable":true,"href":"https:\/\/www.europesays.com\/es\/wp-json\/wp\/v2\/categories?post=682444"},{"taxonomy":"post_tag","embeddable":true,"href":"https:\/\/www.europesays.com\/es\/wp-json\/wp\/v2\/tags?post=682444"}],"curies":[{"name":"wp","href":"https:\/\/api.w.org\/{rel}","templated":true}]}}