{"id":682604,"date":"2026-07-29T03:18:14","date_gmt":"2026-07-29T03:18:14","guid":{"rendered":"https:\/\/www.europesays.com\/es\/682604\/"},"modified":"2026-07-29T03:18:14","modified_gmt":"2026-07-29T03:18:14","slug":"abascal-denuncia-una-emergencia-inmigratoria-en-ceuta-el-efecto-llamada-existe-y-se-ha-multiplicado-con-la-regularizacion","status":"publish","type":"post","link":"https:\/\/www.europesays.com\/es\/682604\/","title":{"rendered":"Abascal denuncia una \u00abemergencia inmigratoria\u00bb en Ceuta: \u00abEl efecto llamada existe y se ha multiplicado con la regularizaci\u00f3n\u00bb"},"content":{"rendered":"<p><b>\u00abLa frontera de Ceuta vive una de sus mayores emergencias inmigratorias\u00bb<\/b>. Esta es la denuncia p\u00fablica que ha hecho el l\u00edder de Vox, Santiago Abascal, en redes sociales despu\u00e9s de que la Delegaci\u00f3n del Gobierno en Ceuta informara este lunes de que m\u00e1s de un millar de personas migrantes, entre ellos adultos y menores edad, han accedido a la ciudad aut\u00f3noma durante la \u00faltima semana.<\/p>\n<p>A trav\u00e9s de una publicaci\u00f3n en X (antiguo Twitter), el de Vox ha criticado que ni el presidente del Gobierno, <a title=\"Pedro S\u00e1nchez\" href=\"https:\/\/www.larazon.es\/espana\/hace-balance-curso-politico-pedro-sanchez-tres-condenas-cero-presupuestos_202607286a68b87dda3add27d4e743db.html\" target=\"_blank\" rel=\"nofollow noopener\">Pedro S\u00e1nchez<\/a>, ni el jefe local del PP, \u00abtienen ninguna intenci\u00f3n de poner remedio\u00bb a la situaci\u00f3n.<\/p>\n<p>Asimismo, Abascal ha asegurado que <b>\u00abel efecto llamada existe y se ha multiplicado con la regularizaci\u00f3n masiva\u00bb.<\/b><\/p>\n<p>Complicada situaci\u00f3n en Ceuta<\/p>\n<p>Su mensaje llega el mismo d\u00eda en el que Ceuta ha vivido, de nuevo, una madrugada de m\u00e1xima <a title=\"presi\u00f3n migratoria\" href=\"https:\/\/www.larazon.es\/espana\/supremo-confirma-que-devoluciones-caliente-pueden-aplicar-migrantes-que-intentan-entrar-nado-ceuta-melilla_202607086a4e53b8c0b5fb431c474180.html\" target=\"_blank\" rel=\"nofollow noopener\">presi\u00f3n migratoria<\/a>, agravada por la falta de visibilidad en algunas zonas del mar por la niebla, lo que ha provocado el <b>acceso de m\u00e1s de 70 migrantes de distintas nacionalidades.<\/b><\/p>\n<p>Seg\u00fan han informado a Efe fuentes policiales, la situaci\u00f3n se ha vuelto a producir en el <b>espig\u00f3n fronterizo sur del Tarajal<\/b>, por donde grupos de migrantes han intentado acceder a nado, al igual que han hecho otras personas durante los \u00faltimos d\u00edas.<\/p>\n<p>Las primeras estimaciones indican que m\u00e1s de 70 migrantes han logrado acceder, la totalidad magreb\u00edes -marroqu\u00edes y argelinos-, mientras que las embarcaciones que Marruecos ha dispuesto en el mar han conseguido evitar que otros 200 lograran alcanzar las costas ceut\u00edes. Seg\u00fan han denunciado las organizaciones de la Guardia Civil, los agentes se encuentran desbordados ante este tipo de situaciones.<\/p>\n","protected":false},"excerpt":{"rendered":"\u00abLa frontera de Ceuta vive una de sus mayores emergencias inmigratorias\u00bb. Esta es la denuncia p\u00fablica que ha&hellip;\n","protected":false},"author":2,"featured_media":682605,"comment_status":"","ping_status":"","sticky":false,"template":"","format":"standard","meta":{"footnotes":""},"categories":[5],"tags":[17,18,4486,25,24,13,14,11,590,19,20,9,10,15,16,1526,6914,23,12,21,22],"class_list":["post-682604","post","type-post","status-publish","format-standard","has-post-thumbnail","category-titulares","tag-breaking-news","tag-breakingnews","tag-ceuta","tag-es","tag-espana","tag-featured-news","tag-featurednews","tag-headlines","tag-inmigracion","tag-latest-news","tag-latestnews","tag-news","tag-noticias","tag-noticias-destacadas","tag-noticiasdestacadas","tag-polemica","tag-santiago-abascal","tag-spain","tag-titulares","tag-ultimas-noticias","tag-ultimasnoticias"],"share_on_mastodon":{"url":"https:\/\/pubeurope.com\/@es\/117001106704980731","error":""},"_links":{"self":[{"href":"https:\/\/www.europesays.com\/es\/wp-json\/wp\/v2\/posts\/682604","targetHints":{"allow":["GET"]}}],"collection":[{"href":"https:\/\/www.europesays.com\/es\/wp-json\/wp\/v2\/posts"}],"about":[{"href":"https:\/\/www.europesays.com\/es\/wp-json\/wp\/v2\/types\/post"}],"author":[{"embeddable":true,"href":"https:\/\/www.europesays.com\/es\/wp-json\/wp\/v2\/users\/2"}],"replies":[{"embeddable":true,"href":"https:\/\/www.europesays.com\/es\/wp-json\/wp\/v2\/comments?post=682604"}],"version-history":[{"count":0,"href":"https:\/\/www.europesays.com\/es\/wp-json\/wp\/v2\/posts\/682604\/revisions"}],"wp:featuredmedia":[{"embeddable":true,"href":"https:\/\/www.europesays.com\/es\/wp-json\/wp\/v2\/media\/682605"}],"wp:attachment":[{"href":"https:\/\/www.europesays.com\/es\/wp-json\/wp\/v2\/media?parent=682604"}],"wp:term":[{"taxonomy":"category","embeddable":true,"href":"https:\/\/www.europesays.com\/es\/wp-json\/wp\/v2\/categories?post=682604"},{"taxonomy":"post_tag","embeddable":true,"href":"https:\/\/www.europesays.com\/es\/wp-json\/wp\/v2\/tags?post=682604"}],"curies":[{"name":"wp","href":"https:\/\/api.w.org\/{rel}","templated":true}]}}