{"id":682686,"date":"2026-07-29T04:49:20","date_gmt":"2026-07-29T04:49:20","guid":{"rendered":"https:\/\/www.europesays.com\/es\/682686\/"},"modified":"2026-07-29T04:49:20","modified_gmt":"2026-07-29T04:49:20","slug":"el-evento-de-verano-de-medicube-liquida-la-cosmetica-coreana-mas-deseada-10-chollos-por-menos-de-15-euros-ofertas-y-descuentos-escaparate","status":"publish","type":"post","link":"https:\/\/www.europesays.com\/es\/682686\/","title":{"rendered":"El \u2018Evento de Verano\u2019 de Medicube liquida la cosm\u00e9tica coreana m\u00e1s deseada: 10 chollos por menos de 15 euros | Ofertas y descuentos | Escaparate"},"content":{"rendered":"<p class=\"\">Cuando hablamos de cosm\u00e9tica coreana ya no se puede hablar de una simple tendencia o de una oleada de viralidad pasajera. Ha llegado para quedarse y pocas marcas despiertan tanta expectaci\u00f3n como <b>Medicube<\/b>. <\/p>\n<p class=\"\">La marca favorita de miles de usuarios (y de rostros conocidos como Hailey Bieber o Kylie Jenner) celebra su Evento de Verano con algunos de sus productos m\u00e1s buscados rebajados. S\u00e9rums, cremas, t\u00f3nicos y mascarillas con descuentos de hasta el 45% y precios finales que no se ven todos los d\u00edas. <\/p>\n<p>S\u00e9rum PDRN <\/p>\n<ul>\n<li>4,7 estrellas sobre 5<\/li>\n<li>M\u00e1s de 18.000 reviews <\/li>\n<\/ul>\n<p class=\"\">De los m\u00e1s famosos y virales de la marca. Revitaliza la piel apagada y promueve la elasticidad gracias a su f\u00f3rmula concentrada con el ingrediente de moda, <a href=\"https:\/\/elpais.com\/escaparate\/belleza\/2026-02-27\/pdrn-serum.html\" target=\"_blank\" rel=\"nofollow noopener\" title=\"https:\/\/elpais.com\/escaparate\/belleza\/2026-02-27\/pdrn-serum.html\">PDRN<\/a>, combinado con niacinamida y p\u00e9ptidos. Consigue una piel m\u00e1s tersa, luminosa y uniforme. <\/p>\n<p class=\"\"><b>39% de descuento, ahorra 7,32 euros. <\/b><\/p>\n<p><img alt=\"Este s\u00e9rum PDRN de Medicube es un absoluto \u00e9xito de ventas.\" decoding=\"auto\" class=\"_re lazyload a_m-h\" height=\"233\"  width=\"414\"  src=\"https:\/\/www.europesays.com\/es\/wp-content\/uploads\/2026\/07\/7WUCBUJ7KFHSPLUAVFUJONTWUI.png\" loading=\"lazy\" fetchpriority=\"low\"\/>S\u00e9rum PDRN Medicube.AMAZONMascarilla facial para combatir poros<\/p>\n<ul>\n<li>4,5 estrellas sobre 5 <\/li>\n<li>M\u00e1s de 6.000 reviews<\/li>\n<\/ul>\n<p class=\"\">Combina cinco tipos de arcilla con \u00e1cidos AHA, BHA y PHA para ofrecer resultados en solo tres minutos. Limpia los poros, exfolia con suavidad y ayuda a eliminar puntos negros. Adem\u00e1s, absorbe el exceso de sebo, reafirma sin resecar y deja la textura mucho m\u00e1s lisa. <\/p>\n<p class=\"\"><b>23% de descuento, ahorra 3,55 euros. <\/b><\/p>\n<p><img alt=\"Est mascarilla facial exfoliante Medicube ofrece resultados en tres minutos.\" decoding=\"auto\" class=\"_re lazyload a_m-h\" height=\"233\"  width=\"414\"  src=\"https:\/\/www.europesays.com\/es\/wp-content\/uploads\/2026\/07\/5UQ7I4ATIBEVTJ4MGEBKBMWJOM.png\" loading=\"lazy\" fetchpriority=\"low\"\/>Mascarilla facial Zero Pure Medicube.AMAZONCrema para el contorno de los ojos<\/p>\n<ul>\n<li>4,6 estrellas sobre 5 <\/li>\n<li>M\u00e1s de 4.000 reviews <\/li>\n<\/ul>\n<p class=\"\">Si las bolsas, las ojeras y la mirada cansada forman parte de tu d\u00eda a d\u00eda, este peque\u00f1o cosm\u00e9tico promete convertirse en un gran aliado. Ayuda a difuminar las l\u00edneas de expresi\u00f3n y mejora la elasticidad de la zona gracias a una f\u00f3rmula con retinol de pureza al 99% y PDRN. <\/p>\n<p class=\"\"><b>23% de descuento, ahorra 3,78 euros. <\/b><\/p>\n<p><img alt=\"Este contorno de ojos Medicube revitaliza la mirada cansada y alisa l\u00edneas finas.\" decoding=\"auto\" class=\"_re lazyload a_m-h\" height=\"233\"  width=\"414\"  src=\"https:\/\/www.europesays.com\/es\/wp-content\/uploads\/2026\/07\/T2ZOTLE2GJEE3HXQOXQ2USPCKE.png\" loading=\"lazy\" fetchpriority=\"low\"\/>Crema para el contorno de los ojos Medicube.AMAZONT\u00f3nico calmante <\/p>\n<ul>\n<li>4,6 estrellas sobre 5<\/li>\n<li>M\u00e1s de 3.000 reviews<\/li>\n<\/ul>\n<p class=\"\">PDRN, centella asi\u00e1tica y niacinamida forman el c\u00f3ctel de ingredientes de este t\u00f3nico calmante. Favorece la reparaci\u00f3n de la piel, ayuda a reducir el enrojecimiento, alivia la irritaci\u00f3n y deja una agradable sensaci\u00f3n de confort. <\/p>\n<p class=\"\"><b>31% de descuento, ahorra 5 euros.<\/b><\/p>\n<p><img alt=\"Este t\u00f3nico Medicube calma las irritaciones y el enrojecimiento.\" decoding=\"auto\" class=\"_re lazyload a_m-h\" height=\"233\"  width=\"414\"  src=\"https:\/\/www.europesays.com\/es\/wp-content\/uploads\/2026\/07\/JSYDCGGH5JHO3LBAGUCGA7F5LA.png\" loading=\"lazy\" fetchpriority=\"low\"\/>T\u00f3nico calmante Medicube.AMAZONAlmohadillas faciales con acci\u00f3n exfoliante<\/p>\n<ul>\n<li>4,8 estrellas sobre 5<\/li>\n<li>M\u00e1s de 27.000 reviews <\/li>\n<\/ul>\n<p class=\"\">Si los poros dilatados son una de tus preocupaciones, estas almohadillas de doble cara pueden convertirse en un b\u00e1sico. El lado con relieve exfolia suavemente y elimina las c\u00e9lulas muertas, y el lado liso calma la piel y deja un acabado m\u00e1s uniforme. <\/p>\n<p class=\"\"><b>30% de descuento, ahorra 5,09 euros. <\/b><\/p>\n<p><img alt=\"Estas almohadillas faciales con acci\u00f3n exfoliante combaten poros.\" decoding=\"auto\" class=\"_re lazyload a_m-h\" height=\"233\"  width=\"414\"  src=\"https:\/\/www.europesays.com\/es\/wp-content\/uploads\/2026\/07\/YVQRSWV7IVB3VI7RRQYLWUHBJE.png\" loading=\"lazy\" fetchpriority=\"low\"\/>Almohadillas faciales exfoliantes Medicube.AMAZONSet de mascarillas de gel<\/p>\n<ul>\n<li>4,7 estrellas sobre 5<\/li>\n<li>M\u00e1s de 11.000 reviews<\/li>\n<\/ul>\n<p class=\"\">Otro icono de la marca con un gran respaldo en redes sociales, donde acumula miles y miles de v\u00eddeos con el aspecto de la piel tras su uso. Ofrece un extra de hidrataci\u00f3n y firmeza para conseguir un rostro m\u00e1s radiante y con ese deseado efecto glass skin. \u00bfLos responsables? Col\u00e1geno y PDRN.<\/p>\n<p class=\"\"><b>39% de descuento, ahorra 7,32 euros.<\/b><\/p>\n<p><img alt=\"Estas mascarillas faciales Medicube son virales en TikTok.\" decoding=\"auto\" class=\"_re lazyload a_m-h\" height=\"233\"  width=\"414\"  src=\"https:\/\/www.europesays.com\/es\/wp-content\/uploads\/2026\/07\/A5FOWPYJCBFH5CIK72LQ7TVB6M.png\" loading=\"lazy\" fetchpriority=\"low\"\/>Set de mascarillas de gel Medicube.AMAZONS\u00e9rum de triple col\u00e1geno <\/p>\n<ul>\n<li>4,6 estrellas sobre 5 <\/li>\n<li>M\u00e1s de 3.000 reviews<\/li>\n<\/ul>\n<p class=\"\">Dise\u00f1ado para devolver elasticidad, firmeza y luminosidad a la piel gracias a una combinaci\u00f3n de col\u00e1geno hidrolizado, atelocol\u00e1geno y col\u00e1geno soluble. Una f\u00f3rmula que ayuda a hidratar hasta en las capas m\u00e1s profundas y deja el rostro con un aspecto m\u00e1s jugoso y flexible. <\/p>\n<p class=\"\"><b>27% de descuento, ahorra 4,46 euros. <\/b><\/p>\n<p><img alt=\"Este s\u00e9rum de triple col\u00e1geno de Medicube es un \u00e9xito en Amazon.\" decoding=\"auto\" class=\"_re lazyload a_m-h\" height=\"233\"  width=\"414\"  src=\"https:\/\/www.europesays.com\/es\/wp-content\/uploads\/2026\/07\/2UTGQIMYWNFDJOUE2UIMH2JQIE.png\" loading=\"lazy\" fetchpriority=\"low\"\/>S\u00e9rum de triple col\u00e1geno Medicube.AMAZONCrema para tratar las manchas oscuras<\/p>\n<ul>\n<li>4,6 estrellas sobre 5 <\/li>\n<li>M\u00e1s de 25.000 reviews <\/li>\n<\/ul>\n<p class=\"\">El gran atractivo de este cosm\u00e9tico reside en sus peque\u00f1as c\u00e1psulas de vitamina C estabilizada, dise\u00f1adas para ayudar a unificar el tono y reducir la apariencia de las manchas. Adem\u00e1s, aporta hidrataci\u00f3n y protecci\u00f3n antioxidante para conseguir una piel mucho m\u00e1s luminosa. <\/p>\n<p class=\"\"><b>35% de descuento, ahorra 7,52 euros. <\/b><\/p>\n<p><img alt=\"Esta crema Medicube cuenta con protecci\u00f3n antioxidante.\" decoding=\"auto\" class=\"_re lazyload a_m-h\" height=\"233\"  width=\"414\"  src=\"https:\/\/www.europesays.com\/es\/wp-content\/uploads\/2026\/07\/FRIIFI6UPBEYDISC36XO353YWI.png\" loading=\"lazy\" fetchpriority=\"low\"\/>Crema para pieles con manchas Medicube.AMAZONEnvoltura facial nocturna <\/p>\n<p class=\"\">Esta <a href=\"https:\/\/elpais.com\/escaparate\/belleza\/2025-10-16\/mascarilla-colageno-coreana.html\" target=\"_blank\" rel=\"nofollow noopener\" title=\"https:\/\/elpais.com\/escaparate\/belleza\/2025-10-16\/mascarilla-colageno-coreana.html\">mascarilla de col\u00e1geno coreana<\/a> es viral\u00edsima en redes sociales. Su popularidad se debe a la pel\u00edcula de col\u00e1geno que envuelve el rostro durante la noche. Al despertar, la piel luce m\u00e1s hidratada, luminosa y revitalizada. <\/p>\n<p class=\"\"><b>31% de descuento, ahorra 5,39 euros.<\/b><\/p>\n<p><img alt=\"Esta mascarilla de col\u00e1geno coreana de Medicube se aplica por la noche.\" decoding=\"auto\" class=\"_re lazyload a_m-h\" height=\"233\"  width=\"414\"  src=\"https:\/\/www.europesays.com\/es\/wp-content\/uploads\/2026\/07\/VCCQMFHJSVB5HDRFPBRTM7VLU4.png\" loading=\"lazy\" fetchpriority=\"low\"\/>Envoltura facial nocturna Medicube.AMAZONCrema hidratante <\/p>\n<ul>\n<li>4,4 estrellas sobre 5<\/li>\n<li>M\u00e1s de 32.000 reviews<\/li>\n<\/ul>\n<p class=\"\">Enriquecida con niacinamida, col\u00e1geno hidrolizado liofilizado, escualeno y elastina hidrolizada, re\u00fane una combinaci\u00f3n de activos que ayuda a mantener la hidrataci\u00f3n, mejorar la elasticidad y reforzar la firmeza. Uno de sus grande atractivos es su textura gelatinosa que convierte la aplicaci\u00f3n en un ritual de relajaci\u00f3n muy agradable. <\/p>\n<p class=\"\"><b>45% de descuento, ahorra 7,7 euros.<\/b><\/p>\n<p><img alt=\"Esta crema de Medicube destaca por su textura gelatinosa.\" decoding=\"auto\" class=\"_re lazyload a_m-h\" height=\"233\"  width=\"414\"  src=\"https:\/\/www.europesays.com\/es\/wp-content\/uploads\/2026\/07\/M6IJNW6BNFB3LIUYYH6UCIGVCE.png\" loading=\"lazy\" fetchpriority=\"low\"\/>Crema hidratante Medicube.AMAZON<\/p>\n<p class=\"\">[Recuerda que si eres usuario de Amazon Prime, todas las compras tienen gastos de env\u00edo gratuitos. Amazon ofrece un per\u00edodo de prueba gratuito y sin compromiso durante 30 d\u00edas.]<\/p>\n<p class=\"\">*Todos los precios de compra incluidos en este art\u00edculo est\u00e1n actualizados a 29 de julio de 2026.<\/p>\n<p class=\"\">Puedes seguir a EL PA\u00cdS ESCAPARATE en <a href=\"https:\/\/www.instagram.com\/escaparate.elpais\/\" target=\"_blank\" rel=\"nofollow noopener\" title=\"https:\/\/www.instagram.com\/escaparate.elpais\/\">Instagram<\/a>, o suscribirte aqu\u00ed a nuestra<a href=\"https:\/\/plus.elpais.com\/newsletters\/lnp\/1\/365\/?prm=not_landingnwl_esc\" target=\"_blank\" rel=\"nofollow noopener\" title=\"https:\/\/plus.elpais.com\/newsletters\/lnp\/1\/365\/?prm=not_landingnwl_esc\"> Newsletter<\/a>. <\/p>\n<p>* Nuestros periodistas recomiendan de forma rigurosa e independiente productos y servicios que puedes adquirir en Internet. Cada vez que compras a trav\u00e9s de algunos enlaces a\u00f1adidos al texto, EL PA\u00cdS recibe una comisi\u00f3n. <a href=\"https:\/\/elpais.com\/elpais\/2017\/05\/05\/escaparate\/1493975850_576536.html\" target=\"_blank\" rel=\"noopener nofollow\">Lee aqu\u00ed<\/a> nuestra pol\u00edtica comercial.<\/p>\n<p><script async src=\"\/\/www.instagram.com\/embed.js\"><\/script><\/p>\n","protected":false},"excerpt":{"rendered":"Cuando hablamos de cosm\u00e9tica coreana ya no se puede hablar de una simple tendencia o de una oleada&hellip;\n","protected":false},"author":2,"featured_media":682687,"comment_status":"","ping_status":"","sticky":false,"template":"","format":"standard","meta":{"footnotes":""},"categories":[80],"tags":[912,93569,82,1776,16243,33530,95,94,25,24,23],"class_list":["post-682686","post","type-post","status-publish","format-standard","has-post-thumbnail","category-economia","tag-amazon","tag-belleza-coreana","tag-business","tag-comercio-electronico","tag-cosmeticos","tag-cuidado-facial","tag-economia","tag-economy","tag-es","tag-espana","tag-spain"],"share_on_mastodon":{"url":"https:\/\/pubeurope.com\/@es\/117001466022958547","error":""},"_links":{"self":[{"href":"https:\/\/www.europesays.com\/es\/wp-json\/wp\/v2\/posts\/682686","targetHints":{"allow":["GET"]}}],"collection":[{"href":"https:\/\/www.europesays.com\/es\/wp-json\/wp\/v2\/posts"}],"about":[{"href":"https:\/\/www.europesays.com\/es\/wp-json\/wp\/v2\/types\/post"}],"author":[{"embeddable":true,"href":"https:\/\/www.europesays.com\/es\/wp-json\/wp\/v2\/users\/2"}],"replies":[{"embeddable":true,"href":"https:\/\/www.europesays.com\/es\/wp-json\/wp\/v2\/comments?post=682686"}],"version-history":[{"count":0,"href":"https:\/\/www.europesays.com\/es\/wp-json\/wp\/v2\/posts\/682686\/revisions"}],"wp:featuredmedia":[{"embeddable":true,"href":"https:\/\/www.europesays.com\/es\/wp-json\/wp\/v2\/media\/682687"}],"wp:attachment":[{"href":"https:\/\/www.europesays.com\/es\/wp-json\/wp\/v2\/media?parent=682686"}],"wp:term":[{"taxonomy":"category","embeddable":true,"href":"https:\/\/www.europesays.com\/es\/wp-json\/wp\/v2\/categories?post=682686"},{"taxonomy":"post_tag","embeddable":true,"href":"https:\/\/www.europesays.com\/es\/wp-json\/wp\/v2\/tags?post=682686"}],"curies":[{"name":"wp","href":"https:\/\/api.w.org\/{rel}","templated":true}]}}