{"id":68315,"date":"2025-08-24T05:02:15","date_gmt":"2025-08-24T05:02:15","guid":{"rendered":"https:\/\/www.europesays.com\/es\/68315\/"},"modified":"2025-08-24T05:02:15","modified_gmt":"2025-08-24T05:02:15","slug":"la-broker-jerezana-que-ha-enamorado-a-un-piloto-de-formula-1","status":"publish","type":"post","link":"https:\/\/www.europesays.com\/es\/68315\/","title":{"rendered":"la &#8216;broker&#8217; jerezana que ha enamorado a un piloto de F\u00f3rmula 1"},"content":{"rendered":"<p id=\"eiIBHJTEDM\" data-wc=\"79\"><strong>Carmen Montero Mundt\u00a0<\/strong>naci\u00f3 en Jerez de la Frontera, pero su vida ha traspasado fronteras, tanto que se ha convertido en una de las espa\u00f1olas m\u00e1s influyentes del momento dentro y fuera de nuestro pa\u00eds gracias a su impecable forma de vestir. Y s\u00ed, hay otra raz\u00f3n de peso que nos apasiona:<strong>\u00a0su historia de amor con el conocido\u00a0<\/strong><a class=\"hm-link\" href=\"https:\/\/www.hola.com\/fashion\/20250717844048\/wags-novias-pilotos-formula-1-looks\/\" data-mrf-recirculation=\"article-body-link\" rel=\"nofollow noopener\" target=\"_blank\">piloto brit\u00e1nico de F\u00f3rmula 1 George Russell<\/a><strong>,<\/strong> con quien ha protagonizado escenas dignas de pel\u00edcula dentro y fuera de paddock.\u00a0<\/p>\n<p> <img src=\"https:\/\/www.europesays.com\/es\/wp-content\/uploads\/2025\/08\/20ee12712438-gettyimages-2188054659.jpg\"   width=\"682\" height=\"1024\" loading=\"lazy\" decoding=\"async\" alt=\"Carmen Montero Mundt \" fetchpriority=\"auto\" class=\"image hf-image\"\/>\u00a9 Getty Images<\/p>\n<p id=\"eLLqFHPAoPa\" data-wc=\"82\">Si hace unas semanas habl\u00e1bamos del impecable estilo de su amiga, la <a class=\"hm-link\" href=\"https:\/\/www.hola.com\/fashion\/20250618837430\/rebecca-donaldson-pilares-de-mi-vida-amigos-familia\/\" rel=\"noopener nofollow\" target=\"_blank\" data-mrf-recirculation=\"article-body-link\">modelo escocesa Rebecca Donaldson<\/a>, que fue portada del n\u00famero de julio de FASHION, ahora es el turno de analizar los looks de verano de esta preciosa br\u00f3ker que queremos copiar antes de que vuelva el fr\u00edo. En su maleta de vacaciones, desde la Costa Azul o Capri hasta su ciudad natal, encontramos prendas de colores neutros tradicionales, siluetas estructuradas y dise\u00f1os limpios, propuestas que confirma su<strong>\u00a0estilo cl\u00e1sico y minimalista.\u00a0<\/strong><\/p>\n<p>17<\/p>\n<p>  <img src=\"https:\/\/www.europesays.com\/es\/wp-content\/uploads\/2025\/08\/a1719d538249-saveclipapp503653240185102621950127258652073502881098407n.jpg\"   width=\"818\" height=\"1024\" loading=\"lazy\" decoding=\"async\" alt=\"Media Image\" fetchpriority=\"auto\" class=\"image hf-image\"\/>\u00a9 carmenmmundt<\/p>\n<p> Un vestido con volantes<\/p>\n<p id=\"e-i6rU1lytL\">Para disfrutar de una rom\u00e1ntica cena en los jardines del m\u00edtico Hotel du Cap-Eden-Roc, en Antibes, se decant\u00f3 por un precioso<strong>\u00a0vestido largo en color coral de la marca Rixo<\/strong>. Destacan los delicados bordados florales en el escote, los volantes en los hombros y en el bajo de la falda y el cintur\u00f3n a tono.\u00a0<\/p>\n<p>27<\/p>\n<p>  <img src=\"https:\/\/www.europesays.com\/es\/wp-content\/uploads\/2025\/08\/3aaead8c6a5b-saveclipapp51807279118513718735012725463094282900765670n.jpg\"   width=\"818\" height=\"1024\" loading=\"lazy\" decoding=\"async\" alt=\"Media Image\" fetchpriority=\"auto\" class=\"image hf-image\"\/>\u00a9 carmenmmundt<\/p>\n<p> Un ba\u00f1ador de flores<\/p>\n<p id=\"eu2DiRTfFD\">La est\u00e9tica preppy tambi\u00e9n se ha colado en su repertorio estas vacaciones, y este maravilloso <strong>ba\u00f1ador blanco con estampado floral en azul clarito,<\/strong> escote palabra de honor y corte de pierna alta es un buen ejemplo de ello. Lo hemos localizado en la nueva colecci\u00f3n de la marca Cleonie, y lo combin\u00f3 con un pasador.\u00a0<\/p>\n<p>37<\/p>\n<p>  <img src=\"https:\/\/www.europesays.com\/es\/wp-content\/uploads\/2025\/08\/8c52313297a4-saveclipapp503591512185100934450127254022638714870694785n.jpg\"   width=\"819\" height=\"1024\" loading=\"lazy\" decoding=\"async\" alt=\"Media Image\" fetchpriority=\"auto\" class=\"image hf-image\"\/>\u00a9 carmenmmundt<\/p>\n<p> Un look &#8216;preppy&#8217;<\/p>\n<p id=\"eS_nzbdfMAp\">Siguiendo con la est\u00e9tica\u00a0preppy que tan bien funciona en rincones cerca del mar, Carmen nos ha enamorado con esta combinaci\u00f3n cl\u00e1sica que arrasa temporada tras temporada. Se trata de <strong>camisa blanca de manga a la sisa con bolsillos y una falda de rayas, tiro alto y mucho vuelo<\/strong> que luci\u00f3 con un sombrero de rafia, bolso acolchado, abanico a tono y sandalias de piel tipo pala. \u00a0<\/p>\n<p>47<\/p>\n<p>  <img src=\"https:\/\/www.europesays.com\/es\/wp-content\/uploads\/2025\/08\/4a643368bb0a-saveclipapp509631173185100934630127257629459783568329251n.jpg\"   width=\"818\" height=\"1024\" loading=\"lazy\" decoding=\"async\" alt=\"Media Image\" fetchpriority=\"auto\" class=\"image hf-image\"\/>\u00a9 carmenmmundt<\/p>\n<p> Un pa\u00f1uelo como top\u00a0<\/p>\n<p id=\"efVHre7LB7y\">Como experta en moda, est\u00e1 al tanto de las tendencias del sector, por eso no nos extra\u00f1a que haya ca\u00eddo a las redes del pa\u00f1uelo, aunque en una versi\u00f3n mucho m\u00e1s <a class=\"hm-link\" href=\"https:\/\/www.hola.com\/moda\/20250606836542\/sofia-richie-look-mono-retro-estampado-lunas-monaco\/\" data-mrf-recirculation=\"article-body-link\" rel=\"nofollow noopener\" target=\"_blank\">Old Money<\/a>. Utiliz\u00f3<strong data-gid=\"euqTLbSLfAI\">\u00a0el pa\u00f1uelo bicolor de Dior de seda a modo de top sin tirantes<\/strong> y lo combin\u00f3 con un collar de perlas y una falda de corte evas\u00e9, logrando un resultado de diez.\u00a0<\/p>\n<p>57<\/p>\n<p>  <img src=\"https:\/\/www.europesays.com\/es\/wp-content\/uploads\/2025\/08\/f79db5f4130d-saveclipapp501301642185047447120127253515064086434874013n.jpg\"   width=\"819\" height=\"1024\" loading=\"lazy\" decoding=\"async\" alt=\"Media Image\" fetchpriority=\"auto\" class=\"image hf-image\"\/>\u00a9 carmenmmundt<\/p>\n<p> Conjunto blanco<\/p>\n<p id=\"etKAnMKi8n\">El verano es para llevar <a class=\"hm-link\" href=\"https:\/\/www.hola.com\/fashion\/20250712841841\/como-llevar-pantalones-blancos-verano-zara\/\" data-mrf-recirculation=\"article-body-link\" rel=\"nofollow noopener\" target=\"_blank\">looks blancos de la cabeza a los pies<\/a>, y m\u00e1s si este color ayuda a potenciar el bronceado de la piel. Un detalle que tuvo en cuenta nuestra protagonista luciendo un <a class=\"hm-link\" href=\"https:\/\/www.hola.com\/fashion\/tendencias\/20250817850010\/tops-escote-halter-zara-nueva-coleccion\/\" data-mrf-recirculation=\"article-body-link\" rel=\"nofollow noopener\" target=\"_blank\">top halter<\/a><strong>\u00a0confeccionado en punto<\/strong> con una <strong>f<\/strong><strong>alda denim de corte midi<\/strong> a la que a\u00f1adi\u00f3 un cintur\u00f3n de piel para marcar la cintura. Y s\u00ed, una vez m\u00e1s llev\u00f3 un pa\u00f1uelo, aunque en esta ocasi\u00f3n lo incorpor\u00f3 sobre la cabeza, a modo de pa\u00f1oleta.\u00a0<\/p>\n<p>67<\/p>\n<p>  <img src=\"https:\/\/www.europesays.com\/es\/wp-content\/uploads\/2025\/08\/64fbcc7f44eb-saveclipapp505795803185082444970127251047386547983481565n.jpg\"   width=\"819\" height=\"1024\" loading=\"lazy\" decoding=\"async\" alt=\"Media Image\" fetchpriority=\"auto\" class=\"image hf-image\"\/>\u00a9 carmenmmundt<\/p>\n<p> Dos piezas de rayas<\/p>\n<p id=\"eM29Rzvvn5t\">Junto a su mencionada amiga Rebecca Donaldson, la vimos hace unos d\u00edas disfrutar de un evento privado luciendo el que es uno de nuestros looks favoritos. Hablamos de este <strong>dos piezas de rayas azul marino y blanco<\/strong>, compuesto por un top asim\u00e9trico con el gran aplique en forma de flor sobre el hombro y los pantalones de traje fluidos, localizados en la colecci\u00f3n de Silvia Tcherassi, que combin\u00f3 con mules blancos y puntiagudos de Manolo Blahnik. \u00a0<\/p>\n<p>77<\/p>\n<p>  <img src=\"https:\/\/www.europesays.com\/es\/wp-content\/uploads\/2025\/08\/a2814846c351-saveclipapp495244786185003476090127255409448653789625141n.jpg\"   width=\"819\" height=\"1024\" loading=\"lazy\" decoding=\"async\" alt=\"Media Image\" fetchpriority=\"auto\" class=\"image hf-image\"\/>\u00a9 carmenmmundt<\/p>\n<p> Una falda de lentejuelas<\/p>\n<p id=\"eDSet1UfX1sS\">Las lentejuelas tambi\u00e9n encajan cuando las temperaturas ascienden, y si pensabas que era complicado crear un estilismo impecable, he aqu\u00ed la inspiraci\u00f3n que necesitas. Carmen triunf\u00f3 en una noche de fiesta enfundada en un <strong>top halter de seda\u00a0<\/strong>combinado con una <strong>falda de tiro alto y corte sirena<\/strong>, \u00a1estaba impresionante!<\/p>\n","protected":false},"excerpt":{"rendered":"Carmen Montero Mundt\u00a0naci\u00f3 en Jerez de la Frontera, pero su vida ha traspasado fronteras, tanto que se ha&hellip;\n","protected":false},"author":2,"featured_media":68316,"comment_status":"","ping_status":"","sticky":false,"template":"","format":"standard","meta":{"footnotes":""},"categories":[270],"tags":[425,168,253,25,24,306,271,272,10875,23,167,2922],"class_list":{"0":"post-68315","1":"post","2":"type-post","3":"status-publish","4":"format-standard","5":"has-post-thumbnail","7":"category-formula-1","8":"tag-hola-fashion","9":"tag-deportes","10":"tag-discover","11":"tag-es","12":"tag-espana","13":"tag-f1","14":"tag-formula-1","15":"tag-formula1","16":"tag-moda-primavera-verano","17":"tag-spain","18":"tag-sports","19":"tag-tendencias"},"share_on_mastodon":{"url":"","error":""},"_links":{"self":[{"href":"https:\/\/www.europesays.com\/es\/wp-json\/wp\/v2\/posts\/68315","targetHints":{"allow":["GET"]}}],"collection":[{"href":"https:\/\/www.europesays.com\/es\/wp-json\/wp\/v2\/posts"}],"about":[{"href":"https:\/\/www.europesays.com\/es\/wp-json\/wp\/v2\/types\/post"}],"author":[{"embeddable":true,"href":"https:\/\/www.europesays.com\/es\/wp-json\/wp\/v2\/users\/2"}],"replies":[{"embeddable":true,"href":"https:\/\/www.europesays.com\/es\/wp-json\/wp\/v2\/comments?post=68315"}],"version-history":[{"count":0,"href":"https:\/\/www.europesays.com\/es\/wp-json\/wp\/v2\/posts\/68315\/revisions"}],"wp:featuredmedia":[{"embeddable":true,"href":"https:\/\/www.europesays.com\/es\/wp-json\/wp\/v2\/media\/68316"}],"wp:attachment":[{"href":"https:\/\/www.europesays.com\/es\/wp-json\/wp\/v2\/media?parent=68315"}],"wp:term":[{"taxonomy":"category","embeddable":true,"href":"https:\/\/www.europesays.com\/es\/wp-json\/wp\/v2\/categories?post=68315"},{"taxonomy":"post_tag","embeddable":true,"href":"https:\/\/www.europesays.com\/es\/wp-json\/wp\/v2\/tags?post=68315"}],"curies":[{"name":"wp","href":"https:\/\/api.w.org\/{rel}","templated":true}]}}