{"id":68325,"date":"2025-08-24T05:10:15","date_gmt":"2025-08-24T05:10:15","guid":{"rendered":"https:\/\/www.europesays.com\/es\/68325\/"},"modified":"2025-08-24T05:10:15","modified_gmt":"2025-08-24T05:10:15","slug":"llucia-garcia-y-mitch-los-protagonistas-de-la-nueva-pelicula-de-carla-simon-el-retrato-de-una-generacion-olvidada-y-marcada-por-el-sida-y-la-heroina-placeres-s-moda","status":"publish","type":"post","link":"https:\/\/www.europesays.com\/es\/68325\/","title":{"rendered":"Ll\u00facia Garcia y Mitch, los protagonistas de la nueva pel\u00edcula de Carla Sim\u00f3n: el retrato de una generaci\u00f3n olvidada y marcada por el sida y la hero\u00edna | Placeres | S Moda"},"content":{"rendered":"<p class=\"\">Se conocieron a pocas semanas de empezar los ensayos. Mitch (Miguel Bustamante Robles, Madrid, 2003) hac\u00eda \u201csiete u ocho meses\u201d que hab\u00eda hecho la primera prueba con <a href=\"https:\/\/elpais.com\/smoda\/carla-simon-directora-de-alcarras-es-importante-que-las-mujeres-contemos-a-los-hombres-nuestra-version-de-la-masculinidad.html\" target=\"_blank\" rel=\"noreferrer nofollow noopener\" title=\"https:\/\/elpais.com\/smoda\/carla-simon-directora-de-alcarras-es-importante-que-las-mujeres-contemos-a-los-hombres-nuestra-version-de-la-masculinidad.html\">Carla Sim\u00f3n<\/a>. \u201cYo fui de los primeros en llegar. Carla me hab\u00eda empezado a seguir en <a href=\"https:\/\/www.instagram.com\/mitchmbr\/\" target=\"_blank\" rel=\"noreferrer nofollow noopener\" title=\"https:\/\/www.instagram.com\/mitchmbr\/\">Instagram<\/a>, hab\u00eda hablado con mi representante. Hice una prueba, mand\u00e9 una grabaci\u00f3n y despu\u00e9s pasaron no s\u00e9 cu\u00e1ntos meses para la segunda y luego una tercera, ya en Barcelona, donde conoc\u00ed a Ll\u00facia\u201d, recuerda el m\u00fasico y actor. A su lado, Ll\u00facia Garcia (Barcelona, 2006) le escucha y asiente, ella lleg\u00f3 casi al final, lo suyo fue m\u00e1s fortuito. La directora y su equipo llevaban meses buscando a la actriz que ten\u00eda que interpretar el doble papel protagonista de su nueva pel\u00edcula, <a href=\"https:\/\/elpais.com\/cultura\/2025-05-21\/carla-simon-conmueve-en-cannes-con-la-busqueda-de-su-identidad-en-la-espana-de-la-heroina-de-los-ochenta.html\" target=\"_blank\" rel=\"noreferrer nofollow noopener\" title=\"https:\/\/elpais.com\/cultura\/2025-05-21\/carla-simon-conmueve-en-cannes-con-la-busqueda-de-su-identidad-en-la-espana-de-la-heroina-de-los-ochenta.html\">Romer\u00eda<\/a>. \u201cHicimos casting de calle, por Instagram, en institutos\u201d, recuerda Sim\u00f3n. Y, por fin y por suerte, apareci\u00f3 Ll\u00facia, por la calle. \u201cYo volv\u00eda de unos campamentos, iba ah\u00ed como de cinco d\u00edas sin duchar, con la mochila y todo, y en la plaza de la Vila de Gr\u00e0cia, de mi barrio, me pararon y me dijeron: \u2018Estamos haciendo este casting para la nueva pel\u00edcula de Carla Sim\u00f3n\u2019. Y yo dije \u2018vale\u2019 y al d\u00eda siguiente lo hice\u201d, recuerda la joven.<\/p>\n<p><img alt=\"Mitch lleva jersey de GANT y Ll\u00facia, chaleco de GANT.\" decoding=\"auto\" class=\"_re lazyload a_m-v\" height=\"518\"  width=\"414\"  src=\"https:\/\/www.europesays.com\/es\/wp-content\/uploads\/2025\/08\/XPUJ43YUNZF2TDHRVHGE6JWGB4.jpg\" loading=\"lazy\"\/>Mitch lleva jersey de GANT y Ll\u00facia, chaleco de GANT.Pablo Zamora<\/p>\n<p class=\"\">Hijo de la periodista Marta Robles, Mitch es m\u00fasico, toca y canta en tres bandas,<a href=\"https:\/\/www.instagram.com\/boston.babies_\/\" target=\"_blank\" rel=\"noreferrer nofollow noopener\" title=\"https:\/\/www.instagram.com\/boston.babies_\/\"> Boston Babies<\/a>, <a href=\"https:\/\/www.instagram.com\/los_escarlata\/\" target=\"_blank\" rel=\"noreferrer nofollow noopener\" title=\"https:\/\/www.instagram.com\/los_escarlata\/\">Escarlata <\/a>y <a href=\"https:\/\/www.instagram.com\/analisis.analisis\/\" target=\"_blank\" rel=\"noreferrer nofollow noopener\" title=\"https:\/\/www.instagram.com\/analisis.analisis\/\">An\u00e1lisis<\/a>, y Romer\u00eda no era su primera experiencia como actor: \u201cYo hice mi primer cortometraje con 16 o 17 a\u00f1os. Luego hice una serie de televisi\u00f3n. Y un par de cortometrajes m\u00e1s\u201d, cuenta. \u201cPero tambi\u00e9n me lleg\u00f3 de repente, me dijeron: \u2018\u00bfTe molar\u00eda hacer esto?\u2019. Y prob\u00e9 y me flip\u00f3. Me flip\u00f3 todo lo que es crear un personaje\u201d. Ll\u00facia, terminando entonces a\u00fan el Bachillerato, en cambio, ni se lo hab\u00eda planteado: \u201cDe peque\u00f1a hac\u00eda teatro en el cole, como de extraescolar, pero hice los castings por divertirme, por probar\u201d.<\/p>\n<p class=\"\">Los dos relatan la experiencia sentados en una terraza en Madrid, en plena ola de calor. Est\u00e1n algo nerviosos porque esta es su primera entrevista larga, tambi\u00e9n tendr\u00e1n su primera producci\u00f3n de moda \u2014las fotos que acompa\u00f1an este texto\u2014 cuando acabemos la charla. La tarde anterior estuvieron ensayando preguntas y respuestas, cuentan entre risas. Hace poco m\u00e1s de un mes que volvieron del Festival de Cannes, donde presentaron Romer\u00eda en Secci\u00f3n Oficial y subieron las escaleras del Palais <a href=\"https:\/\/elpais.com\/cultura\/2025-05-21\/carla-simon-cierra-en-cannes-su-trilogia-familiar-romeria-nace-de-la-frustracion-de-no-saber-mucho-sobre-mis-padres.html\" target=\"_blank\" rel=\"noreferrer nofollow noopener\" title=\"https:\/\/elpais.com\/cultura\/2025-05-21\/carla-simon-cierra-en-cannes-su-trilogia-familiar-romeria-nace-de-la-frustracion-de-no-saber-mucho-sobre-mis-padres.html\">de la mano de Carla Sim\u00f3n y de la productora Mar\u00eda Zamora<\/a>. Once minutos de ovaci\u00f3n recibi\u00f3 todo el equipo. Un momento que todav\u00eda no han digerido del todo. Tan alejado de sus realidades. \u201cEs que creo que a lo mejor no tengo nada que digerir porque tampoco sab\u00eda mucho qu\u00e9 era Cannes antes de ir\u201d, dice ella, sincera. De aquellos d\u00edas lo que m\u00e1s les sorprendi\u00f3 a los dos fue la intensidad del trabajo (\u201cEventos, la alfombra, entrevistas, no comes porque a lo mejor est\u00e1s nervioso\u201d) y la exposici\u00f3n. \u201cC\u00f3mo te mira la gente o de repente ir con un coche escoltado\u201d, dice Mitch. \u201cS\u00ed, este rollo de que te tratan raro porque eres como alguien y te sientes un poco deshumanizada, es un poco raro\u201d, apunta Ll\u00facia. Fue un cursillo intensivo para lo que les queda por delante, lo saben, semanas e incluso meses de promoci\u00f3n, antes del estreno en Espa\u00f1a (el 5 de septiembre). Y despu\u00e9s vendr\u00e1n m\u00e1s festivales, estrenos en otros pa\u00edses, temporada de premios\u2026 Porque los habr\u00e1, deber\u00eda haberlos.<\/p>\n<p><img alt=\"Ll\u00facia lleva vestido de MAJE, abrigo de CELINE y tacones de AQUAZZURA.\" decoding=\"auto\" class=\"_re lazyload a_m-v\" height=\"418\"  width=\"414\"  src=\"https:\/\/www.europesays.com\/es\/wp-content\/uploads\/2025\/08\/MIM3PH7IE5EJBBRPP46RV5HNRI.jpg\" loading=\"lazy\"\/>Ll\u00facia lleva vestido de MAJE, abrigo de CELINE y tacones de AQUAZZURA.Pablo Zamora<\/p>\n<p class=\"\">Romer\u00eda es la tercera pel\u00edcula de Carla Sim\u00f3n, despu\u00e9s de Verano 1993 (2017), con la que gan\u00f3 en M\u00e1laga y el Goya a mejor direcci\u00f3n novel; y de <a href=\"https:\/\/elpais.com\/smoda\/placeres\/el-ciclo-de-la-vida-el-ciclo-del-cine.html\" target=\"_blank\" rel=\"noreferrer nofollow noopener\" title=\"https:\/\/elpais.com\/smoda\/placeres\/el-ciclo-de-la-vida-el-ciclo-del-cine.html\">Alcarr\u00e0s <\/a>(2022), con la que gan\u00f3 el Oso de Oro en la Berlinale. Es el cierre tambi\u00e9n de su trilog\u00eda sobre familia e identidad, de las pel\u00edculas que ha hecho bas\u00e1ndose en su propia vida y con el deseo expreso de generar sus propios recuerdos, las im\u00e1genes de un pasado que no conoci\u00f3, \u201cincluso resucitar a los muertos de alguna forma\u201d, dice la directora. Sus padres murieron de sida cuando era una ni\u00f1a, a su padre ni siquiera lleg\u00f3 a conocerlo, del luto por su madre y el comienzo de su nueva vida naci\u00f3 Verano 1993, de la observaci\u00f3n de su familia, agricultores de la zona de Alcarr\u00e0s, naci\u00f3 el segundo filme; en el tercero se va a conocer a la familia de su padre, en Vigo, a la que ella misma tambi\u00e9n conoci\u00f3 cuando ya era mayor. Pero, como siempre, Sim\u00f3n ficciona sobre su propia vida y quiz\u00e1 esta vez se aleja incluso m\u00e1s. \u201cPara contar esta historia que no es solo mi historia, sino la de mucha gente\u201d, explic\u00f3 en el Festival de Cannes.<\/p>\n<p><img alt=\"Mitch con total look de PRADA.\" decoding=\"auto\" class=\"_re lazyload a_m-v\" height=\"531\"  width=\"414\"  src=\"https:\/\/www.europesays.com\/es\/wp-content\/uploads\/2025\/08\/BJ3TXRNESZADLETXYQYMAVMKR4.jpg\" loading=\"lazy\"\/>Mitch con total look de PRADA.Pablo Zamora<\/p>\n<p class=\"\">Se dio cuenta de ello en la promoci\u00f3n de Verano 1993, cuando se le acercaba gente para contarle su historia personal relacionada con el sida y las drogas. Romer\u00eda es \u201cuna reivindicaci\u00f3n de esa generaci\u00f3n olvidada\u201d, dice la directora. \u201cEl sida en cada pa\u00eds tiene historias distintas, en Espa\u00f1a tuvo que ver con la crisis de la hero\u00edna, que a su vez tuvo que ver con ese momento de felicidad y libertad que se experiment\u00f3 despu\u00e9s de Franco, pero que tuvo una cara b, porque entraron muchas drogas\u2026 Yo creo que <a href=\"https:\/\/elpais.com\/smoda\/placeres\/2025-04-05\/xulia-alonso-quienes-se-infectan-de-sida-ahora-tienen-una-reaccion-parecida-a-la-del-principio-no-lo-cuentan-es-un-autoestigma.html\" target=\"_blank\" rel=\"noreferrer nofollow noopener\" title=\"https:\/\/elpais.com\/smoda\/placeres\/2025-04-05\/xulia-alonso-quienes-se-infectan-de-sida-ahora-tienen-una-reaccion-parecida-a-la-del-principio-no-lo-cuentan-es-un-autoestigma.html\">el estigma, el secreto que ha llevado la hero\u00edna es muy fuerte<\/a>\u201d, contin\u00faa. \u201cEn nuestro imaginario parece que la hero\u00edna estuviera asociada a gente de chabolas, a tirados\u2026 Pero la hero\u00edna toc\u00f3 a todo el mundo, a todas las clases y, de hecho, empez\u00f3 por las altas. Y ese dolor de las familias que han pasado por ah\u00ed es un poco de lo que habla tambi\u00e9n la pel\u00edcula y el motivo por el que la memoria no est\u00e1 bien colocada\u201d. <\/p>\n<p class=\"\">Romer\u00eda arranca con Marina (Ll\u00facia) llegando a Vigo, la reciben su t\u00edo (Trist\u00e1n Ulloa) y sus tres primos, entre los que est\u00e1 Nuno (Mitch), con el que enseguida tiene una conexi\u00f3n especial. Marina ha ido all\u00ed siguiendo los diarios de su madre (en la realidad, las cartas de la madre de Sim\u00f3n) y a conseguir un certificado de defunci\u00f3n de su padre para pedir una beca para estudiar cine. En Vigo la espera una historia que no conoc\u00eda, los recuerdos de cada uno de sus t\u00edos, abuelos, con los que espera construir sus propios recuerdos. Unos recuerdos que se vuelven reales cuando la pel\u00edcula viaja a otro tiempo, a los a\u00f1os ochenta, y comienza un juego de espejos entre el pasado y el presente. <\/p>\n<p class=\"\">Un juego por el que Ll\u00facia y Mitch tuvieron que interpretar dos papeles sin necesidad de caracterizaciones. Por eso era tambi\u00e9n tan complicado el casting y fue tan largo e intenso el trabajo con ellos.<\/p>\n<p><img alt=\"Ambos actores con total look de GUCCI.\" decoding=\"auto\" class=\"_re lazyload a_m-h\" height=\"414\"  width=\"414\"  src=\"https:\/\/www.europesays.com\/es\/wp-content\/uploads\/2025\/08\/TRAMBBWYQNGRNHZPHMCXDDIA3Y.jpg\" loading=\"lazy\"\/>Ambos actores con total look de GUCCI.Pablo Zamora<\/p>\n<p class=\"\">Que Ll\u00facia pod\u00eda ser Marina lo vieron m\u00e1s f\u00e1cilmente, la duda era si tambi\u00e9n pod\u00eda ser la madre. Ah\u00ed Carla Sim\u00f3n se decidi\u00f3 cuando le hizo una pregunta: cu\u00e1l era su mayor miedo. \u201cMi respuesta fue ser o parecer tonta\u201d, cuenta la actriz. \u201cCreo que le gust\u00f3 porque le record\u00f3 a ella de joven\u201d. Y la directora lo confirma: \u201cAdem\u00e1s de que me sent\u00ed absolutamente identificada, porque es algo que podr\u00eda haber contestado yo de joven, porque yo era consciente de que daba una imagen que muchas veces no coincid\u00eda con lo que yo luego pod\u00eda hacer, ah\u00ed me dio una pista de que es alguien que parece una cosa, pero puede ser otra, ah\u00ed pens\u00e9 que tambi\u00e9n podr\u00eda hacer de la madre\u201d.<\/p>\n<p class=\"\">Con Mitch fue al contrario, ten\u00edan claro que, por su aspecto y su est\u00e9tica, influenciado por el punk y el hardcore, encajaba muy bien en los ochenta, la duda era si daba tambi\u00e9n para interpretar a Nuno, el primo en la actualidad. \u201cMe dijeron que, por favor, me quitara las pintas\u201d, se r\u00ede. \u201cY yo volv\u00ed de Barcelona y, rayado, me cort\u00e9 el pelo pensando que, si no lo hac\u00eda, no me pillaban\u201d.<\/p>\n<p><img alt=\"Ll\u00facia, con vestido y abrigo de MOSCHINO, y Mitch, con pantal\u00f3n y camisa de EMPORIO ARMANI y abrigo de MARC O\u2019POLO.\" decoding=\"auto\" class=\"_re lazyload a_m-v\" height=\"516\"  width=\"414\"  src=\"https:\/\/www.europesays.com\/es\/wp-content\/uploads\/2025\/08\/BCMZ64Y2HNFTXPEF36NWMUQDYQ.jpg\" loading=\"lazy\"\/>Ll\u00facia, con vestido y abrigo de MOSCHINO, y Mitch, con pantal\u00f3n y camisa de EMPORIO ARMANI y abrigo de MARC O\u2019POLO.Pablo Zamora<\/p>\n<p class=\"\">Despu\u00e9s vino todo el trabajo con Carla y Berta, su hermana y coach. Semanas de ensayos, de generar \u201cuna memoria compartida\u201d entre todos los actores. Ensayar un baile clave en el filme, lo m\u00e1s complicado para Mitch. Responder a la \u201cforma \u00fanica\u201d que tiene Sim\u00f3n de generar \u201ccine de verdad\u201d. El reto para Ll\u00facia de tener que enfadarse cuando dijeran acci\u00f3n. Para ellos ha sido un a\u00f1o de crecer personalmente.<\/p>\n<p class=\"\">Mitch lleg\u00f3 a conocer a adictos a la hero\u00edna, aunque sab\u00eda bien todo lo que pas\u00f3 en aquella \u00e9poca por amigos y gente a la que admira de entonces. \u201cYo tengo mucha influencia de esa \u00e9poca, s\u00e9 lo que hizo el caballo, lo que fueron las drogas en este pa\u00eds sobre todo a trav\u00e9s de la m\u00fasica, porque las letras que he escuchado toda mi vida son de gente totalmente destrozada por una realidad en la cual ellos han sido olvidados\u201d, explica y menciona a alguno de sus \u00eddolos de ese momento, como <a href=\"https:\/\/elpais.com\/smoda\/placeres\/alberto-garcia-alix-no-fotografiaria-nunca-la-violencia-me-incomoda.html\" target=\"_blank\" rel=\"noreferrer nofollow noopener\" title=\"https:\/\/elpais.com\/smoda\/placeres\/alberto-garcia-alix-no-fotografiaria-nunca-la-violencia-me-incomoda.html\">Alberto Garc\u00eda-Alix<\/a>. \u201cLe conoc\u00ed hace un poco en un festival que tocamos y le di las gracias, para m\u00ed es una referencia en todo y por gente como \u00e9l siento esa responsabilidad por representar en esta pel\u00edcula esa realidad\u201d, contin\u00faa. Por esa responsabilidad y el trabajo para crear su personaje en Romer\u00eda siente que ha madurado en el \u00faltimo a\u00f1o. \u201cInterpretar un papel as\u00ed te pone los pies en la tierra y te das cuenta de que la vida no es tan f\u00e1cil\u201d, a\u00f1ade. Ll\u00facia no sinti\u00f3 tanto esa responsabilidad porque su personaje iba desde los sentimientos, desde la empat\u00eda y el no juzgar al resto. \u201cNo s\u00e9 si me ha hecho madurar, pero s\u00ed me ha hecho percibirme como adulta y he crecido por la experiencia, por relacionarme con gente de muchas edades distintas, la independencia de estar trabajando en Vigo y todo eso\u201d, desarrolla.<\/p>\n<p><img alt=\"Mitch lleva americana y pantal\u00f3n de SANDRO, camisa de KARL LAGERFELD y lazo de EMPORIO ARMANI, y Ll\u00facia viste top y pantal\u00f3n de GIORGIO ARMANI.\" decoding=\"auto\" class=\"_re lazyload a_m-v\" height=\"516\"  width=\"414\"  src=\"https:\/\/www.europesays.com\/es\/wp-content\/uploads\/2025\/08\/FKSQT7LVZZA2XOX6ESG2K6ZCJQ.jpg\" loading=\"lazy\"\/>Mitch lleva americana y pantal\u00f3n de SANDRO, camisa de KARL LAGERFELD y lazo de EMPORIO ARMANI, y Ll\u00facia viste top y pantal\u00f3n de GIORGIO ARMANI.Pablo Zamora<\/p>\n<p class=\"\">Los dos est\u00e1n felices con la experiencia, orgullosos y cautos, pero curiosos ante lo que viene por delante. Ll\u00facia no tiene claro que se vaya a dedicar a la interpretaci\u00f3n. El a\u00f1o pasado se matricul\u00f3 en Filosof\u00eda, este se ha pasado a Antropolog\u00eda. \u201cA\u00fan no s\u00e9 muy bien qu\u00e9 voy a hacer, pero tengo que ver qu\u00e9 significa esto porque a\u00fan no lo he asimilado del todo yo creo y a\u00fan no he vivido muchas cosas que a lo mejor conozco luego y no vale la pena\u201d, dice. \u201cMe da mucho miedo como de tantas entrevistas volverme una narcisista, \u00bfsabes? Yo creo que tengo mucha suerte de tener este entorno que me est\u00e1 ayudando con esto. Ahora es ver si me apetece, no me apetece\u2026 Con calma. Y tampoco s\u00e9 si yo puedo seguir actuando, porque Carla tiene una forma muy concreta de trabajar, hemos hecho tres meses de ensayos y ya part\u00edamos de una base de c\u00f3mo \u00e9ramos nosotros\u201d. Solo pensar en las fotos y tener que vestirse\u2026 \u201cYo todo el rato llevo cosas que est\u00e1n rotas y tal, entonces cualquier cosa que me pongan igual me siento un poco disfrazada, pero tambi\u00e9n es un poco divertido\u201d, dice.<\/p>\n<p><img alt=\"Mitch lleva jersey de GANT y pantal\u00f3n de ARKET y Ll\u00facia viste chaleco de GANT y falda de MAJE.\" decoding=\"auto\" class=\"_re lazyload a_m-v\" height=\"525\"  width=\"414\"  src=\"https:\/\/www.europesays.com\/es\/wp-content\/uploads\/2025\/08\/K5S5UFYIWFH7DDYRSSF6FUBD34.jpg\" loading=\"lazy\"\/>Mitch lleva jersey de GANT y pantal\u00f3n de ARKET y Ll\u00facia viste chaleco de GANT y falda de MAJE.PABLO ZAMORA<\/p>\n<p class=\"\">Mitch, en cambio, s\u00ed tiene m\u00e1s claro lo que quiere tanto en el presente y futuro como con su estilo. \u201cA m\u00ed me gusta ir con mis botines, mi vaquero y mi chupa de cuero, voy as\u00ed a comprar el pan o me subo a un escenario. Me gusta que, a cada paso que doy, se escuchen mis tacones, es algo que te sostiene en la vida\u201d, cuenta con toda la autenticidad que le caracteriza. Le queda por delante la grabaci\u00f3n de un disco, bolos y conciertos y seguir con la promoci\u00f3n de Romer\u00eda. \u00c9l sabe que entre la m\u00fasica y la interpretaci\u00f3n (y el dibujo como hobby y relajaci\u00f3n) est\u00e1 su mundo. \u201cYo siempre he odiado el concepto de artista, me gusta considerarme buscavidas. Es decir, todo lo que se me plante por delante, si me interesa, voy a ir a por ello. No tengo ning\u00fan problema y no se me caen los anillos, si tengo que currar detr\u00e1s de la barra de un bar, lo voy a hacer. Si tengo la oportunidad de seguir interpretando papeles, pues ojal\u00e1\u2026 Ojal\u00e1 est\u00e9 toda mi vida actuando o en un escenario\u201d. <\/p>\n<p class=\"\">Los dos, por ahora, sienten la tranquilidad de seguir de la mano con Carla Sim\u00f3n, \u201ccon su cine muy humano, que conecta\u201d, \u201cmuy de verdad\u201d, dicen a d\u00fao, y que les permite ser ellos mismos.<\/p>\n<p><img alt=\"Ll\u00facia lleva total look de PRADA y Mitch, top y pantal\u00f3n de SANDRO.\" decoding=\"auto\" class=\"_re lazyload a_m-v\" height=\"518\"  width=\"414\"  src=\"https:\/\/www.europesays.com\/es\/wp-content\/uploads\/2025\/08\/64ZJNIF72ZFARCJPZQCB622QPU.jpg\" loading=\"lazy\"\/>Ll\u00facia lleva total look de PRADA y Mitch, top y pantal\u00f3n de SANDRO.Pablo ZamoraEquipo<\/p>\n<p>Estilismo  \u00c1ngela Esteban Librero<\/p>\n<p>Maquillaje y peluquer\u00eda  Lucas Margarit (Another Agency) para Chanel y Keune<\/p>\n<p>Producci\u00f3n  Cristina Serrano<\/p>\n<p>Asistente de fotograf\u00eda  Meri S\u00e1nchez<\/p>\n<p>Asistentes  de estilismo  Laura \u00a0Ortega y Victoria Izaguirre<\/p>\n<p>Asistente  de producci\u00f3n  \u00a0Marina Marco<\/p>\n<p><script async src=\"\/\/www.instagram.com\/embed.js\"><\/script><\/p>\n","protected":false},"excerpt":{"rendered":"Se conocieron a pocas semanas de empezar los ensayos. Mitch (Miguel Bustamante Robles, Madrid, 2003) hac\u00eda \u201csiete u&hellip;\n","protected":false},"author":2,"featured_media":68326,"comment_status":"","ping_status":"","sticky":false,"template":"","format":"standard","meta":{"footnotes":""},"categories":[169],"tags":[1014,11984,27521,177,9265,146,147,25,24,13802,24085,176,4536,175,753,23],"class_list":{"0":"post-68325","1":"post","2":"type-post","3":"status-publish","4":"format-standard","5":"has-post-thumbnail","7":"category-cine","8":"tag-actores","9":"tag-cannes","10":"tag-carla-simon","11":"tag-cine","12":"tag-directores-cine","13":"tag-entertainment","14":"tag-entretenimiento","15":"tag-es","16":"tag-espana","17":"tag-estrenos-cine","18":"tag-festival-cannes","19":"tag-film","20":"tag-instagram","21":"tag-movies","22":"tag-peliculas","23":"tag-spain"},"share_on_mastodon":{"url":"","error":""},"_links":{"self":[{"href":"https:\/\/www.europesays.com\/es\/wp-json\/wp\/v2\/posts\/68325","targetHints":{"allow":["GET"]}}],"collection":[{"href":"https:\/\/www.europesays.com\/es\/wp-json\/wp\/v2\/posts"}],"about":[{"href":"https:\/\/www.europesays.com\/es\/wp-json\/wp\/v2\/types\/post"}],"author":[{"embeddable":true,"href":"https:\/\/www.europesays.com\/es\/wp-json\/wp\/v2\/users\/2"}],"replies":[{"embeddable":true,"href":"https:\/\/www.europesays.com\/es\/wp-json\/wp\/v2\/comments?post=68325"}],"version-history":[{"count":0,"href":"https:\/\/www.europesays.com\/es\/wp-json\/wp\/v2\/posts\/68325\/revisions"}],"wp:featuredmedia":[{"embeddable":true,"href":"https:\/\/www.europesays.com\/es\/wp-json\/wp\/v2\/media\/68326"}],"wp:attachment":[{"href":"https:\/\/www.europesays.com\/es\/wp-json\/wp\/v2\/media?parent=68325"}],"wp:term":[{"taxonomy":"category","embeddable":true,"href":"https:\/\/www.europesays.com\/es\/wp-json\/wp\/v2\/categories?post=68325"},{"taxonomy":"post_tag","embeddable":true,"href":"https:\/\/www.europesays.com\/es\/wp-json\/wp\/v2\/tags?post=68325"}],"curies":[{"name":"wp","href":"https:\/\/api.w.org\/{rel}","templated":true}]}}