{"id":683426,"date":"2026-07-29T14:47:32","date_gmt":"2026-07-29T14:47:32","guid":{"rendered":"https:\/\/www.europesays.com\/es\/683426\/"},"modified":"2026-07-29T14:47:32","modified_gmt":"2026-07-29T14:47:32","slug":"pedro-sanchez-anuncia-que-estamos-mas-cerca-de-vencer-al-fuego-de-madrid-y-avila-y-que-las-proximas-12-horas-seran-decisivas-para-consolidar-los-trabajos-de-extincion","status":"publish","type":"post","link":"https:\/\/www.europesays.com\/es\/683426\/","title":{"rendered":"Pedro S\u00e1nchez anuncia que \u00abestamos m\u00e1s cerca de vencer al fuego\u00bb de Madrid y \u00c1vila y que las pr\u00f3ximas 12 horas ser\u00e1n \u00abdecisivas\u00bb para consolidar los trabajos de extinci\u00f3n"},"content":{"rendered":"<p id=\"ctl00_PlaceHolderMain_DisplayMode_noticia_pLocationYellowContain\" class=\"news-location\">Puesto de Mando Avanzado, Navalcarnero (Madrid)<\/p>\n<p>&#13;<\/p>\n<p>El presidente del Gobierno, Pedro S\u00e1nchez, ha anunciado que la evoluci\u00f3n de los incendios de \u00c1vila y Madrid \u00abcontin\u00faa siendo favorable\u00bb y \u00abestamos m\u00e1s cerca de vencer al fuego\u00bb, aunque con la \u00abm\u00e1xima prudencia\u00bb, ya que se sigue trabajando en las tareas de contenci\u00f3n y de refresco para evitar cualquier reinicio en zonas donde el fuego ya est\u00e1 estabilizado. \u00abLas pr\u00f3ximas 12 horas van a ser decisivas en la consolidaci\u00f3n del trabajo realizado por el Sistema Nacional de Protecci\u00f3n Civil\u00bb, subray\u00f3 Pedro S\u00e1nchez, que advirti\u00f3 de que la nueva ola de calor y la evoluci\u00f3n de las rachas de viento pueden agravar la situaci\u00f3n.<\/p>\n<p>El jefe del Ejecutivo se ha desplazado hasta el Puesto de Mando Avanzado en Navalcarnero (Madrid), donde ha asistido a la reuni\u00f3n del Comit\u00e9 Estatal de Coordinaci\u00f3n y Direcci\u00f3n del Plan Estatal de Emergencias (CECOD), presidido por el ministro del Interior, Fernando Grande-Marlaska. Tambi\u00e9n ha mantenido un encuentro con los responsables de los dispositivos de emergencias y de coordinaci\u00f3n que trabajan en las zonas afectadas por los incendios, a los que ha trasmitido el \u00abprofundo agradecimiento\u00bb de todas las administraciones y de la sociedad en su conjunto por su \u00abextraordinario trabajo\u00bb.<\/p>\n<p>En una comparecencia ante los medios, Pedro S\u00e1nchez se ha comprometido a que el Estado \u00abpondr\u00e1 todos los recursos necesarios\u00bb para la reconstrucci\u00f3n de los territorios afectados y record\u00f3 que el Consejo de Ministros aprob\u00f3 la declaraci\u00f3n de zona gravemente afectada por una emergencia de protecci\u00f3n Civil, para empezar ya a tramitar todas las ayudas que necesiten los vecinos.<\/p>\n<p>Asimismo, ha reiterado nuevamente la necesidad de un Pacto de Estado frente a la emergencia clim\u00e1tica, haciendo un nuevo llamamiento \u00aba todas las instituciones p\u00fablicas, a todas las fuerzas pol\u00edticas, a todos los colectivos sociales\u00bb, porque \u00abcon ello, no solamente estaremos dando una respuesta unitaria en la reacci\u00f3n ante graves cat\u00e1strofes como los incendios, sino tambi\u00e9n lo estaremos haciendo antes, en la prevenci\u00f3n y, posteriormente, en la reconstrucci\u00f3n\u00bb.<\/p>\n<p>El jefe del Ejecutivo ha apuntado que \u00abahora mismo tenemos diez incendios forestales activos en Espa\u00f1a\u00bb y ha recordado que en Madrid y \u00c1vila se mantiene la situaci\u00f3n operativa 3, es decir, han pasado a depender del Gobierno de Espa\u00f1a, del Sistema Nacional de Protecci\u00f3n Civil. En este sentido, ha remarcado que es la primera vez que estamos en un nivel 3 de emergencia nacional en la lucha contra incendios y que \u00abla experiencia de colaboraci\u00f3n de todas las instituciones est\u00e1 siendo muy positiva\u00bb y la respuesta \u00abest\u00e1 siendo eficiente gracias, sobre todo, al esp\u00edritu de equipo de todas las administraciones, sabiendo que nuestro \u00fanico adversario es el fuego, y que nuestra principal prioridad es salvar vidas, n\u00facleos poblacionales y vencer al fuego.<\/p>\n<p>Asimismo, el presidente pidi\u00f3 a los ciudadanos y ciudadanas que a\u00fan permanecen confinados o desalojados de sus lugares de residencia \u00abpaciencia, comprensi\u00f3n y confianza en las instituciones\u00bb. \u00abNuestra prioridad es su seguridad y salvar vidas\u00bb y, por supuesto, que puedan volver a sus casas con \u00ablas m\u00e1ximas garant\u00edas\u00bb. \u00abAqu\u00ed no hay decisiones pol\u00edticas, sino decisiones avaladas por la ciencia y por los expertos\u00bb, incidi\u00f3, al tiempo que se mostr\u00f3 confiado en que en las pr\u00f3ximas horas m\u00e1s vecinos desalojados puedan regresar a sus viviendas.<\/p>\n<p>Pedro S\u00e1nchez aprovech\u00f3 su comparecencia para volver a agradecer el trabajo de los medios de comunicaci\u00f3n, que es \u00abvital en emergencias como esta, sobre todo para informar verazmente y luchar contra los bulos y la desinformaci\u00f3n, que lo \u00fanico que generan es zozobra, desconfianza y mucha vulnerabilidad a los afectados\u00bb.<\/p>\n<p>&#13;<\/p>\n","protected":false},"excerpt":{"rendered":"Puesto de Mando Avanzado, Navalcarnero (Madrid) &#13; El presidente del Gobierno, Pedro S\u00e1nchez, ha anunciado que la evoluci\u00f3n&hellip;\n","protected":false},"author":2,"featured_media":683427,"comment_status":"","ping_status":"","sticky":false,"template":"","format":"standard","meta":{"footnotes":""},"categories":[5],"tags":[3382,17,18,25,24,13,14,11,19,20,9,10,15,16,1461,23,12,21,22],"class_list":["post-683426","post","type-post","status-publish","format-standard","has-post-thumbnail","category-titulares","tag-actividad","tag-breaking-news","tag-breakingnews","tag-es","tag-espana","tag-featured-news","tag-featurednews","tag-headlines","tag-latest-news","tag-latestnews","tag-news","tag-noticias","tag-noticias-destacadas","tag-noticiasdestacadas","tag-presidente","tag-spain","tag-titulares","tag-ultimas-noticias","tag-ultimasnoticias"],"share_on_mastodon":{"url":"https:\/\/pubeurope.com\/@es\/117003815792154464","error":""},"_links":{"self":[{"href":"https:\/\/www.europesays.com\/es\/wp-json\/wp\/v2\/posts\/683426","targetHints":{"allow":["GET"]}}],"collection":[{"href":"https:\/\/www.europesays.com\/es\/wp-json\/wp\/v2\/posts"}],"about":[{"href":"https:\/\/www.europesays.com\/es\/wp-json\/wp\/v2\/types\/post"}],"author":[{"embeddable":true,"href":"https:\/\/www.europesays.com\/es\/wp-json\/wp\/v2\/users\/2"}],"replies":[{"embeddable":true,"href":"https:\/\/www.europesays.com\/es\/wp-json\/wp\/v2\/comments?post=683426"}],"version-history":[{"count":0,"href":"https:\/\/www.europesays.com\/es\/wp-json\/wp\/v2\/posts\/683426\/revisions"}],"wp:featuredmedia":[{"embeddable":true,"href":"https:\/\/www.europesays.com\/es\/wp-json\/wp\/v2\/media\/683427"}],"wp:attachment":[{"href":"https:\/\/www.europesays.com\/es\/wp-json\/wp\/v2\/media?parent=683426"}],"wp:term":[{"taxonomy":"category","embeddable":true,"href":"https:\/\/www.europesays.com\/es\/wp-json\/wp\/v2\/categories?post=683426"},{"taxonomy":"post_tag","embeddable":true,"href":"https:\/\/www.europesays.com\/es\/wp-json\/wp\/v2\/tags?post=683426"}],"curies":[{"name":"wp","href":"https:\/\/api.w.org\/{rel}","templated":true}]}}