{"id":683456,"date":"2026-07-29T15:09:17","date_gmt":"2026-07-29T15:09:17","guid":{"rendered":"https:\/\/www.europesays.com\/es\/683456\/"},"modified":"2026-07-29T15:09:17","modified_gmt":"2026-07-29T15:09:17","slug":"incendios-en-espana-hoy-en-directo-ultima-hora-del-fuego-en-madrid-avila-y-castellon","status":"publish","type":"post","link":"https:\/\/www.europesays.com\/es\/683456\/","title":{"rendered":"Incendios en Espa\u00f1a hoy, en directo: \u00faltima hora del fuego en Madrid, \u00c1vila y Castell\u00f3n"},"content":{"rendered":"<p>Los <b>incendios forestales<\/b> afrontan una nueva jornada con una evoluci\u00f3n m\u00e1s favorable en buena parte del pa\u00eds, aunque los grandes dispositivos permanecen desplegados ante la llegada de la cuarta ola de calor. El incendio de la <b>Sierra Oeste de Madrid<\/b> ha quedado estabilizado t\u00e9cnicamente, lo que ha permitido levantar nuevas evacuaciones, mientras contin\u00faan las labores de vigilancia para evitar reactivaciones. Tambi\u00e9n avanza la desescalada en \u00c1vila y Toledo, donde siguen regresando vecinos a sus viviendas.<\/p>\n<p>El principal foco de preocupaci\u00f3n se mantiene en <b>La Vall d&#8217;Uix\u00f3 (Castell\u00f3n),<\/b> que contin\u00faa sin control pese a la mejora de las condiciones para el trabajo de los medios a\u00e9reos. El incendio mantiene un per\u00edmetro de 81 kil\u00f3metros y unas 9.300 hect\u00e1reas afectadas, mientras los equipos de extinci\u00f3n contin\u00faan consolidando los sectores m\u00e1s comprometidos y el resto de comunidades refuerzan la vigilancia ante el aumento de las temperaturas y el elevado riesgo de nuevos incendios.<\/p>\n<p>Incendios en Espa\u00f1a hoy, en directo: \u00faltima hora del fuego en Madrid, \u00c1vila y Castell\u00f3n<\/p>\n","protected":false},"excerpt":{"rendered":"Los incendios forestales afrontan una nueva jornada con una evoluci\u00f3n m\u00e1s favorable en buena parte del pa\u00eds, aunque&hellip;\n","protected":false},"author":2,"featured_media":683457,"comment_status":"","ping_status":"","sticky":false,"template":"","format":"standard","meta":{"footnotes":""},"categories":[8],"tags":[7607,17,18,25,24,13,14,11,4342,3515,19,20,205,9,10,15,16,2959,23,12,1952,21,22],"class_list":["post-683456","post","type-post","status-publish","format-standard","has-post-thumbnail","category-espana","tag-avila","tag-breaking-news","tag-breakingnews","tag-es","tag-espana","tag-featured-news","tag-featurednews","tag-headlines","tag-incendios","tag-isabel-diaz-ayuso","tag-latest-news","tag-latestnews","tag-madrid","tag-news","tag-noticias","tag-noticias-destacadas","tag-noticiasdestacadas","tag-pedro-sanchez","tag-spain","tag-titulares","tag-toledo","tag-ultimas-noticias","tag-ultimasnoticias"],"share_on_mastodon":{"url":"","error":""},"_links":{"self":[{"href":"https:\/\/www.europesays.com\/es\/wp-json\/wp\/v2\/posts\/683456","targetHints":{"allow":["GET"]}}],"collection":[{"href":"https:\/\/www.europesays.com\/es\/wp-json\/wp\/v2\/posts"}],"about":[{"href":"https:\/\/www.europesays.com\/es\/wp-json\/wp\/v2\/types\/post"}],"author":[{"embeddable":true,"href":"https:\/\/www.europesays.com\/es\/wp-json\/wp\/v2\/users\/2"}],"replies":[{"embeddable":true,"href":"https:\/\/www.europesays.com\/es\/wp-json\/wp\/v2\/comments?post=683456"}],"version-history":[{"count":0,"href":"https:\/\/www.europesays.com\/es\/wp-json\/wp\/v2\/posts\/683456\/revisions"}],"wp:featuredmedia":[{"embeddable":true,"href":"https:\/\/www.europesays.com\/es\/wp-json\/wp\/v2\/media\/683457"}],"wp:attachment":[{"href":"https:\/\/www.europesays.com\/es\/wp-json\/wp\/v2\/media?parent=683456"}],"wp:term":[{"taxonomy":"category","embeddable":true,"href":"https:\/\/www.europesays.com\/es\/wp-json\/wp\/v2\/categories?post=683456"},{"taxonomy":"post_tag","embeddable":true,"href":"https:\/\/www.europesays.com\/es\/wp-json\/wp\/v2\/tags?post=683456"}],"curies":[{"name":"wp","href":"https:\/\/api.w.org\/{rel}","templated":true}]}}