{"id":683618,"date":"2026-07-29T17:14:11","date_gmt":"2026-07-29T17:14:11","guid":{"rendered":"https:\/\/www.europesays.com\/es\/683618\/"},"modified":"2026-07-29T17:14:11","modified_gmt":"2026-07-29T17:14:11","slug":"joel-soriano-apuntala-el-juego-interior-del-monbus-obradoiro","status":"publish","type":"post","link":"https:\/\/www.europesays.com\/es\/683618\/","title":{"rendered":"Joel Soriano apuntala el juego interior del Monbus Obradoiro"},"content":{"rendered":"<p class=\"ContentTypeText-module-scss-module__t80MYq__content__paragraph\">El Monbus Obradoiro incorpora a su plantilla a <strong>Joel Soriano<\/strong> un p\u00edvot de gran capacidad f\u00edsica que destaca por su dominio del rebote, su presencia en la pintura y su capacidad para aportar energ\u00eda en ambos lados de la cancha.<\/p>\n<p class=\"ContentTypeText-module-scss-module__t80MYq__content__paragraph\">Nacido en Yonkers (Nueva York) e internacional absoluto con la Rep\u00fablica Dominicana, <strong>Soriano<\/strong> desarroll\u00f3 gran parte de su formaci\u00f3n en el baloncesto universitario estadounidense. Tras su paso por Fordham y St. John&#8217;s, donde se consolid\u00f3 como uno de los interiores m\u00e1s destacados de la conferencia Big East, inici\u00f3 su carrera profesional en la G League y en la liga puertorrique\u00f1a antes de dar el salto al baloncesto europeo.<\/p>\n<p class=\"ContentTypeText-module-scss-module__t80MYq__content__paragraph\">Durante las dos \u00faltimas temporadas ha competido en la Liga Endesa con Valencia Basket y Casademont Zaragoza, antes de finalizar el pasado curso en el Ratiopharm Ulm alem\u00e1n. Con el conjunto germano disput\u00f3 12 encuentros de la Bundesliga, en los que promedi\u00f3 9,9 puntos y 4,2 rebotes en 16,6 minutos por partido, confirmando su capacidad para generar impacto en la pintura.<\/p>\n","protected":false},"excerpt":{"rendered":"El Monbus Obradoiro incorpora a su plantilla a Joel Soriano un p\u00edvot de gran capacidad f\u00edsica que destaca&hellip;\n","protected":false},"author":2,"featured_media":683619,"comment_status":"","ping_status":"","sticky":false,"template":"","format":"standard","meta":{"footnotes":""},"categories":[269],"tags":[58880,299,298,168,25,24,557,28801,665,10281,23,167],"class_list":["post-683618","post","type-post","status-publish","format-standard","has-post-thumbnail","category-baloncesto","tag-2026-27","tag-baloncesto","tag-basketball","tag-deportes","tag-es","tag-espana","tag-fichaje","tag-joel-soriano","tag-liga-endesa","tag-obradoiro","tag-spain","tag-sports"],"share_on_mastodon":{"url":"https:\/\/pubeurope.com\/@es\/117004393952940484","error":""},"_links":{"self":[{"href":"https:\/\/www.europesays.com\/es\/wp-json\/wp\/v2\/posts\/683618","targetHints":{"allow":["GET"]}}],"collection":[{"href":"https:\/\/www.europesays.com\/es\/wp-json\/wp\/v2\/posts"}],"about":[{"href":"https:\/\/www.europesays.com\/es\/wp-json\/wp\/v2\/types\/post"}],"author":[{"embeddable":true,"href":"https:\/\/www.europesays.com\/es\/wp-json\/wp\/v2\/users\/2"}],"replies":[{"embeddable":true,"href":"https:\/\/www.europesays.com\/es\/wp-json\/wp\/v2\/comments?post=683618"}],"version-history":[{"count":0,"href":"https:\/\/www.europesays.com\/es\/wp-json\/wp\/v2\/posts\/683618\/revisions"}],"wp:featuredmedia":[{"embeddable":true,"href":"https:\/\/www.europesays.com\/es\/wp-json\/wp\/v2\/media\/683619"}],"wp:attachment":[{"href":"https:\/\/www.europesays.com\/es\/wp-json\/wp\/v2\/media?parent=683618"}],"wp:term":[{"taxonomy":"category","embeddable":true,"href":"https:\/\/www.europesays.com\/es\/wp-json\/wp\/v2\/categories?post=683618"},{"taxonomy":"post_tag","embeddable":true,"href":"https:\/\/www.europesays.com\/es\/wp-json\/wp\/v2\/tags?post=683618"}],"curies":[{"name":"wp","href":"https:\/\/api.w.org\/{rel}","templated":true}]}}