{"id":683780,"date":"2026-07-29T19:11:16","date_gmt":"2026-07-29T19:11:16","guid":{"rendered":"https:\/\/www.europesays.com\/es\/683780\/"},"modified":"2026-07-29T19:11:16","modified_gmt":"2026-07-29T19:11:16","slug":"carlota-boza-actriz-de-la-que-se-avecina-no-asistio-al-colegio-hasta-los-12-anos-tenia-que-estudiar-en-el-camerino-noticias-de-series","status":"publish","type":"post","link":"https:\/\/www.europesays.com\/es\/683780\/","title":{"rendered":"Carlota Boza, actriz de &#8216;La que se avecina&#8217;, no asisti\u00f3 al colegio hasta los 12 a\u00f1os: \u201cTen\u00eda que estudiar en el camerino\u201d &#8211; Noticias de series"},"content":{"rendered":"<p>La actriz da vida a Carlota Rivas, la primog\u00e9nita de los Cuquis interpretados por Pablo Chiapella y Eva Isanta<\/p>\n<p class=\"bo-p\">Ser ni\u00f1o actor tiene sus pros y contras. Puedes tener una gran carrera por delante, pero a la vez puedes perder una infancia que la mayor\u00eda de ni\u00f1os tiene. Algo que le ha pasado a <a href=\"https:\/\/www.sensacine.com\/actores\/actor-421768\/\" class=\"bo-link\" rel=\"nofollow noopener\" target=\"_blank\">Carlota Boza<\/a>, quien interpreta a <b>Carlota Rivas en <\/b><a href=\"https:\/\/www.sensacine.com\/series\/serie-5502\/\" class=\"bo-link\" rel=\"nofollow noopener\" target=\"_blank\"><b>La que se avecina<\/b><\/a><b>,<\/b> la primog\u00e9nita de los Cuquis interpretados por <a href=\"https:\/\/www.sensacine.com\/actores\/actor-265322\/\" class=\"bo-link\" rel=\"nofollow noopener\" target=\"_blank\">Pablo Chiapella<\/a> y <a href=\"https:\/\/www.sensacine.com\/actores\/actor-265321\/\" class=\"bo-link\" rel=\"nofollow noopener\" target=\"_blank\">Eva Isanta<\/a>.<\/p>\n<p class=\"bo-p\">La actriz ha hablado en una entrevista en el podcast Animales Humanos sobre c\u00f3mo ha sido estudiar mientras rodaba una de las series espa\u00f1olas m\u00e1s exitosas de los \u00faltimos a\u00f1os en el que <b>no acudi\u00f3 al colegio con normalidad hasta los 12 a\u00f1os.<\/b><\/p>\n<blockquote class=\"article-quote\" data-author=\"\" data-source=\"\"><p>Bueno, el colegio me lo salt\u00e9 un poco\u201d, afirma entre risas\u201d. Iba poco. Yo hasta los 12 a\u00f1os no fui al colegio como una persona normal<\/p><\/blockquote>\n<p class=\"bo-p\">La actriz explica que la raz\u00f3n era su intensa actividad profesional desde muy peque\u00f1a. \u201cNo, porque <b>ten\u00eda que estudiar en el camerino<\/b>\u201d, responde cuando le pregunta si simplemente hab\u00eda dejado de ir al colegio debido a La que se avecina.<\/p>\n<p class=\"bo-p\">A pesar de ello, asegura que manten\u00eda las mismas obligaciones acad\u00e9micas que el resto de sus compa\u00f1eros, incluyendo la entrega de deberes y la realizaci\u00f3n de ex\u00e1menes: \u201cTen\u00eda que presentar los deberes, ex\u00e1menes, todo ten\u00eda que hacerlo igual\u201d, recuerda la actriz, quien <b>destaca a su vez el apoyo recibido por parte de su colegio durante esa etapa.<\/b><\/p>\n<p>    <a class=\"cms-see-also\" data-title=\"Link relacionado\" href=\"https:\/\/www.sensacine.com\/noticias\/series\/noticia-1000210925\/\" rel=\"nofollow noopener\" target=\"_blank\">&#8216;Olivia&#8217;, la serie para toda la familia con Pablo Chiapella: \u00abLa que se avecina&#8217; nunca la he visto con mi hija, pero esta s\u00ed\u00bb<\/a><\/p>\n<p class=\"bo-p\">Boza tambi\u00e9n quiso poner en valor el papel fundamental que desempe\u00f1\u00f3 su madre durante aquellos a\u00f1os. Seg\u00fan explica en la entrevista, siempre estuvo a su lado acompa\u00f1\u00e1ndola en los rodajes y reorganiz\u00f3 su vida laboral para poder ayudarla. \u201cSiempre ha estado conmigo mi madre [\u2026] se hizo aut\u00f3noma y entonces <b>ten\u00eda que buscar los huecos en los que yo no grababa para trabajar<\/b>\u201d.<\/p>\n<p class=\"bo-p\">Recuerda que puedes ver La que se avecina en <b>Prime Video<\/b>.<\/p>\n","protected":false},"excerpt":{"rendered":"La actriz da vida a Carlota Rivas, la primog\u00e9nita de los Cuquis interpretados por Pablo Chiapella y Eva&hellip;\n","protected":false},"author":2,"featured_media":683781,"comment_status":"","ping_status":"","sticky":false,"template":"","format":"standard","meta":{"footnotes":""},"categories":[174],"tags":[6456,68371,123959,255,3059,146,147,25,24,256,123960,23],"class_list":["post-683780","post","type-post","status-publish","format-standard","has-post-thumbnail","category-famosos","tag-actriz","tag-aqui_no_hay_quien_viva","tag-carlota_boza","tag-celebrities","tag-comedia","tag-entertainment","tag-entretenimiento","tag-es","tag-espana","tag-famosos","tag-la_que_se_avecina","tag-spain"],"share_on_mastodon":{"url":"https:\/\/pubeurope.com\/@es\/117004854003570176","error":""},"_links":{"self":[{"href":"https:\/\/www.europesays.com\/es\/wp-json\/wp\/v2\/posts\/683780","targetHints":{"allow":["GET"]}}],"collection":[{"href":"https:\/\/www.europesays.com\/es\/wp-json\/wp\/v2\/posts"}],"about":[{"href":"https:\/\/www.europesays.com\/es\/wp-json\/wp\/v2\/types\/post"}],"author":[{"embeddable":true,"href":"https:\/\/www.europesays.com\/es\/wp-json\/wp\/v2\/users\/2"}],"replies":[{"embeddable":true,"href":"https:\/\/www.europesays.com\/es\/wp-json\/wp\/v2\/comments?post=683780"}],"version-history":[{"count":0,"href":"https:\/\/www.europesays.com\/es\/wp-json\/wp\/v2\/posts\/683780\/revisions"}],"wp:featuredmedia":[{"embeddable":true,"href":"https:\/\/www.europesays.com\/es\/wp-json\/wp\/v2\/media\/683781"}],"wp:attachment":[{"href":"https:\/\/www.europesays.com\/es\/wp-json\/wp\/v2\/media?parent=683780"}],"wp:term":[{"taxonomy":"category","embeddable":true,"href":"https:\/\/www.europesays.com\/es\/wp-json\/wp\/v2\/categories?post=683780"},{"taxonomy":"post_tag","embeddable":true,"href":"https:\/\/www.europesays.com\/es\/wp-json\/wp\/v2\/tags?post=683780"}],"curies":[{"name":"wp","href":"https:\/\/api.w.org\/{rel}","templated":true}]}}