{"id":683836,"date":"2026-07-29T19:48:13","date_gmt":"2026-07-29T19:48:13","guid":{"rendered":"https:\/\/www.europesays.com\/es\/683836\/"},"modified":"2026-07-29T19:48:13","modified_gmt":"2026-07-29T19:48:13","slug":"en-directo-comparecencia-del-presidente-tras-el-despacho-con-el-rey-la-moncloa","status":"publish","type":"post","link":"https:\/\/www.europesays.com\/es\/683836\/","title":{"rendered":"En directo: Comparecencia del presidente tras el despacho con el rey &#8211; La Moncloa"},"content":{"rendered":"<ol>\n<li><a href=\"https:\/\/news.google.com\/rss\/articles\/CBMipgFBVV95cUxNUnZmM1Rub200SDZxYmFiVkc5MTc5c1FGTndEU0RSTWIyX01McE5GTzRubGwxWGcwQ09wS1pWS3g5eGFqS1NrSy04YmxsY2J2amQ5Y0NvSEFORllVZkhTMFhtWUpFYzJNLXpzSnUtSWoyekRzOEJtZlBObGYxTE5pY284cmt6eTJXb1lVbGU3Q3dUSlZObWhER0JqRThVc19sTlBjR1N3?oc=5\" target=\"_blank\" rel=\"nofollow noopener\">En directo: Comparecencia del presidente tras el despacho con el rey<\/a>&nbsp;&nbsp;La Moncloa<\/li>\n<li><a href=\"https:\/\/news.google.com\/rss\/articles\/CBMiswFBVV95cUxNRFctTXUydk1kNVRoci1CSGdFSzBOdUFPYnhwYXhVOWRick5oMmR5Nk9PMWw4c2wyXzFCd1E1ZGFkSVBaakxlTHg4SlFBdkRNXzBYcVhJUFB1bk94ZzRSOEpQMUx1UjVReFVqZjFaYVRScnFmLUVLN2RVTC1SOEUyMGpMSm90Vm5qZHhzM3M2U3VPTS1GX1Y2eWFGblVzV2loSTZLR0ltWlBPUDFwZS1LbEZaRQ?oc=5\" target=\"_blank\" rel=\"nofollow noopener\">S\u00e1nchez comparece tras su despacho con el rey Felipe VI<\/a>&nbsp;&nbsp;El Confidencial<\/li>\n<li><a href=\"https:\/\/news.google.com\/rss\/articles\/CBMixAFBVV95cUxQM1lsMjJQQnJzQ3p2WV9vR05aekhtNkp3Q2ZLTDRTLXRUcnNBQlZKcTNMNl9mdHRGR3FGT0FKSHU5U01sSlRaNXktVWtaTVF5R3h1R2dRd19aU1Q0aEN1eHFJbmhUR0k1SjlpRkdZMHF1Ml9sdXFnY2l6dXM5TnBCUzB6UkR1V1p5c0ljdENZT1c0QVFodTdDRHF6aTBMeVlKVVVISllneGwzREtfOFY2OTlQLUNfNFhrLXRPcnFaMjZ5eDBy?oc=5\" target=\"_blank\" rel=\"nofollow noopener\">Prohens reclama a S\u00e1nchez soluciones en inmigraci\u00f3n y financiaci\u00f3n para Baleares<\/a>&nbsp;&nbsp;ABC<\/li>\n<li><a href=\"https:\/\/news.google.com\/rss\/articles\/CBMisgFBVV95cUxOVUgyenJsc0hmbjF4ZHJZN2VOeXFDcDNGUFRRTzUyZUd6NnFCaWZrNVJyTWlXaUF4WXhvR2wtOVNBMy11ZjJvbVI0ekVET1FIRXR5X1p1alJ5UXU0QldNNXloelhzVDdybHp5UEJCcnkxdkZPb0NEb1l5RTdNNVI2QW5BZlJkckwxaDFJbnhPa1VtcUxwb1hXVTJURnBySlBFMU5OWW4yZTJpMUxiS05Vc19n0gGyAUFVX3lxTFBkU0JKMmVldTBScEVSWFJvRkdJQ0otWERiN0hzc3E3QTdqVm9jc0VvdkNOWDBQWDY1Snk4anI1LWJNcDhjV2E0ajJQNEs5d1Nwelg0TlpqaHh4RnNaVGV0TU51LWF3YTljSTlQa3E0TDZCTmZvNm5acndNd2hONkJ4bkdlaWVEdkl5TXpULUU4dUVDNUdxZnpXYXhNYUZJaGFLYmRhRTRKTEt1RHdNcnFPbGc?oc=5\" target=\"_blank\" rel=\"nofollow noopener\">\u00bfQu\u00e9 es el &#8216;despacho de verano con el Rey&#8217;? La tradici\u00f3n que empez\u00f3 con Su\u00e1rez y ha sobrevivido a todos los presidentes<\/a>&nbsp;&nbsp;El Peri\u00f3dico<\/li>\n<li><a href=\"https:\/\/news.google.com\/rss\/articles\/CBMi4gFBVV95cUxPNUVkNHRReDFWYzNJXzdkdXhGOVBtSWFEd0xJeFRBQVdjRnRtVlpyWm5OXzNjaDNNMGNhR0FIaUl3TWtkazN0ZkYzSVNsRERjaTQ5alo2andKOVRIRDBsMEFMczVxOHdnYjF2RV8xNGFzNm9jNVg1cFFZUmNuUGhMVk1lVndRemlNbktOVHVlelVCN09EMllSa05yQ0ZMbHg0YjNkWUZVTGVSZkV3cS1SRnVzRUZxa2g3Vlp0b3FIYTdkVGZzXy1CYnM1OU1RU24yUnNDZUtzbnJnOUxENEdERUJR0gHiAUFVX3lxTE5oVTNHNS1TZ25KS3JMdkFpTDM3OFFqWlhkREdDdjNrRFNfSHVuVlBYZ0J0dmRiTU1ObWtvMVBMWUN6QnNuNHhVSVBnN0MyZ2k4SldmYnhMU0tMRGpGckMyNDhYRk1EZ0E0NG4yWkJOSzVnc3h6c044c0oydEFaSXYxM0ZjaXdjaVE4dTZvald3Y0xkVWNoWW5sSHdjdXVxM05pRzZXcXFzUjFFODJTX3k0dG9kSlpFVGFJRW4zdWNsdEZ6eTJGSzYzOTFJajhuSzVEdzdVN1FLcF9US3RaaWhsWGc?oc=5\" target=\"_blank\" rel=\"nofollow noopener\">Pedro S\u00e1nchez comparece tras la reuni\u00f3n con Prohens y Felipe VI en Palma, streaming en directo<\/a>&nbsp;&nbsp;antena3.com<\/li>\n<\/ol>\n","protected":false},"excerpt":{"rendered":"En directo: Comparecencia del presidente tras el despacho con el rey&nbsp;&nbsp;La Moncloa S\u00e1nchez comparece tras su despacho con&hellip;\n","protected":false},"author":2,"featured_media":683837,"comment_status":"","ping_status":"","sticky":false,"template":"","format":"standard","meta":{"footnotes":""},"categories":[5],"tags":[3382,17,18,25,24,13,14,11,19,20,9,10,15,16,1461,23,12,21,22],"class_list":["post-683836","post","type-post","status-publish","format-standard","has-post-thumbnail","category-titulares","tag-actividad","tag-breaking-news","tag-breakingnews","tag-es","tag-espana","tag-featured-news","tag-featurednews","tag-headlines","tag-latest-news","tag-latestnews","tag-news","tag-noticias","tag-noticias-destacadas","tag-noticiasdestacadas","tag-presidente","tag-spain","tag-titulares","tag-ultimas-noticias","tag-ultimasnoticias"],"share_on_mastodon":{"url":"","error":""},"_links":{"self":[{"href":"https:\/\/www.europesays.com\/es\/wp-json\/wp\/v2\/posts\/683836","targetHints":{"allow":["GET"]}}],"collection":[{"href":"https:\/\/www.europesays.com\/es\/wp-json\/wp\/v2\/posts"}],"about":[{"href":"https:\/\/www.europesays.com\/es\/wp-json\/wp\/v2\/types\/post"}],"author":[{"embeddable":true,"href":"https:\/\/www.europesays.com\/es\/wp-json\/wp\/v2\/users\/2"}],"replies":[{"embeddable":true,"href":"https:\/\/www.europesays.com\/es\/wp-json\/wp\/v2\/comments?post=683836"}],"version-history":[{"count":0,"href":"https:\/\/www.europesays.com\/es\/wp-json\/wp\/v2\/posts\/683836\/revisions"}],"wp:featuredmedia":[{"embeddable":true,"href":"https:\/\/www.europesays.com\/es\/wp-json\/wp\/v2\/media\/683837"}],"wp:attachment":[{"href":"https:\/\/www.europesays.com\/es\/wp-json\/wp\/v2\/media?parent=683836"}],"wp:term":[{"taxonomy":"category","embeddable":true,"href":"https:\/\/www.europesays.com\/es\/wp-json\/wp\/v2\/categories?post=683836"},{"taxonomy":"post_tag","embeddable":true,"href":"https:\/\/www.europesays.com\/es\/wp-json\/wp\/v2\/tags?post=683836"}],"curies":[{"name":"wp","href":"https:\/\/api.w.org\/{rel}","templated":true}]}}