{"id":684402,"date":"2026-07-30T04:09:16","date_gmt":"2026-07-30T04:09:16","guid":{"rendered":"https:\/\/www.europesays.com\/es\/684402\/"},"modified":"2026-07-30T04:09:16","modified_gmt":"2026-07-30T04:09:16","slug":"pilo-gallizo-el-arte-me-salvo-la-vida-fue-lo-que-me-hizo-tirar-para-adelante","status":"publish","type":"post","link":"https:\/\/www.europesays.com\/es\/684402\/","title":{"rendered":"Pilo Gallizo: \u00abEl arte me salv\u00f3 la vida, fue lo que me hizo tirar para adelante\u00bb"},"content":{"rendered":"<p class=\"c-interview__interview c-interview__question\">\u00bfC\u00f3mo empieza su amor por la fotograf\u00eda? \u00bfEs vocaci\u00f3n?<\/p>\n<p class=\"c-interview__interview c-interview__answer\">Yo era aficionada, pero tuve un tumor cerebral benigno que cort\u00f3 mi trayectoria. Era educadora social y hab\u00eda estudiado la carrera de Historia, y cuando me jubilaron por esta enfermedad, decid\u00ed estudiar fotograf\u00eda en la Escuela de Artes de Huesca, con tan mala suerte de que lo tuve que dejar porque la enfermedad continu\u00f3 y empec\u00e9 a estudiar por mi cuenta en escuelas de fotograf\u00eda como Spectrum y con colectivos que organizaban cursos. El tumor estaba al lado del nervio \u00f3ptico y perd\u00ed parte de la visi\u00f3n. Y dir\u00e1s, est\u00e1s loca&#8230;<\/p>\n<p class=\"c-interview__interview c-interview__question\">Digo que no se rindi\u00f3 y apost\u00f3, entre todas las profesiones posibles, por la fotograf\u00eda.<\/p>\n<p class=\"c-interview__interview c-interview__answer\">En ese momento sent\u00ed que ten\u00eda que hacer fotograf\u00eda. Me fui formando con fot\u00f3grafas que trabajan con la percepci\u00f3n y con las emociones, y empec\u00e9 a hacer fotos desde otro lugar. Y se puede, hay grandes y reconocidos fot\u00f3grafos con baja visi\u00f3n o incluso ciegos. Trabajo tambi\u00e9n con la fotograf\u00eda participativa, que es darle c\u00e1maras a un grupo que quiere contar su sentir, ya sea en talleres con colectivos de mujeres en riesgo de exclusi\u00f3n social, personas con discapacidad, etc.<\/p>\n<p class=\"c-interview__interview c-interview__question\">\u00bfEsos talleres los realiza con su Asociaci\u00f3n 36 mm, verdad?<\/p>\n<p class=\"c-interview__interview c-interview__answer\">S\u00ed, es la asociaci\u00f3n que cre\u00e9 para seguir haciendo cosas. A veces, los talleres emergen de fundaciones, de la ONG Farmamundi, del Gobierno de Arag\u00f3n&#8230; El proyecto Mujer Mural que acabamos de hacer en Berat\u00f3n y A\u00f1\u00f3n de Moncayo fue por el Ministerio de Cultura. Nos presentamos a una convocatoria de 200 entidades y nos quedamos los cuartos. Es importante llegar a estos pueblos.<\/p>\n<p class=\"c-interview__interview c-interview__question\">\u00bfC\u00f3mo se sienten esas mujeres al verse y c\u00f3mo se siente usted al fotografiarlas?<\/p>\n<p class=\"c-interview__interview c-interview__answer\">Ellas se sienten s\u00faper especiales y yo siento un enorme agradecimiento. Adem\u00e1s, buscamos un retrato contempor\u00e1neo, no el retrato de mujer abnegada y cuidadora, aunque tambi\u00e9n lo son.<\/p>\n<p class=\"c-interview__interview c-interview__question\">Tambi\u00e9n ha sido jurado en el reciente Concurso 4 Artes. \u00bfC\u00f3mo va Arag\u00f3n de talento fotogr\u00e1fico?<\/p>\n<p class=\"c-interview__interview c-interview__answer\">Estos concursos est\u00e1n genial para la juventud, para poder canalizar lo que piensan y sienten, y mostrar su manera de ver el mundo. Estas tipo de iniciativas est\u00e1n genial, pero que tengan buenos premios, eso s\u00ed, no una c\u00e1mara barata. El amor al arte es maravilloso, pero hay que pagar a la gente por su trabajo, esfuerzo y creatividad.<\/p>\n<p class=\"c-interview__interview c-interview__question\">Y este a\u00f1o public\u00f3 un libro.<\/p>\n<p class=\"c-interview__interview c-interview__answer\">S\u00ed, tengo varios. Agente Doble (Rasmia Editorial) fue un proyecto de siete a\u00f1os en el que un escritor de Valencia me mandaba sus relatos y yo iba a buscar la foto. Sus relatos son canallas, pero al final siempre se reconcilia con la vida; y mi foto de calle, que es una de mis pasiones, tambi\u00e9n es un poco as\u00ed. En Robinsonas de Tierra Adentro, con la periodista Gema Villa, fotografi\u00e9 a mujeres que viven solas por decisi\u00f3n propia y que saben hacer muchas cosas. El \u00faltimo es Fotografiar desde dentro, con Eva Sala, el primer libro de actividades que personas con visi\u00f3n y baja visi\u00f3n pueden utilizarlo para hacer fotograf\u00eda.<\/p>\n<p class=\"c-interview__interview c-interview__question\">\u00bfMarc\u00f3 esa baja visi\u00f3n su forma de hacer fotograf\u00eda?<a href=\"\"> <\/a><\/p>\n<p class=\"c-interview__interview c-interview__answer\">Seguramente s\u00ed. Yo sigo haciendo fotos con el resto visual que tengo. Toda la parte de fotograf\u00eda emocional, perceptiva, jugar con los sentidos&#8230; En ese momento te abres y la creatividad aparece. Casi todo el mundo puede hacerlo desde ah\u00ed. Estamos demasiado en la cabeza; en el momento en que sales de ah\u00ed, aparece la magia.<\/p>\n<p class=\"c-interview__interview c-interview__question\">\u00bfQu\u00e9 foto define a Pilo Gallizo?<\/p>\n<p class=\"c-interview__interview c-interview__answer\">Me viene una, que es la foto de esos instantes incre\u00edbles en los que coloco a personas en lugares que nada tienen que ver entre s\u00ed. Coloqu\u00e9 a mi mejor amiga, Ana, planchando en medio del campo, en los Monegros, invitando a reflexionar sobre la mujer, sobre las cargas mentales\u2026 Es un proyecto que sigue abierto y no es f\u00e1cil, porque son im\u00e1genes divertidas, pero que, a la vez, chocan.<\/p>\n<p class=\"c-interview__interview c-interview__question\">\u00bfQu\u00e9 proyectos tiene actualmente en marcha?<\/p>\n<p class=\"c-interview__interview c-interview__answer\">Ahora estoy agotada despu\u00e9s de todo lo que he currado este a\u00f1o, especialmente con Mujer Mural. Tengo ganas de irme de vacaciones a Italia, pero me voy con la c\u00e1mara porque voy a ir por las ciudades haciendo fotos de calle, que me apetece mucho. Pero en cuando llegue septiembre vuelvo con Mujer Mural en un pueblo de La Rioja. Lo hago con mi compa\u00f1era Lorena Cosba, con dos dise\u00f1adores gr\u00e1ficos y uno de v\u00eddeo, todos trabajando con amistad y aprendizaje conjunto. Tambi\u00e9n he tenido una llamada desde Madrid, para un proyecto de fotograf\u00eda participativa con personas sin hogar. Nunca he tocado este colectivo y para m\u00ed es todo un reto. Ojal\u00e1 salga adelante y podamos hacerlo.<\/p>\n<p class=\"c-interview__interview c-interview__question\">\u00bfDesconocemos el valor del arte para superar ciertas dificultades?<\/p>\n<p class=\"c-interview__interview c-interview__answer\">A m\u00ed el arte me salv\u00f3 la vida, fue lo que me hizo tirar para adelante, pero no en plan \u2018mira c\u00f3mo se entretiene con la fotograf\u00eda, pobrecita\u2019, sino como algo m\u00e1s profundo.<\/p>\n","protected":false},"excerpt":{"rendered":"\u00bfC\u00f3mo empieza su amor por la fotograf\u00eda? \u00bfEs vocaci\u00f3n? Yo era aficionada, pero tuve un tumor cerebral benigno&hellip;\n","protected":false},"author":2,"featured_media":684403,"comment_status":"","ping_status":"","sticky":false,"template":"","format":"standard","meta":{"footnotes":""},"categories":[173],"tags":[229,233,231,230,232,234,146,147,25,24,44892,124101,124100,23,491],"class_list":["post-684402","post","type-post","status-publish","format-standard","has-post-thumbnail","category-arte-y-diseno","tag-arte","tag-arte-y-diseno","tag-arts","tag-arts-and-design","tag-design","tag-diseno","tag-entertainment","tag-entretenimiento","tag-es","tag-espana","tag-fotografa","tag-fotografa-zaragoza","tag-pilo-gallizo","tag-spain","tag-zaragoza"],"share_on_mastodon":{"url":"","error":""},"_links":{"self":[{"href":"https:\/\/www.europesays.com\/es\/wp-json\/wp\/v2\/posts\/684402","targetHints":{"allow":["GET"]}}],"collection":[{"href":"https:\/\/www.europesays.com\/es\/wp-json\/wp\/v2\/posts"}],"about":[{"href":"https:\/\/www.europesays.com\/es\/wp-json\/wp\/v2\/types\/post"}],"author":[{"embeddable":true,"href":"https:\/\/www.europesays.com\/es\/wp-json\/wp\/v2\/users\/2"}],"replies":[{"embeddable":true,"href":"https:\/\/www.europesays.com\/es\/wp-json\/wp\/v2\/comments?post=684402"}],"version-history":[{"count":0,"href":"https:\/\/www.europesays.com\/es\/wp-json\/wp\/v2\/posts\/684402\/revisions"}],"wp:featuredmedia":[{"embeddable":true,"href":"https:\/\/www.europesays.com\/es\/wp-json\/wp\/v2\/media\/684403"}],"wp:attachment":[{"href":"https:\/\/www.europesays.com\/es\/wp-json\/wp\/v2\/media?parent=684402"}],"wp:term":[{"taxonomy":"category","embeddable":true,"href":"https:\/\/www.europesays.com\/es\/wp-json\/wp\/v2\/categories?post=684402"},{"taxonomy":"post_tag","embeddable":true,"href":"https:\/\/www.europesays.com\/es\/wp-json\/wp\/v2\/tags?post=684402"}],"curies":[{"name":"wp","href":"https:\/\/api.w.org\/{rel}","templated":true}]}}