{"id":684430,"date":"2026-07-30T04:40:14","date_gmt":"2026-07-30T04:40:14","guid":{"rendered":"https:\/\/www.europesays.com\/es\/684430\/"},"modified":"2026-07-30T04:40:14","modified_gmt":"2026-07-30T04:40:14","slug":"hepatitis-silenciosa-como-detectar-a-tiempo-el-desgaste-del-higado-antes-de-que-sea-irreversible","status":"publish","type":"post","link":"https:\/\/www.europesays.com\/es\/684430\/","title":{"rendered":"Hepatitis silenciosa: c\u00f3mo detectar a tiempo el desgaste del h\u00edgado antes de que sea irreversible"},"content":{"rendered":"<p>\n        El h\u00edgado realiza funciones vitales para el organismo como la eliminaci\u00f3n de toxinas, la digesti\u00f3n y el metabolismo de nutrientes, pero tiene una gran resistencia que puede enmascarar su propio deterioro. Las hepatitis virales B y C son las principales causantes de esta inflamaci\u00f3n persistente que desgasta el \u00f3rgano sin que la persona note ninguna anomal\u00eda durante a\u00f1os. El <a href=\"https:\/\/www.noticiasdegipuzkoa.eus\/salud\/2026\/02\/20\/policlinica-gipuzkoa-incorpora-tac-inteligencia-10724607.html\" title=\"doctor\" class=\"link copy\" rel=\"nofollow noopener\" target=\"_blank\"><strong>doctor <\/strong><\/a><strong>Juan Arenas<\/strong>, jefe del Servicio de Aparato Digestivo de <a href=\"https:\/\/www.policlinicagipuzkoa.com\/\" title=\"Policl\u00ednica Gipuzkoa\" rel=\"nofollow noopener\" class=\"link copy\" target=\"_blank\">Policl\u00ednica Gipuzkoa<\/a>, advierte sobre esta peligrosa evoluci\u00f3n pasiva y destaca un obst\u00e1culo fundamental en el diagn\u00f3stico. \u00ab<strong>El gran problema de la hepatitis es que cuando aparecen los s\u00edntomas, en muchos casos el da\u00f1o ya est\u00e1 avanzado<\/strong>\u00ab. Esta falta de se\u00f1ales iniciales provoca que las peque\u00f1as cicatrices en el tejido hep\u00e1tico, conocidas como fibrosis, avancen de forma desapercibida hacia una cirrosis o un tumor.\n<\/p>\n<p>  Una prueba preventiva<\/p>\n<p class=\"article-body__text \">\n        Debido a que el virus puede permanecer latente durante d\u00e9cadas, la detecci\u00f3n proactiva resulta crucial para salvaguardar la salud a largo plazo. Los expertos recomiendan realizar un an\u00e1lisis preventivo, al menos una vez en la vida, a todas aquellas personas que presenten alteraciones previas en sus anal\u00edticas hep\u00e1ticas habituales, a quienes recibieron transfusiones de sangre antes de la d\u00e9cada de los a\u00f1os noventa o a quienes hayan estado expuestos a pr\u00e1cticas de riesgo. \u00ab<strong>Muchas infecciones se produjeron d\u00e9cadas atr\u00e1s y todav\u00eda hoy contin\u00faan sin diagnosticarse<\/strong>\u00ab, se\u00f1ala el doctor Arenas. Identificar de manera temprana a estas personas permite detener el da\u00f1o celular antes de convertirse en una lesi\u00f3n irreversible.\n<\/p>\n<p class=\"article-photo__footer\">\n            El doctor Juan Arenas, jefe del Servicio de Aparato Digestivo de Policl\u00ednica Gipuzkoa            N.G.        <\/p>\n<p>  \u00bfC\u00f3mo se eval\u00faa la salud de nuestro h\u00edgado hoy en d\u00eda?<\/p>\n<p class=\"article-body__text \">\n        Hist\u00f3ricamente, determinar el nivel de da\u00f1o acumulado en el tejido hep\u00e1tico requer\u00eda t\u00e9cnicas molestas para los pacientes. En la actualidad, Policl\u00ednica Gipuzkoa dispone de tecnolog\u00edas avanzadas como el FibroScan, un sistema capaz de medir la rigidez del h\u00edgado de forma r\u00e1pida, indolora y sin necesidad de realizar procedimientos invasivos. \u00abDurante muchos a\u00f1os, la biopsia era pr\u00e1cticamente la \u00fanica forma de conocer el grado de fibrosis del h\u00edgado. <strong>Hoy podemos obtener gran parte de esa informaci\u00f3n mediante una prueba sencilla y c\u00f3moda para el paciente<\/strong>\u00ab, detalla el jefe del Servicio de Aparato Digestivo. Esta herramienta funciona a trav\u00e9s de ondas mec\u00e1nicas que eval\u00faan la rigidez y la presencia de grasa en el \u00f3rgano.\n<\/p>\n<p>  Las opciones de recuperaci\u00f3n<\/p>\n<p class=\"article-body__text \">\n        El panorama terap\u00e9utico actual ha cambiado radicalmente la evoluci\u00f3n de esta <a href=\"https:\/\/www.noticiasdegipuzkoa.eus\/economia\/2026\/02\/26\/seguridad-social-incorpora-11-nueva-10750597.html\" title=\"patolog\u00eda\" class=\"link copy\" rel=\"nofollow noopener\" target=\"_blank\">patolog\u00eda<\/a>. Los antivirales modernos de acci\u00f3n directa permiten curar m\u00e1s del 95% de los casos de hepatitis C con tratamientos orales cortos y sin apenas efectos secundarios. En el caso de la hepatitis B, los f\u00e1rmacos de \u00faltima generaci\u00f3n consiguen controlar eficazmente la replicaci\u00f3n v\u00edrica y frenar el deterioro. El doctor Arenas se muestra optimista respecto a las capacidades m\u00e9dicas contempor\u00e1neas para erradicar este problema. \u00abNunca hemos tenido tantas herramientas para combatir la hepatitis. <strong>Hoy podemos prevenirla, diagnosticarla precozmente, controlar sus consecuencias e incluso curarla en muchos casos<\/strong>\u00ab, concluye el especialista, recordando que un simple an\u00e1lisis de sangre a tiempo puede salvar vidas.<\/p>\n","protected":false},"excerpt":{"rendered":"El h\u00edgado realiza funciones vitales para el organismo como la eliminaci\u00f3n de toxinas, la digesti\u00f3n y el metabolismo&hellip;\n","protected":false},"author":2,"featured_media":684431,"comment_status":"","ping_status":"","sticky":false,"template":"","format":"standard","meta":{"footnotes":""},"categories":[92],"tags":[37436,6214,25,24,165,6297,166,34891,23,159],"class_list":["post-684430","post","type-post","status-publish","format-standard","has-post-thumbnail","category-salud","tag-desgaste","tag-detectar","tag-es","tag-espana","tag-health","tag-hepatitis","tag-salud","tag-silenciosa","tag-spain","tag-tiempo"],"share_on_mastodon":{"url":"https:\/\/pubeurope.com\/@es\/117007091534634650","error":""},"_links":{"self":[{"href":"https:\/\/www.europesays.com\/es\/wp-json\/wp\/v2\/posts\/684430","targetHints":{"allow":["GET"]}}],"collection":[{"href":"https:\/\/www.europesays.com\/es\/wp-json\/wp\/v2\/posts"}],"about":[{"href":"https:\/\/www.europesays.com\/es\/wp-json\/wp\/v2\/types\/post"}],"author":[{"embeddable":true,"href":"https:\/\/www.europesays.com\/es\/wp-json\/wp\/v2\/users\/2"}],"replies":[{"embeddable":true,"href":"https:\/\/www.europesays.com\/es\/wp-json\/wp\/v2\/comments?post=684430"}],"version-history":[{"count":0,"href":"https:\/\/www.europesays.com\/es\/wp-json\/wp\/v2\/posts\/684430\/revisions"}],"wp:featuredmedia":[{"embeddable":true,"href":"https:\/\/www.europesays.com\/es\/wp-json\/wp\/v2\/media\/684431"}],"wp:attachment":[{"href":"https:\/\/www.europesays.com\/es\/wp-json\/wp\/v2\/media?parent=684430"}],"wp:term":[{"taxonomy":"category","embeddable":true,"href":"https:\/\/www.europesays.com\/es\/wp-json\/wp\/v2\/categories?post=684430"},{"taxonomy":"post_tag","embeddable":true,"href":"https:\/\/www.europesays.com\/es\/wp-json\/wp\/v2\/tags?post=684430"}],"curies":[{"name":"wp","href":"https:\/\/api.w.org\/{rel}","templated":true}]}}