{"id":684452,"date":"2026-07-30T05:07:23","date_gmt":"2026-07-30T05:07:23","guid":{"rendered":"https:\/\/www.europesays.com\/es\/684452\/"},"modified":"2026-07-30T05:07:23","modified_gmt":"2026-07-30T05:07:23","slug":"anabel-pantoja-visita-a-kiko-rivera-tras-recibir-el-alta-esta-en-su-casa-en-sevilla","status":"publish","type":"post","link":"https:\/\/www.europesays.com\/es\/684452\/","title":{"rendered":"Anabel Pantoja visita a Kiko Rivera tras recibir el alta: \u00abEst\u00e1 en su casa en Sevilla\u00bb"},"content":{"rendered":"<p class=\"c-paragraph\"><a href=\"https:\/\/www.20minutos.es\/tags\/personas\/kiko-rivera.html\" title=\"Kiko Rivera\" rel=\"nofollow noopener\" target=\"_blank\">Kiko Rivera<\/a> ya est\u00e1 en su casa despu\u00e9s de haber sufrido <a href=\"https:\/\/www.20minutos.es\/gente\/kiko-rivera-ingresado-hospital-por-un-grave-problema-salud-no-contesta-las-llamadas-ni-los-mensajes_7017950_0.html\" title=\"Kiko Rivera, ingresado en el hospital por un grave problema de salud: &quot;No contesta a las llamadas ni a los mensajes&quot;\" rel=\"nofollow noopener\" target=\"_blank\">un ictus por el que tuvo que permanecer unos d\u00edas ingresado en el hospital<\/a>.<b> Es el segundo que sufre a sus 42 a\u00f1os<\/b>, pero del cual se ha recuperado favorablemente y ahora tiene que guardar reposo, tal y como han prescrito sus m\u00e9dicos.<\/p>\n<p class=\"c-paragraph\">Durante estos d\u00edas, el DJ ha estado acompa\u00f1ado de <b>su entorno m\u00e1s cercano<\/b>, entre las que destacan su novia Lola, que no se ha separado de \u00e9l en ning\u00fan momento, y su madre Isabel Pantoja, que se ha hecho cargo de sus nietas mientras su hijo permanec\u00eda en observaci\u00f3n.<\/p>\n<p class=\"c-paragraph\">Ahora, una tercera persona se suma a ayudar al artista en este momento tan delicado de salud por el que est\u00e1 atravesando. Se trata de su prima, <b>Anabel Pantoja, que ha viajado hasta Sevilla para visitarle <\/b>y pasar tiempo con \u00e9l.<\/p>\n<p class=\"c-paragraph\">As\u00ed lo ha asegurado Ana Higuera en el programa de Telecinco De lunes a viernes. \u00ab<b>Acaba de entrar Anabel Pantoja a su casa en Sevilla<\/b>\u00ab, apunt\u00f3 la reportera, que se encontraba en las inmediaciones de la vivienda de Kiko Rivera cuando esta lleg\u00f3 a ella.<\/p>\n<p class=\"c-paragraph\">Por el momento, la televisiva no se ha pronunciado al respecto, pero s\u00ed que ha compartido una <b>historia de Instagram desde un avi\u00f3n<\/b>, que podr\u00eda tratarse de su vuelo desde Gran Canaria, donde reside actualmente, a la capital andaluza.<\/p>\n","protected":false},"excerpt":{"rendered":"Kiko Rivera ya est\u00e1 en su casa despu\u00e9s de haber sufrido un ictus por el que tuvo que&hellip;\n","protected":false},"author":2,"featured_media":684453,"comment_status":"","ping_status":"","sticky":false,"template":"","format":"standard","meta":{"footnotes":""},"categories":[91],"tags":[4476,146,147,25,24,367,12466,23],"class_list":["post-684452","post","type-post","status-publish","format-standard","has-post-thumbnail","category-entretenimiento","tag-anabel-pantoja","tag-entertainment","tag-entretenimiento","tag-es","tag-espana","tag-familia","tag-kiko-rivera","tag-spain"],"share_on_mastodon":{"url":"https:\/\/pubeurope.com\/@es\/117007197811286986","error":""},"_links":{"self":[{"href":"https:\/\/www.europesays.com\/es\/wp-json\/wp\/v2\/posts\/684452","targetHints":{"allow":["GET"]}}],"collection":[{"href":"https:\/\/www.europesays.com\/es\/wp-json\/wp\/v2\/posts"}],"about":[{"href":"https:\/\/www.europesays.com\/es\/wp-json\/wp\/v2\/types\/post"}],"author":[{"embeddable":true,"href":"https:\/\/www.europesays.com\/es\/wp-json\/wp\/v2\/users\/2"}],"replies":[{"embeddable":true,"href":"https:\/\/www.europesays.com\/es\/wp-json\/wp\/v2\/comments?post=684452"}],"version-history":[{"count":0,"href":"https:\/\/www.europesays.com\/es\/wp-json\/wp\/v2\/posts\/684452\/revisions"}],"wp:featuredmedia":[{"embeddable":true,"href":"https:\/\/www.europesays.com\/es\/wp-json\/wp\/v2\/media\/684453"}],"wp:attachment":[{"href":"https:\/\/www.europesays.com\/es\/wp-json\/wp\/v2\/media?parent=684452"}],"wp:term":[{"taxonomy":"category","embeddable":true,"href":"https:\/\/www.europesays.com\/es\/wp-json\/wp\/v2\/categories?post=684452"},{"taxonomy":"post_tag","embeddable":true,"href":"https:\/\/www.europesays.com\/es\/wp-json\/wp\/v2\/tags?post=684452"}],"curies":[{"name":"wp","href":"https:\/\/api.w.org\/{rel}","templated":true}]}}