{"id":684600,"date":"2026-07-30T07:20:10","date_gmt":"2026-07-30T07:20:10","guid":{"rendered":"https:\/\/www.europesays.com\/es\/684600\/"},"modified":"2026-07-30T07:20:10","modified_gmt":"2026-07-30T07:20:10","slug":"gonzalo-miro-dice-lo-que-todo-el-mundo-piensa-sobre-quien-deberia-ser-el-proximo-ganador-del-balon-de-oro-estoy-dispuesto-a-asumir-la-critica","status":"publish","type":"post","link":"https:\/\/www.europesays.com\/es\/684600\/","title":{"rendered":"Gonzalo Mir\u00f3 dice lo que todo el mundo piensa sobre qui\u00e9n deber\u00eda ser el pr\u00f3ximo ganador del Bal\u00f3n de Oro: \u00abEstoy dispuesto a asumir la cr\u00edtica\u00bb"},"content":{"rendered":"<p class=\"ft-text\">Aunque todav\u00eda faltan meses para la gala del Bal\u00f3n de Oro, <strong>el debate sobre qui\u00e9n debe ganarlo ya est\u00e1 en boca de todos<\/strong>, especialmente desde que la selecci\u00f3n espa\u00f1ola conquist\u00f3 el Mundial tras derrotar a Argentina gracias al gol de Ferran Torres, futbolista del FC Barcelona. El \u00fanico jugador que ha logrado conquistar tanto la Champions League como el Mundial este a\u00f1o ha sido Fabi\u00e1n Ruiz, aunque no figura entre los principales candidatos al galard\u00f3n.<\/p>\n<p class=\"ft-text\">En &#8216;El Partidazo de COPE&#8217;, programa presentado por Juanma Casta\u00f1o, analizaron qui\u00e9n deber\u00eda ganarlo, y uno de los m\u00e1s cr\u00edticos fue Gonzalo Mir\u00f3, que dej\u00f3 claro que \u00ab<strong>a todos los aspirantes\u00a0les falta algo para ganarlo\u00a0con solvencia<\/strong>\u00ab. Por ello, ser\u00e1 un galard\u00f3n interesante, debido a que no hay un claro favorito. <\/p>\n<p class=\"ft-text\"><strong>Uno de los jugadores que nombr\u00f3 fue Rodri Hern\u00e1ndez<\/strong>, futbolista del Manchester City. No obstante, el colaborador de &#8216;El Partidazo de COPE&#8217; no dud\u00f3 en decir que \u00abno ha hecho buena temporada\u00bb, pues no ha sido un jugador clave para Pep Guardiola durante la temporada, aunque tambi\u00e9n porque ha estado gran parte de la temporada lesionado. <\/p>\n<p class=\"ft-text\">Respecto a la participaci\u00f3n que ha tenido Rodri durante el Mundial, que se disput\u00f3 en Estados Unidos, M\u00e9xico y Canad\u00e1, Mir\u00f3 fue contundente: \u00abCreo que no hizo una buena fase de grupos\u00bb: Sin embargo, <strong>reconoci\u00f3 que rindi\u00f3 a un buen nivel en las eliminatorias<\/strong>.<\/p>\n<p><img decoding=\"async\" src=\"https:\/\/www.europesays.com\/es\/wp-content\/uploads\/2026\/07\/1068dd51-13fa-4cb4-b67d-1b255367ad76_alta-libre-aspect-ratio_default_0_x600y225.jpg\" width=\"1200\" height=\"675\" alt=\"Rodri, MVP del Mundial\" class=\"ft-helper-img-rd\" loading=\"lazy\" fetchpriority=\"auto\"\/><\/p>\n<p class=\"ft-helper-fontColor-quaternary ft-helper-fontSize-body-S ft-helper-spacer-t-xxs\">Rodri, MVP del Mundial  \/ Agencias<\/p>\n<p class=\"ft-text\">A pesar de ser el &#8216;MVP&#8217; del Mundial, el colaborador de &#8216;El Partidazo de COPE&#8217; cree que el Bal\u00f3n de Oro se basa en toda la temporada: \u00ab<strong>Por el\u00a0c\u00f3mputo general del a\u00f1o, no sabr\u00eda decirte<\/strong>\u00ab.<\/p>\n<p>\u00bfKylian Mbapp\u00e9 o Harry Kane?<\/p>\n<p class=\"ft-text\">Otro de los candidatos es Kylian Mbapp\u00e9, aunque Mir\u00f3 se\u00f1al\u00f3 que ser\u00eda \u00abmuy raro\u00bb, <strong>ya que no ha ganado ning\u00fan t\u00edtulo<\/strong>. <\/p>\n<p class=\"ft-text\">Por \u00faltimo, mencion\u00f3 a Harry Kane: \u00ab<strong>No ha hecho una temporada lo suficientemente buena como para estar por encima de los dem\u00e1s<\/strong>\u00ab. <\/p>\n","protected":false},"excerpt":{"rendered":"Aunque todav\u00eda faltan meses para la gala del Bal\u00f3n de Oro, el debate sobre qui\u00e9n debe ganarlo ya&hellip;\n","protected":false},"author":2,"featured_media":684601,"comment_status":"","ping_status":"","sticky":false,"template":"","format":"standard","meta":{"footnotes":""},"categories":[268],"tags":[168,6727,25,24,280,2313,282,4799,10288,3013,12164,281,23,167],"class_list":["post-684600","post","type-post","status-publish","format-standard","has-post-thumbnail","category-futbol","tag-deportes","tag-dice","tag-es","tag-espana","tag-football","tag-fuera-de-juego","tag-futbol","tag-gonzalo","tag-miro","tag-mundo","tag-piensa","tag-soccer","tag-spain","tag-sports"],"share_on_mastodon":{"url":"https:\/\/pubeurope.com\/@es\/117007721609052937","error":""},"_links":{"self":[{"href":"https:\/\/www.europesays.com\/es\/wp-json\/wp\/v2\/posts\/684600","targetHints":{"allow":["GET"]}}],"collection":[{"href":"https:\/\/www.europesays.com\/es\/wp-json\/wp\/v2\/posts"}],"about":[{"href":"https:\/\/www.europesays.com\/es\/wp-json\/wp\/v2\/types\/post"}],"author":[{"embeddable":true,"href":"https:\/\/www.europesays.com\/es\/wp-json\/wp\/v2\/users\/2"}],"replies":[{"embeddable":true,"href":"https:\/\/www.europesays.com\/es\/wp-json\/wp\/v2\/comments?post=684600"}],"version-history":[{"count":0,"href":"https:\/\/www.europesays.com\/es\/wp-json\/wp\/v2\/posts\/684600\/revisions"}],"wp:featuredmedia":[{"embeddable":true,"href":"https:\/\/www.europesays.com\/es\/wp-json\/wp\/v2\/media\/684601"}],"wp:attachment":[{"href":"https:\/\/www.europesays.com\/es\/wp-json\/wp\/v2\/media?parent=684600"}],"wp:term":[{"taxonomy":"category","embeddable":true,"href":"https:\/\/www.europesays.com\/es\/wp-json\/wp\/v2\/categories?post=684600"},{"taxonomy":"post_tag","embeddable":true,"href":"https:\/\/www.europesays.com\/es\/wp-json\/wp\/v2\/tags?post=684600"}],"curies":[{"name":"wp","href":"https:\/\/api.w.org\/{rel}","templated":true}]}}