{"id":68473,"date":"2025-08-24T07:05:29","date_gmt":"2025-08-24T07:05:29","guid":{"rendered":"https:\/\/www.europesays.com\/es\/68473\/"},"modified":"2025-08-24T07:05:29","modified_gmt":"2025-08-24T07:05:29","slug":"el-documental-de-alex-odogherty-e-ivan-karras-en-el-festival-de-cine-de-tarazona","status":"publish","type":"post","link":"https:\/\/www.europesays.com\/es\/68473\/","title":{"rendered":"El documental de \u00c1lex O\u2019Dogherty e Ivan Karras, en el Festival de Cine de Tarazona"},"content":{"rendered":"<p class=\"paragraph\">La XXII edici\u00f3n del<a href=\"https:\/\/www.cinetarazonaymoncayo.es\/\" target=\"_blank\" rel=\"nofollow noopener\"> Festival de Cine de Comedia de Tarazona y El Moncayo \u2018Paco Mart\u00ednez Soria\u2019<\/a>, catalogado este a\u00f1o actividad de Inter\u00e9s Tur\u00edstico de Arag\u00f3n, celebra este domingo con una amplia asistencia de p\u00fablico su primera jornada de proyecciones oficiales en el <b>Teatro de Bellas Artes <\/b>de la localidad zaragozana.<\/p>\n<p class=\"paragraph\">Despu\u00e9s de celebrar este s\u00e1bado la inauguraci\u00f3n y preestrenar el documental<b> \u2018Raquel Meller: Insumisa y divina\u2019 de Vicky Calavia,<\/b> este segundo d\u00eda de festival acoge la proyecci\u00f3n de los primeros cortometrajes a concurso: \u2018Lo que te falta\u2019, \u2018Tesoro\u2019, \u2018La ceremonia del c\u00edrculo\u2019, \u2018El corto de Rub\u00e9n\u2019, \u2018Fr\u00edo\u2019, \u2018Ghosting\u2019, \u2018Serial Tinder\u2019 y \u2018Videoclub 2001\u2019. Todos ellos presentados y moderados por Juanjo Nogue.<\/p>\n<p class=\"paragraph\">A la proyecci\u00f3n de los cortometrajes han asistido<b> Marina Badia,<\/b> directora de \u2018La ceremonia del C\u00edrculo\u2019; <b>Sara Bermejo,<\/b> directora de \u2018Lo que te falta\u2019, y el director <b>Yago Casariego <\/b>y la sonidista<b> Irene Lozano<\/b> de \u2018Ghosting\u2019.<\/p>\n<p class=\"paragraph\">Badia, emocionada por la proyecci\u00f3n de su obra, ha recordado que hace 15 a\u00f1os form\u00f3 parte del taller de cortometrajes del festival, por lo que volver con un trabajo suyo \u201ces algo incre\u00edble\u201d. Del mismo modo, Bermejo ha so\u00f1ado una<b> \u201clarga vida a Tarazona\u201d <\/b>y Casariego ha incidido en que \u201cla comedia es un veh\u00edculo potent\u00edsimo para contar historias\u201d.<\/p>\n<p class=\"paragraph\">El largometraje elegido para proyectarse este mismo d\u00eda ha sido \u2018De todos lados un poco\u2019, dirigido por<b> \u00c1lex O\u2019Dogherty<\/b> e <b>Iv\u00e1n Karras.<\/b> El documental, que permite reflexionar sobre identidad, ra\u00edces y pertenencia, parte de la investigaci\u00f3n iniciada por el padre de O\u2019Dogherty sobre la historia de su apellido y plantea la idea de que todos descendemos de emigrantes si buscamos bien en nuestras ra\u00edces.<\/p>\n<p class=\"paragraph\">A lo largo del metraje, el actor reflexiona sobre c\u00f3mo el origen y el color de piel influyen en la manera en la que se trata a las personas, y concluye que, en realidad, todos somos de todos lados un poco.<\/p>\n<p class=\"paragraph\">Ambos guionistas y codirectores han llegado hasta Tarazona para la proyecci\u00f3n y posterior coloquio, moderado por la periodista Camino Ivars. \u201cMe ha hecho mucha ilusi\u00f3n venir aqu\u00ed, que es un festival de referencia. Aun siendo un documental que no es lo que suelen proyectar aqu\u00ed, me dijeron que les hab\u00eda gustado y que quer\u00edan que lo viera el p\u00fablico. Nos sentimos muy honrados\u201d, ha dicho<b> O\u2019Dogherty.<\/b><\/p>\n<p class=\"paragraph\">Del mismo modo, adem\u00e1s de reconocer que es una historia \u201cde mucha gente\u201d y que el objetivo era que la investigaci\u00f3n de su padre sobre el origen de los apellidos <b>\u201cno se quedar\u00e1 olvidada en un caj\u00f3n\u201d, <\/b>el director y productor ha se\u00f1alado que \u201cno todos los inmigrantes eran tratados de la misma forma\u201d y, con esa idea, \u201cse empez\u00f3 a formar un todo diferente\u201d.<\/p>\n<p class=\"paragraph\">\u201cEl documental no solo habla de una historia de b\u00fasqueda de or\u00edgenes, sino del problema de muchas familias a la hora de sentirse integrados en otro pa\u00eds\u201d, ha subrayado. Una idea a la que se ha sumado su compa\u00f1ero Karras, quien piensa que es<b> \u201cuna historia at\u00edpica con un \u00e1rbol geneal\u00f3gico que se remonta al a\u00f1o 378\u201d.<\/b><\/p>\n<p class=\"paragraph\">Por su parte, ha puesto en valor que en este documental aborda, \u201csin banderas\u201d,<b> una historia \u201cde diversidad, de pertenencia y que nos recuerda que hay muchas historias en todos nosotros y mucho ADN mezclado\u201d.<\/b>  \u201cTodo ello sumado a la historia sobre el origen que hay en Irlanda\u201d, ha apuntado.<\/p>\n<p class=\"paragraph\">\u201cCreo que tambi\u00e9n <b>debemos valorar c\u00f3mo nos hemos fusionado durante el montaje para tomar estas decisiones de desbroce. Ha sido maravilloso\u201d<\/b>, ha destacado, una conexi\u00f3n a la que ha catalogado como \u201cuna simbiosis en la que remaban los dos hacia el mismo sitio\u201d.<\/p>\n<p class=\"paragraph\">Asimismo, <b>Karras<\/b> ha compartido que para \u00e9l ha sido tambi\u00e9n un reto contar una historia personal de \u00c1lex ya que \u201cel coraz\u00f3n mandaba, un coraz\u00f3n que ha sido necesario y que incluso ha movido a los dos\u201d. \u201cMe he nutrido de su energ\u00eda e inteligencia. Es un gustazo trabajar con alguien as\u00ed y con sus ideas\u201d, ha sumado.<\/p>\n","protected":false},"excerpt":{"rendered":"La XXII edici\u00f3n del Festival de Cine de Comedia de Tarazona y El Moncayo \u2018Paco Mart\u00ednez Soria\u2019, catalogado&hellip;\n","protected":false},"author":2,"featured_media":68474,"comment_status":"","ping_status":"","sticky":false,"template":"","format":"standard","meta":{"footnotes":""},"categories":[169],"tags":[177,6084,27555,146,147,25,24,3931,176,27556,175,23,12909],"class_list":{"0":"post-68473","1":"post","2":"type-post","3":"status-publish","4":"format-standard","5":"has-post-thumbnail","7":"category-cine","8":"tag-cine","9":"tag-documental","10":"tag-dogherty","11":"tag-entertainment","12":"tag-entretenimiento","13":"tag-es","14":"tag-espana","15":"tag-festival","16":"tag-film","17":"tag-karras","18":"tag-movies","19":"tag-spain","20":"tag-tarazona"},"share_on_mastodon":{"url":"","error":""},"_links":{"self":[{"href":"https:\/\/www.europesays.com\/es\/wp-json\/wp\/v2\/posts\/68473","targetHints":{"allow":["GET"]}}],"collection":[{"href":"https:\/\/www.europesays.com\/es\/wp-json\/wp\/v2\/posts"}],"about":[{"href":"https:\/\/www.europesays.com\/es\/wp-json\/wp\/v2\/types\/post"}],"author":[{"embeddable":true,"href":"https:\/\/www.europesays.com\/es\/wp-json\/wp\/v2\/users\/2"}],"replies":[{"embeddable":true,"href":"https:\/\/www.europesays.com\/es\/wp-json\/wp\/v2\/comments?post=68473"}],"version-history":[{"count":0,"href":"https:\/\/www.europesays.com\/es\/wp-json\/wp\/v2\/posts\/68473\/revisions"}],"wp:featuredmedia":[{"embeddable":true,"href":"https:\/\/www.europesays.com\/es\/wp-json\/wp\/v2\/media\/68474"}],"wp:attachment":[{"href":"https:\/\/www.europesays.com\/es\/wp-json\/wp\/v2\/media?parent=68473"}],"wp:term":[{"taxonomy":"category","embeddable":true,"href":"https:\/\/www.europesays.com\/es\/wp-json\/wp\/v2\/categories?post=68473"},{"taxonomy":"post_tag","embeddable":true,"href":"https:\/\/www.europesays.com\/es\/wp-json\/wp\/v2\/tags?post=68473"}],"curies":[{"name":"wp","href":"https:\/\/api.w.org\/{rel}","templated":true}]}}