{"id":684968,"date":"2026-07-30T12:03:33","date_gmt":"2026-07-30T12:03:33","guid":{"rendered":"https:\/\/www.europesays.com\/es\/684968\/"},"modified":"2026-07-30T12:03:33","modified_gmt":"2026-07-30T12:03:33","slug":"una-bombera-habla-claro-sobre-el-impactante-video-que-ha-dado-la-vuelta-al-mundo-de-unos-bomberos-franceses","status":"publish","type":"post","link":"https:\/\/www.europesays.com\/es\/684968\/","title":{"rendered":"Una bombera habla claro sobre el impactante v\u00eddeo que ha dado la vuelta al mundo de unos bomberos franceses"},"content":{"rendered":"<p>Un espectacular v\u00eddeo de c\u00f3mo <b>los bomberos franceses est\u00e1n combatiendo contra los incendios<\/b> que est\u00e1n asolando al pa\u00eds vecino, concretamente a la regi\u00f3n de Burdeos, ha dado la vuelta al mundo. La escena fue grabada por uno de los profesionales mediante unas novedosas gafas Meta que llevaba.\u00a0<\/p>\n<p>El v\u00eddeo, tomado el pasado lunes 27 y publicado en Instagram en <b><a href=\"https:\/\/www.instagram.com\/k_nabil\/reels\/\" target=\"_blank\" rel=\"nofollow noopener\">la cuenta del bombero Kara Nabil (@k_nabil)<\/a> horas m\u00e1s tarde, lleva 10 millones de reproducciones.<\/b> \u00abOriginalmente, este video iba a quedarse dentro de nuestro equipo de respuesta, pero se filtr\u00f3. Probablemente me rega\u00f1en en el departamento de comunicaciones, pero ya es demasiado tarde Y el video ya est\u00e1 circulando\u00bb, asegur\u00f3 el autor, destacando que se trata de \u00abun vistazo de realidad sobre el terreno\u00bb.\u00a0<\/p>\n<p>\u00abLa situaci\u00f3n se puso tensa, y gracias a Dios nadie result\u00f3 herido, pero <b>este es nuestro trabajo; para esto nos apuntamos<\/b>.\u00a0Much\u00edsimas gracias a los agricultores que nos ayudaron proporcion\u00e1ndonos agua, y a los residentes que se quedaron y nos est\u00e1n preparando comida\u00bb, a\u00f1adi\u00f3 Nabil.\u00a0<\/p>\n<p>Sin embargo y aunque pueda parecer una batalla heroica por parte de ese equipo de bomberos galos, la realidad, tal y como han dejado claro varios especialistas en sus perfiles de redes sociales, es que<b> se trata de una maniobra peligrosa y nada recomendable.\u00a0<\/b><\/p>\n<p>Por ejemplo, la bombera forestal Vanesa Molina (@vanesamolinafde) ha comentado la publicaci\u00f3n pregunt\u00e1ndose si \u00ab<b>en Francia no conocen el t\u00e9rmino &#8216;fuera de capacidad de extinci\u00f3n&#8217;<\/b>\u00ab. \u00ab\u00a180 bomberos heridos en los \u00faltimos incendios forestales que han tenido! Viendo estas im\u00e1genes, pocos me parecen\u00bb, ha dejado claro.\u00a0<\/p>\n<p>Desde la Asociaci\u00f3n Sindical Profesional de Agentes Medioambientales de Castilla y Le\u00f3n han explicado c\u00f3mo ser\u00eda el procedimiento: \u00abCon esa potencia de fuego\u00a0<b>hay que usar el agua  precisamente para extinguir los saltos a la izquierda del camino<\/b>. Utilizar camino como cortafuegos y extinguir los saltos del otro lado. T\u00e9cnicas de extinci\u00f3n en monte son otras\u00a0salvo que busques foto\u00bb.<\/p>\n<p><a href=\"https:\/\/www.huffingtonpost.es\/virales\/un-bombero-arrasanalar-ve-sociedad-25nos-trabajando-es-terrorifico-f202607.html\" rel=\"nofollow noopener\" target=\"_blank\">Jos\u00e9 Bolumar, jefe de Unidad del Servicio de Bomberos Forestales de la Generalitat Valenciana<\/a>, tambi\u00e9n ha querido dar su opini\u00f3n asegurando en su perfil de X (@XeviBolumar) que \u00ablas estrategias, <b>t\u00e1cticas y maniobras de extinci\u00f3n que se utilizan en incendios estructurales y forestales son absolutamente distintas\u00bb.<\/b><\/p>\n<p>\u00abAqu\u00ed se ve a bomberos estructurales aplicando t\u00e9cnicas de incendio industrial a un incendio forestal.<b>\u00a0Es muy peligroso y nada eficiente<\/b>\u00ab, ha subrayado el especialista valenciano.<\/p>\n<p>El testimonio de un\u00a0catedr\u00e1tico en Ingenier\u00eda Forestal<\/p>\n<p>Por si las reacciones de estos especialistas no fueran suficientes, V\u00edctor Resco de Dios, catedr\u00e1tico en Ingenier\u00eda Forestal y Cambio Global, ha recuperado un hilo que hab\u00eda hecho para explicar el peligro que lleva impl\u00edcito este tipo de actuaciones. \u00ab<b>\u00bfH\u00e9roe o temerario?\u00a0No todas las fotos de bomberos trabajando muestran h\u00e9roes.<\/b> A veces solo conductas temerarias sin justificaci\u00f3n.\u00a0\u00c9sta es una de ellas\u00bb, hab\u00eda asegurado en ese hilo, mientras ense\u00f1aba a varios camiones de bomberos luchando contra el fuego en primera l\u00ednea.<\/p>\n<p>Resco de D\u00edos coment\u00f3 que en ese caso \u00abest\u00e1 trabajando rodeado de llamas a ambos lados, y tambi\u00e9n por detr\u00e1s (quiz\u00e1s por delante), por tanto, se est\u00e1 jugando el atrapamiento\u00bb.\u00a0<b>\u00abEst\u00e1 echando agua con una manguera muy gorda: as\u00ed se queda sin agua en cinco minutos<\/b>, y a ver qu\u00e9 hace luego\u00bb, a\u00f1adi\u00f3.<\/p>\n<p>En otra imagen tambi\u00e9n tomada en Francia en un escenario similar, el ingeniero aprovech\u00f3 para destacar que \u00ab<b>est\u00e1n trabajando como bomberos urbanos,  no forestales\u00bb,<\/b> es decir, actuando como \u00absi esperaran al fuego para defender unas casas\u00bb.\u00a0<\/p>\n<p>Adem\u00e1s, dio varias razones por las que no tiene sentido aseguir esas pr\u00e1cticas en el monte. La primera es<b> el atrapamiento, ya que describi\u00f3 que \u00abel fuego puede saltar y que los bomberos se quedan atrapados\u00bb<\/b>, mientras que la segunda se debe a que \u00abel fuego puede subir a copas, y ah\u00ed no se hace nada con agua estando fuera de capacidad de extinci\u00f3n\u00bb. La tercera, explic\u00f3, se debe a que\u00a0 \u00abel di\u00e1metro de la manguera es muy ancho, por lo que se quedan sin agua\u00bb.\u00a0<\/p>\n<p>Resco de Dios hasta apunt\u00f3 que en este tipo de incendios forestales casi no se utiliza el agua, ya que se crean\u00a0l\u00edneas o zonas sin combustible con herramientas manuales, maquinaria, pesada, quemas, etc.<b> El agua, finaliz\u00f3, se deja para focos secundarios o enfriar rescoldos.\u00a0<\/b><\/p>\n<p>Finalmente, concluy\u00f3 con una reflexi\u00f3n sobre las actuaciones de los bomberos forestales: \u00abNo queremos que los bomberos sean h\u00e9roes. Queremos que sean trabajadores bien formados y equipados, con buenas condiciones, y que tengamos unidades de an\u00e1lisis y planificaci\u00f3n cualificados\u00bb.<\/p>\n<p><script async src=\"\/\/www.instagram.com\/embed.js\"><\/script><\/p>\n","protected":false},"excerpt":{"rendered":"Un espectacular v\u00eddeo de c\u00f3mo los bomberos franceses est\u00e1n combatiendo contra los incendios que est\u00e1n asolando al pa\u00eds&hellip;\n","protected":false},"author":2,"featured_media":684969,"comment_status":"","ping_status":"","sticky":false,"template":"","format":"standard","meta":{"footnotes":""},"categories":[5],"tags":[17,18,25,24,13,14,11,4342,8877,19,20,9,10,15,16,23,12,6052,21,22],"class_list":["post-684968","post","type-post","status-publish","format-standard","has-post-thumbnail","category-titulares","tag-breaking-news","tag-breakingnews","tag-es","tag-espana","tag-featured-news","tag-featurednews","tag-headlines","tag-incendios","tag-incendios-forestales","tag-latest-news","tag-latestnews","tag-news","tag-noticias","tag-noticias-destacadas","tag-noticiasdestacadas","tag-spain","tag-titulares","tag-twitter","tag-ultimas-noticias","tag-ultimasnoticias"],"share_on_mastodon":{"url":"https:\/\/pubeurope.com\/@es\/117008833318774124","error":""},"_links":{"self":[{"href":"https:\/\/www.europesays.com\/es\/wp-json\/wp\/v2\/posts\/684968","targetHints":{"allow":["GET"]}}],"collection":[{"href":"https:\/\/www.europesays.com\/es\/wp-json\/wp\/v2\/posts"}],"about":[{"href":"https:\/\/www.europesays.com\/es\/wp-json\/wp\/v2\/types\/post"}],"author":[{"embeddable":true,"href":"https:\/\/www.europesays.com\/es\/wp-json\/wp\/v2\/users\/2"}],"replies":[{"embeddable":true,"href":"https:\/\/www.europesays.com\/es\/wp-json\/wp\/v2\/comments?post=684968"}],"version-history":[{"count":0,"href":"https:\/\/www.europesays.com\/es\/wp-json\/wp\/v2\/posts\/684968\/revisions"}],"wp:featuredmedia":[{"embeddable":true,"href":"https:\/\/www.europesays.com\/es\/wp-json\/wp\/v2\/media\/684969"}],"wp:attachment":[{"href":"https:\/\/www.europesays.com\/es\/wp-json\/wp\/v2\/media?parent=684968"}],"wp:term":[{"taxonomy":"category","embeddable":true,"href":"https:\/\/www.europesays.com\/es\/wp-json\/wp\/v2\/categories?post=684968"},{"taxonomy":"post_tag","embeddable":true,"href":"https:\/\/www.europesays.com\/es\/wp-json\/wp\/v2\/tags?post=684968"}],"curies":[{"name":"wp","href":"https:\/\/api.w.org\/{rel}","templated":true}]}}