{"id":685142,"date":"2026-07-30T14:12:24","date_gmt":"2026-07-30T14:12:24","guid":{"rendered":"https:\/\/www.europesays.com\/es\/685142\/"},"modified":"2026-07-30T14:12:24","modified_gmt":"2026-07-30T14:12:24","slug":"un-ano-despues-del-golpe-el-verano-de-gratitud-de-borja-semper-y-barbara-goenaga-con-sus-hijos-entre-el-mar-y-la-playa-de-san-sebastian","status":"publish","type":"post","link":"https:\/\/www.europesays.com\/es\/685142\/","title":{"rendered":"Un a\u00f1o despu\u00e9s del golpe: el verano de gratitud de Borja S\u00e9mper y B\u00e1rbara Goenaga con sus hijos, entre el mar y la playa de San Sebasti\u00e1n"},"content":{"rendered":"<p id=\"eyJnGAFceX\" data-wc=\"67\">Para Borja S\u00e9mper el verano de 2026 adquiere un significado distinto que para cualquiera que no haya tenido que enfrentarse a una enfermedad grave. El portavoz de la direcci\u00f3n nacional del Partido Popular ha iniciado unas vacaciones que se perfilan como el ant\u00eddoto perfecto para cerrar el a\u00f1o m\u00e1s complicado de su vida desde que el 14 de julio de 2025 \u00a0le diagnosticaron un c\u00e1ncer de p\u00e1ncreas.<\/p>\n<p>\u00abEl mar, la playa y el verano de San Sebasti\u00e1n\u00bb<\/p>\n<p id=\"eGWys3grBlM\" data-wc=\"71\">Para Borja y su familia, el descanso durante estos meses estivales no es un simple descanso de calendario, sino una necesidad vital de desconexi\u00f3n. El pol\u00edtico recordar\u00e1 el verano de 2025 como uno de los m\u00e1s complejos y duros de toda su vida, por eso ahora, disfrutar de un paseo por la playa de la Concha con su mujer, B\u00e1rbara Goenaga, o darse un ba\u00f1o en el mar adquiere otra dimensi\u00f3n.<\/p>\n<p> <img src=\"https:\/\/www.europesays.com\/es\/wp-content\/uploads\/2026\/07\/dcce93eae2f9-foto-1-ig-761272496186133424830126407161652661321491040n.jpg\"   width=\"1024\" height=\"768\" loading=\"lazy\" decoding=\"async\" alt=\"Borja y B\u00e1rbara disfrutan de su verano 2026 en San Sebasti\u00e1n\" fetchpriority=\"auto\" class=\"image ho-image\"\/>\u00a9 bsemperBorja y B\u00e1rbara disfrutan de su verano 2026 en San Sebasti\u00e1n<\/p>\n<p id=\"ep9k6giuEYJ\" data-wc=\"35\">\u00a0\u00abEl mar, la playa y el verano de San Sebasti\u00e1n\u00bb, son los tres conceptos que ha destacado el pol\u00edtico vasco que explican c\u00f3mo las cosas secillas de la vida son para \u00e9l motivo de felicidad.<\/p>\n<p> <img src=\"https:\/\/www.europesays.com\/es\/wp-content\/uploads\/2026\/07\/d975f9a503e8-foto-3-ig-76062055818613342504012640840732776599923122n.jpg\"   width=\"1024\" height=\"771\" loading=\"lazy\" decoding=\"async\" alt=\"El pol\u00edtico disfruta estos d\u00edas de su amada San Sebasti\u00e1n\" fetchpriority=\"auto\" class=\"image ho-image\"\/>\u00a9 bsemperEl pol\u00edtico disfruta estos d\u00edas de su amada San Sebasti\u00e1n<\/p>\n<p id=\"enlQ2SaeGB6\" data-wc=\"91\">Como acostumbra a mostrar en sus momentos m\u00e1s \u00edntimos, S\u00e9mper encuentra <strong>su verdadero refugio en la cotidianeidad, la familia y el contacto con la naturaleza<\/strong>. Lejos de los micr\u00f3fonos, los plat\u00f3s de televisi\u00f3n y los trajes de chaqueta, el pol\u00edtico vasco busca reconectar con sus ra\u00edces y con los placeres sencillos: largos paseos junto al mar, momentos de lectura sin prisa y el tiempo de calidad compartido con su entorno m\u00e1s cercano. Es en la tranquilidad de la costa en donde logra desacelerar el ritmo vertiginoso que impone la gran ciudad.<\/p>\n<p> <img src=\"https:\/\/www.europesays.com\/es\/wp-content\/uploads\/2026\/07\/d92b84330e61-foto-2-ig-760341842186133424920126401840033194279580446n.jpg\"   width=\"1024\" height=\"768\" loading=\"lazy\" decoding=\"async\" alt=\"B\u00e1rbara siempre a su lado\" fetchpriority=\"auto\" class=\"image ho-image\"\/>\u00a9 bsemperB\u00e1rbara siempre a su lado<\/p>\n<p id=\"e0jED08ysa7\" data-wc=\"34\">Entre el mar, la brisa y la tranquilidad familiar, el dirigente pol\u00edtico aprovecha este tiempo estival para reponer energ\u00edas, recargar la mochila personal y prepararse para todo lo que venga a partir de ahora.<\/p>\n<p>Te recomendamosSeguir leyendo<\/p>\n","protected":false},"excerpt":{"rendered":"Para Borja S\u00e9mper el verano de 2026 adquiere un significado distinto que para cualquiera que no haya tenido&hellip;\n","protected":false},"author":2,"featured_media":685143,"comment_status":"","ping_status":"","sticky":false,"template":"","format":"standard","meta":{"footnotes":""},"categories":[174],"tags":[517,22657,22722,255,146,147,25,24,256,23],"class_list":["post-685142","post","type-post","status-publish","format-standard","has-post-thumbnail","category-famosos","tag-actualidad","tag-barbara-goenaga","tag-borja-semper","tag-celebrities","tag-entertainment","tag-entretenimiento","tag-es","tag-espana","tag-famosos","tag-spain"],"share_on_mastodon":{"url":"https:\/\/pubeurope.com\/@es\/117009341280677689","error":""},"_links":{"self":[{"href":"https:\/\/www.europesays.com\/es\/wp-json\/wp\/v2\/posts\/685142","targetHints":{"allow":["GET"]}}],"collection":[{"href":"https:\/\/www.europesays.com\/es\/wp-json\/wp\/v2\/posts"}],"about":[{"href":"https:\/\/www.europesays.com\/es\/wp-json\/wp\/v2\/types\/post"}],"author":[{"embeddable":true,"href":"https:\/\/www.europesays.com\/es\/wp-json\/wp\/v2\/users\/2"}],"replies":[{"embeddable":true,"href":"https:\/\/www.europesays.com\/es\/wp-json\/wp\/v2\/comments?post=685142"}],"version-history":[{"count":0,"href":"https:\/\/www.europesays.com\/es\/wp-json\/wp\/v2\/posts\/685142\/revisions"}],"wp:featuredmedia":[{"embeddable":true,"href":"https:\/\/www.europesays.com\/es\/wp-json\/wp\/v2\/media\/685143"}],"wp:attachment":[{"href":"https:\/\/www.europesays.com\/es\/wp-json\/wp\/v2\/media?parent=685142"}],"wp:term":[{"taxonomy":"category","embeddable":true,"href":"https:\/\/www.europesays.com\/es\/wp-json\/wp\/v2\/categories?post=685142"},{"taxonomy":"post_tag","embeddable":true,"href":"https:\/\/www.europesays.com\/es\/wp-json\/wp\/v2\/tags?post=685142"}],"curies":[{"name":"wp","href":"https:\/\/api.w.org\/{rel}","templated":true}]}}