{"id":685196,"date":"2026-07-30T14:49:22","date_gmt":"2026-07-30T14:49:22","guid":{"rendered":"https:\/\/www.europesays.com\/es\/685196\/"},"modified":"2026-07-30T14:49:22","modified_gmt":"2026-07-30T14:49:22","slug":"la-moncloa-pedro-sanchez-anuncia-el-fin-de-la-emergencia-nacional-por-los-incendios-de-avila-y-madrid-y-la-desescalada-al-nivel-operativo-2","status":"publish","type":"post","link":"https:\/\/www.europesays.com\/es\/685196\/","title":{"rendered":"La Moncloa. Pedro S\u00e1nchez anuncia el fin de la emergencia nacional por los incendios de \u00c1vila y Madrid y la desescalada al nivel operativo 2"},"content":{"rendered":"<p id=\"ctl00_PlaceHolderMain_DisplayMode_noticia_pLocationYellowContain\" class=\"news-location\">Puesto de Mando Avanzado, Navaluenga , \u00c1vila<\/p>\n<p>&#13;<\/p>\n<p>El jefe del Ejecutivo calific\u00f3 de \u00ab\u00e9xito razonable\u00bb esta primera experiencia de emergencia nacional de respuesta liderada por la UME, conjuntamente con el Sistema Nacional de Protecci\u00f3n Civil y con la colaboraci\u00f3n de las instituciones p\u00fablicas implicadas, que ha sido capaz de dar una \u00abrespuesta eficaz\u00bb a la envergadura del incendio que ten\u00edamos por delante. As\u00ed, subray\u00f3 que han sido \u00abm\u00e1s de 150 horas seguidas de trabajo incansable por parte de todas las unidades operativas que han luchado en primera l\u00ednea contra el incendio\u00bb, a las que \u00abdebemos un mensaje de eterna gratitud\u00bb.<\/p>\n<p>Durante su intervenci\u00f3n, el presidente ha mostrado su satisfacci\u00f3n por el hecho de que los distintos niveles de la administraci\u00f3n hayan trabajado \u00abcomo si fu\u00e9ramos un \u00fanico equipo contra ese enemigo com\u00fan que era el fuego, que exig\u00eda de las m\u00e1ximas capacidades de todos y de todas\u00bb.<\/p>\n<p>Asimismo, ha vuelto a reiterar la \u00abmano tendida\u00bb del Gobierno de Espa\u00f1a para lograr \u00abprobablemente el acuerdo m\u00e1s importante que necesita nuestro pa\u00eds, que es un Pacto de Estado frente a la emergencia clim\u00e1tica\u00bb. \u00abTenemos que estar unidos en la respuesta, pero tenemos que estar unidos tambi\u00e9n en la prevenci\u00f3n y en la reconstrucci\u00f3n\u00bb, destac\u00f3.<\/p>\n<p>El jefe del Ejecutivo tambi\u00e9n ha pedido extremar la \u00abprecauci\u00f3n\u00bb a todos los ciudadanos ante la llegada de una nueva ola de calor, porque algunos de los incendios m\u00e1s devastadores que estamos sufriendo \u00abson debidos a imprudencias, a la mano del ser humano\u00bb. En este sentido, ha garantizado que este tipo de actos \u00abno pueden ni van a quedar impunes\u00bb, dijo.<\/p>\n<p>Por \u00faltimo, Pedro S\u00e1nchez ha insistido en su agradecimiento a los medios de comunicaci\u00f3n por su labor en la lucha contra la desinformaci\u00f3n y los bulos \u00abque solamente generan angustia en personas ya de por s\u00ed muy angustiadas\u00bb y ha pedido a los vecinos de las zonas afectadas que se informen a trav\u00e9s de ellos.<\/p>\n<p>&#13;<\/p>\n","protected":false},"excerpt":{"rendered":"Puesto de Mando Avanzado, Navaluenga , \u00c1vila &#13; El jefe del Ejecutivo calific\u00f3 de \u00ab\u00e9xito razonable\u00bb esta primera&hellip;\n","protected":false},"author":2,"featured_media":685197,"comment_status":"","ping_status":"","sticky":false,"template":"","format":"standard","meta":{"footnotes":""},"categories":[5],"tags":[3382,17,18,25,24,13,14,11,19,20,9,10,15,16,1461,23,12,21,22],"class_list":["post-685196","post","type-post","status-publish","format-standard","has-post-thumbnail","category-titulares","tag-actividad","tag-breaking-news","tag-breakingnews","tag-es","tag-espana","tag-featured-news","tag-featurednews","tag-headlines","tag-latest-news","tag-latestnews","tag-news","tag-noticias","tag-noticias-destacadas","tag-noticiasdestacadas","tag-presidente","tag-spain","tag-titulares","tag-ultimas-noticias","tag-ultimasnoticias"],"share_on_mastodon":{"url":"https:\/\/pubeurope.com\/@es\/117009485897069721","error":""},"_links":{"self":[{"href":"https:\/\/www.europesays.com\/es\/wp-json\/wp\/v2\/posts\/685196","targetHints":{"allow":["GET"]}}],"collection":[{"href":"https:\/\/www.europesays.com\/es\/wp-json\/wp\/v2\/posts"}],"about":[{"href":"https:\/\/www.europesays.com\/es\/wp-json\/wp\/v2\/types\/post"}],"author":[{"embeddable":true,"href":"https:\/\/www.europesays.com\/es\/wp-json\/wp\/v2\/users\/2"}],"replies":[{"embeddable":true,"href":"https:\/\/www.europesays.com\/es\/wp-json\/wp\/v2\/comments?post=685196"}],"version-history":[{"count":0,"href":"https:\/\/www.europesays.com\/es\/wp-json\/wp\/v2\/posts\/685196\/revisions"}],"wp:featuredmedia":[{"embeddable":true,"href":"https:\/\/www.europesays.com\/es\/wp-json\/wp\/v2\/media\/685197"}],"wp:attachment":[{"href":"https:\/\/www.europesays.com\/es\/wp-json\/wp\/v2\/media?parent=685196"}],"wp:term":[{"taxonomy":"category","embeddable":true,"href":"https:\/\/www.europesays.com\/es\/wp-json\/wp\/v2\/categories?post=685196"},{"taxonomy":"post_tag","embeddable":true,"href":"https:\/\/www.europesays.com\/es\/wp-json\/wp\/v2\/tags?post=685196"}],"curies":[{"name":"wp","href":"https:\/\/api.w.org\/{rel}","templated":true}]}}