{"id":685244,"date":"2026-07-30T15:30:21","date_gmt":"2026-07-30T15:30:21","guid":{"rendered":"https:\/\/www.europesays.com\/es\/685244\/"},"modified":"2026-07-30T15:30:21","modified_gmt":"2026-07-30T15:30:21","slug":"ester-exposito-rompe-su-silencio-sobre-mbappe-y-estalla-contra-los-bulos-me-veo-obligada-a-poner-limites","status":"publish","type":"post","link":"https:\/\/www.europesays.com\/es\/685244\/","title":{"rendered":"Ester Exp\u00f3sito rompe su silencio sobre Mbapp\u00e9 y estalla contra los bulos: \u00abMe veo obligada a poner l\u00edmites\u00bb"},"content":{"rendered":"<p><a href=\"https:\/\/los40.com\/2026\/07\/21\/mbappe-y-ester-exposito-de-la-mano-por-miami-tras-la-foto-publicada-por-error-en-redes\/\" target=\"_blank\" rel=\"nofollow noopener\" title=\"https:\/\/los40.com\/2026\/07\/21\/mbappe-y-ester-exposito-de-la-mano-por-miami-tras-la-foto-publicada-por-error-en-redes\/\"><b>Ester Exp\u00f3sito<\/b><\/a><b> <\/b>ha decidido hablar y plantar cara a los rumores. La actriz madrile\u00f1a, que nunca ha querido pronunciarse p\u00fablicamente sobre<b> <\/b><a href=\"https:\/\/los40.com\/2026\/04\/14\/ester-exposito-protagonizara-enfrentados-marfil-la-adaptacion-del-libro-de-mercedes-ron\/\" target=\"_blank\" rel=\"nofollow noopener\" title=\"https:\/\/los40.com\/2026\/04\/14\/ester-exposito-protagonizara-enfrentados-marfil-la-adaptacion-del-libro-de-mercedes-ron\/\"><b>su comentada relaci\u00f3n con Kylian Mbapp\u00e9<\/b><\/a>, ha lanzado un comunicado despu\u00e9s de que en los \u00faltimos d\u00edas se hayan multiplicado las informaciones falsas y los contenidos manipulados sobre su vida privada.<\/p>\n<p>Aunque las im\u00e1genes de ambos juntos durante los \u00faltimos meses dejan claro que hay un romance entre los dos, la protagonista de \u00c9lite siempre hab\u00eda optado por no hablar de su vida privada. Sin embargo, considera que la situaci\u00f3n ha llegado <b>demasiado lejos y ha anunciado que tomar\u00e1 medidas legales<\/b> contra quienes est\u00e9n detr\u00e1s de estos ataques.<\/p>\n<p><b>\u00abEn los \u00faltimos meses y especialmente estos d\u00edas han circulado en redes sociales titulares e informaciones falsas <\/b>y difamatorias sobre m\u00ed y mi vida personal que nada tienen que ver con la realidad o lo que soy\u00bb, comienza diciendo en el comunicado compartido a trav\u00e9s de sus redes.<\/p>\n<p><img decoding=\"async\" src=\"https:\/\/los40.com\/pf\/resources\/img\/logo-40-v-c.svg?d=1009\" alt=\"LOS40\" class=\"i-pro\" width=\"68\" height=\"68\" loading=\"lazy\"\/><\/p>\n<p>La int\u00e9rprete denuncia adem\u00e1s la difusi\u00f3n de lo que define como <b>\u00abbulos absurdos creados con el fin de ensuciar una historia entre dos personas y herir mi dignidad\u00bb.<\/b><\/p>\n<p><img decoding=\"async\" src=\"https:\/\/www.europesays.com\/es\/wp-content\/uploads\/2026\/07\/4QWEZRCCPZFRBDUP7TDRYX5HRA.jpeg\" alt=\"Mensaje de Ester Exp\u00f3sito en Instagram\" width=\"650\" height=\"1167\"  loading=\"lazy\"\/><\/p>\n<p>Mensaje de Ester Exp\u00f3sito en Instagram<\/p>\n<p>Ampliar<img decoding=\"async\" src=\"https:\/\/www.europesays.com\/es\/wp-content\/uploads\/2026\/07\/1785425421_174_4QWEZRCCPZFRBDUP7TDRYX5HRA.jpeg\" alt=\"Mensaje de Ester Exp\u00f3sito en Instagram\" width=\"650\" height=\"1167\" loading=\"lazy\"\/><\/p>\n<p>Mensaje de Ester Exp\u00f3sito en Instagram<\/p>\n<p>Cerrar\u00bfQu\u00e9 hay detr\u00e1s de la pol\u00e9mica?<\/p>\n<p>Aunque Ester no se\u00f1ala directamente ninguna publicaci\u00f3n concreta, todo apunta a una campa\u00f1a de rumores que ha cobrado fuerza en redes sociales en las \u00faltimas semanas.<b> Durante estos d\u00edas, han circulado en redes sociales imagenes generadas por IA de Mbapp\u00e9<\/b> con una chica en un yate. Im\u00e1genes que mostraban al futbolista con otra persona en actitud cari\u00f1osa. Fotos hechas por IA que buscaban generar pol\u00e9mica y que teorizaban sobre una crisis de la actriz con el futbolista. <\/p>\n<p>Entre las teor\u00edas m\u00e1s compartidas aparecieron presuntas infidelidades del futbolista, supuestos enfados de la actriz con \u00e9l e incluso acusaciones sobre cu\u00e1les ser\u00edan sus verdaderas intenciones dentro de la relaci\u00f3n. Algunos de estos contenidos llegaron a vincularse con el posterior rendimiento deportivo del jugador, alimentando una narrativa que se expandi\u00f3 r\u00e1pidamente en distintas plataformas pese a carecer de pruebas.<\/p>\n<p>Precisamente este tipo de publicaciones son las que Exp\u00f3sito denuncia ahora. Seg\u00fan explica, se trata de informaciones completamente falsas que buscan da\u00f1ar tanto su imagen p\u00fablica como la relaci\u00f3n que mantiene con el delantero franc\u00e9s. <b>\u00abEsta vez me veo obligada a poner el l\u00edmite\u00bb, ha escrito. <\/b><\/p>\n<p>Acostumbrada a convivir con la atenci\u00f3n medi\u00e1tica, la actriz reconoce que normalmente prefiere no responder a rumores. Sin embargo, en esta ocasi\u00f3n considera que se ha traspasado una l\u00ednea roja.<\/p>\n<p><b>\u00abNo todo vale y esta vez me veo obligada a poner aqu\u00ed el l\u00edmite y actuar con herramientas legales contra los responsables\u00bb,<\/b> advierte en su mensaje.<\/p>\n<p>Con estas palabras, Ester deja claro que no piensa quedarse de brazos cruzados ante la difusi\u00f3n de contenidos que considera difamatorios, especialmente en un momento en el que la inteligencia artificial est\u00e1 facilitando la creaci\u00f3n de im\u00e1genes y narrativas falsas con una apariencia cada vez m\u00e1s cre\u00edble.<\/p>\n","protected":false},"excerpt":{"rendered":"Ester Exp\u00f3sito ha decidido hablar y plantar cara a los rumores. La actriz madrile\u00f1a, que nunca ha querido&hellip;\n","protected":false},"author":2,"featured_media":685245,"comment_status":"","ping_status":"","sticky":false,"template":"","format":"standard","meta":{"footnotes":""},"categories":[91],"tags":[146,147,25,24,96386,23],"class_list":["post-685244","post","type-post","status-publish","format-standard","has-post-thumbnail","category-entretenimiento","tag-entertainment","tag-entretenimiento","tag-es","tag-espana","tag-pmarc","tag-spain"],"share_on_mastodon":{"url":"https:\/\/pubeurope.com\/@es\/117009647648093183","error":""},"_links":{"self":[{"href":"https:\/\/www.europesays.com\/es\/wp-json\/wp\/v2\/posts\/685244","targetHints":{"allow":["GET"]}}],"collection":[{"href":"https:\/\/www.europesays.com\/es\/wp-json\/wp\/v2\/posts"}],"about":[{"href":"https:\/\/www.europesays.com\/es\/wp-json\/wp\/v2\/types\/post"}],"author":[{"embeddable":true,"href":"https:\/\/www.europesays.com\/es\/wp-json\/wp\/v2\/users\/2"}],"replies":[{"embeddable":true,"href":"https:\/\/www.europesays.com\/es\/wp-json\/wp\/v2\/comments?post=685244"}],"version-history":[{"count":0,"href":"https:\/\/www.europesays.com\/es\/wp-json\/wp\/v2\/posts\/685244\/revisions"}],"wp:featuredmedia":[{"embeddable":true,"href":"https:\/\/www.europesays.com\/es\/wp-json\/wp\/v2\/media\/685245"}],"wp:attachment":[{"href":"https:\/\/www.europesays.com\/es\/wp-json\/wp\/v2\/media?parent=685244"}],"wp:term":[{"taxonomy":"category","embeddable":true,"href":"https:\/\/www.europesays.com\/es\/wp-json\/wp\/v2\/categories?post=685244"},{"taxonomy":"post_tag","embeddable":true,"href":"https:\/\/www.europesays.com\/es\/wp-json\/wp\/v2\/tags?post=685244"}],"curies":[{"name":"wp","href":"https:\/\/api.w.org\/{rel}","templated":true}]}}