{"id":685734,"date":"2026-07-30T21:25:10","date_gmt":"2026-07-30T21:25:10","guid":{"rendered":"https:\/\/www.europesays.com\/es\/685734\/"},"modified":"2026-07-30T21:25:10","modified_gmt":"2026-07-30T21:25:10","slug":"una-explosion-de-12-segundos-dinamita-las-iconicas-torres-de-refrigeracion-de-la-central-termica-de-as-pontes","status":"publish","type":"post","link":"https:\/\/www.europesays.com\/es\/685734\/","title":{"rendered":"Una explosi\u00f3n de 1,2 segundos dinamita las ic\u00f3nicas torres de refrigeraci\u00f3n de la central t\u00e9rmica de As Pontes"},"content":{"rendered":"<p class=\"article-text\">\n        La obra de construcci\u00f3n dur\u00f3 cuatro a\u00f1os y la sacudieron fuertes huelgas, la m\u00e1s sonada dos meses antes de la muerte del dictador y que dej\u00f3 la imagen de dos obreros antifranquistas encaramados a la chimenea m\u00e1s alta de Europa, 356 metros de altura. La central t\u00e9rmica de As Pontes (A Coru\u00f1a) entr\u00f3 en funcionamiento al a\u00f1o siguiente, hace ahora medio siglo. <a href=\"https:\/\/www.eldiario.es\/galicia\/gobierno-autoriza-cierre-central-as-pontes_1_10454863.html\" data-mrf-recirculation=\"links-noticia\" class=\"link\" rel=\"nofollow noopener\" target=\"_blank\">La quema de carb\u00f3n ces\u00f3 en noviembre de 2023<\/a>. Y Endesa, su actual propietaria, ha demolido este jueves las ic\u00f3nicas cuatro torres de refrigeraci\u00f3n, de 99 metros de altura, 84 metros de di\u00e1metro en base y 57 en la coronaci\u00f3n, con una explosi\u00f3n de 1,2 segundos. Defensores del patrimonio industrial hab\u00eda solicitado repensar el derrumbamiento. Sin \u00e9xito.\n    <\/p>\n<p>    <a href=\"https:\/\/www.eldiario.es\/galicia\/as-pontes-cerrar-central-termica-contaminante-espana-sigue-esperando-transicion-no-llega_1_12304537.html\" data-mrf-recirculation=\"saber-mas\" data-dl-event=\"saber-mas\" rel=\"nofollow noopener\" target=\"_blank\"><\/p>\n<p class=\"know-more__title\">As Pontes, tras cerrar la central t\u00e9rmica m\u00e1s contaminante de Espa\u00f1a, sigue esperando una transici\u00f3n que no llega<\/p>\n<p>            <img decoding=\"async\" class=\"lazy\" loading=\"lazy\" data-src=\"https:\/\/static.eldiario.es\/clip\/a21726ea-dbef-4af5-871e-72832ddc8c79_16-9-aspect-ratio_default_0.jpg\" src=\"data:image\/svg+xml,%3Csvg xmlns=\" http:=\"\" viewbox=\"0 0 880 495\" alt=\"As Pontes, tras cerrar la central t\u00e9rmica m\u00e1s contaminante de Espa\u00f1a, sigue esperando una transici\u00f3n que no llega\"\/><\/p>\n<p>                        <\/a><\/p>\n<p class=\"article-text\">\n        La central t\u00e9rmica marc\u00f3 el paisaje social y f\u00edsico de As Pontes desde la ca\u00edda del franquismo. La que hab\u00eda sido una peque\u00f1a localidad agr\u00edcola y ganadera en la comarca de O Eume, en el noroeste gallego, se convirti\u00f3 en un centro industrial y operario. Seis mil trabajadores llegaron a participar en las obras entre 1972 y 1976, algunos de ellos despedidos de Baz\u00e1n, en Ferrol, tras las revueltas en las que la polic\u00eda asesin\u00f3 a Daniel Niebla y Amador Rey. Las instalaciones produc\u00edan energ\u00eda el\u00e9ctrica a trav\u00e9s de la quema de lignito, extra\u00eddo de la mina en el lugar. A partir de los 90, el combustible comenz\u00f3 a ser mezcla con carb\u00f3n importado. La explotaci\u00f3n se agot\u00f3 y la central se aliment\u00f3 durante lustros de carb\u00f3n importado.\n    <\/p>\n<p class=\"article-text\">\n        Fue precisamente el carb\u00f3n, cuya combusti\u00f3n emite importantes cantidades de CO2 a la atm\u00f3sfera, la que llev\u00f3 a organizaciones ecologistas a tildar la central de \u201cf\u00e1brica de cambio clim\u00e1tico\u201d. Su cierre escalonado -Endesa lo anunci\u00f3 para 2021, fue total a finales de 2023- acab\u00f3 por confirmar la denuncia de los ambientalistas. Galicia acab\u00f3 2024 en m\u00ednimos hist\u00f3ricos de emisiones de CO2, <a href=\"https:\/\/www.eldiario.es\/galicia\/cierre-central-as-pontes-pone-galicia-minimos-emisiones-co2-bajada-mitad-2024_1_11967050.html\" data-mrf-recirculation=\"links-noticia\" class=\"link\" rel=\"nofollow noopener\" target=\"_blank\">una ca\u00edda del 50% respecto del a\u00f1o anterior<\/a>. El Observatorio Galego de Acci\u00f3n Clim\u00e1tica estableci\u00f3 la relaci\u00f3n: \u201cEl abandono total del carb\u00f3n y la elevada producci\u00f3n hidroel\u00e9ctrica son las razones principales de la fuerte merma de las emisiones de gases de efecto invernadero de la producci\u00f3n el\u00e9ctrica\u201d.\n    <\/p>\n<p class=\"article-text\">\n        La plataforma Galiza Sen Gas, que agrupa a Adega, Greenpeace, Ecoloxistas en Acci\u00f3n o al mencionado observatorio, emiti\u00f3 este jueves, coincidiendo con la demolici\u00f3n de las torres, un comunicado en el que calificaba el cierre de As Pontes como \u201cla mayor acci\u00f3n clim\u00e1tica en la historia de Galicia\u201d. El comunicado entra en detalles y cifra en 330 millones de toneladas de di\u00f3xido de carbono las expulsadas por su chimenea: el equivalente a 20 a\u00f1os de emisiones de gases de efecto invernadero de toda Galicia al ritmo actual. \u201cEl fin de la producci\u00f3n el\u00e9ctrica con carb\u00f3n, posibilitado por el desarrollo renovable, es la causa principal del descenso del 42,2% en las emisiones brutas de gases de efecto invernadero de nuestra tierra en 2024 respecto a 1990\u201d, se\u00f1ala Galiza Sen Gas. La Xunta suele presumir de ese descenso y se lo atribuye a sus propias pol\u00edticas, algo que desmienten los datos.\n    <\/p>\n<p>    Chipperfield y el patrimonio industrial<\/p>\n<p class=\"article-text\">\n        Apenas unos d\u00edas antes de la voladura de las torres de refrigeraci\u00f3n, la Uni\u00f3n de Asociaciones para la Defensa y Promoci\u00f3n del Patrimonio Natural y Cultural (conformada por 20 entidades de todo el Estado \u201ccomprometidas con la protecci\u00f3n y estudio del patrimonio cultural y natural) tambi\u00e9n se posicion\u00f3. \u201dTambi\u00e9n el siglo XX forma parte de nuestra historia\u201c, se\u00f1ala, \u201dlos edificios industriales, aunque todav\u00eda nos resulten cercanos en el tiempo, son ya testimonios de un pasado que no volver\u00e1. Si esperamos a que pasen otros cien a\u00f1os para reconocer su valor, muchos de ellos ya habr\u00e1n desaparecido\u201c.\n    <\/p>\n<p class=\"article-text\">\n        La nota concluye que \u201cconservar el patrimonio industrial no significa conservar las chimeneas humeando. Significa conservar la memoria de quienes levantaron el mundo contempor\u00e1neo\u201d. La Uni\u00f3n por el Patrimonio no fue la \u00fanica en manifestarse en ese sentido. ICOMOS Espa\u00f1a, la Asociaci\u00f3n pola Protecci\u00f3n do Patrimonio de Galicia (Apatrigal) o el departamento de Historia da Arte de la Universidade de Santiago tambi\u00e9n solicitaron una paralizaci\u00f3n cautelar del derrumbamiento para estudiar el conjunto industrial. A la petici\u00f3n se sum\u00f3 el c\u00e9lebre arquitecto brit\u00e1nico David Chipperfield, que reside parte del a\u00f1o en Galicia. No sirvi\u00f3 de nada.\n    <\/p>\n<p>    <a href=\"https:\/\/www.eldiario.es\/galicia\/obreros-antifranquistas-subidos-chimenea-medio-siglo-historica-huelga-as-pontes_1_12854384.html\" data-mrf-recirculation=\"saber-mas-abajo\" data-dl-event=\"saber-mas-abajo\" rel=\"nofollow noopener\" target=\"_blank\"><\/p>\n<p class=\"know-more__title\">Obreros antifranquistas subidos a una chimenea: medio siglo de la hist\u00f3rica huelga en As Pontes <\/p>\n<p>            <img decoding=\"async\" class=\"lazy\" loading=\"lazy\" data-src=\"https:\/\/static.eldiario.es\/clip\/163e9ae8-3deb-46c5-8e44-890c8a8a1fd1_16-9-aspect-ratio_default_0.jpg\" src=\"data:image\/svg+xml,%3Csvg xmlns=\" http:=\"\" viewbox=\"0 0 880 495\" alt=\"Obreros antifranquistas subidos a una chimenea: medio siglo de la hist\u00f3rica huelga en As Pontes\"\/><\/p>\n<p>                        <\/a><\/p>\n<p class=\"article-text\">\n        La operaci\u00f3n ha generado, seg\u00fan datos difundidos por Endesa, 45.000 toneladas de residuos, sobre todo hormig\u00f3n, \u201cun 90% revalorizables\u201d. El desamntelamiento de la zona finalizar\u00e1 en 2028.\n    <\/p>\n","protected":false},"excerpt":{"rendered":"La obra de construcci\u00f3n dur\u00f3 cuatro a\u00f1os y la sacudieron fuertes huelgas, la m\u00e1s sonada dos meses antes&hellip;\n","protected":false},"author":2,"featured_media":685735,"comment_status":"","ping_status":"","sticky":false,"template":"","format":"standard","meta":{"footnotes":""},"categories":[5],"tags":[517,1705,17,18,25,24,13,14,816,11,7386,19,20,7318,9,10,15,16,1925,7387,1146,23,12,21,22],"class_list":["post-685734","post","type-post","status-publish","format-standard","has-post-thumbnail","category-titulares","tag-actualidad","tag-analisis","tag-breaking-news","tag-breakingnews","tag-es","tag-espana","tag-featured-news","tag-featurednews","tag-galicia","tag-headlines","tag-la-coruna","tag-latest-news","tag-latestnews","tag-lugo","tag-news","tag-noticias","tag-noticias-destacadas","tag-noticiasdestacadas","tag-opinion","tag-orense","tag-pontevedra","tag-spain","tag-titulares","tag-ultimas-noticias","tag-ultimasnoticias"],"share_on_mastodon":{"url":"","error":""},"_links":{"self":[{"href":"https:\/\/www.europesays.com\/es\/wp-json\/wp\/v2\/posts\/685734","targetHints":{"allow":["GET"]}}],"collection":[{"href":"https:\/\/www.europesays.com\/es\/wp-json\/wp\/v2\/posts"}],"about":[{"href":"https:\/\/www.europesays.com\/es\/wp-json\/wp\/v2\/types\/post"}],"author":[{"embeddable":true,"href":"https:\/\/www.europesays.com\/es\/wp-json\/wp\/v2\/users\/2"}],"replies":[{"embeddable":true,"href":"https:\/\/www.europesays.com\/es\/wp-json\/wp\/v2\/comments?post=685734"}],"version-history":[{"count":0,"href":"https:\/\/www.europesays.com\/es\/wp-json\/wp\/v2\/posts\/685734\/revisions"}],"wp:featuredmedia":[{"embeddable":true,"href":"https:\/\/www.europesays.com\/es\/wp-json\/wp\/v2\/media\/685735"}],"wp:attachment":[{"href":"https:\/\/www.europesays.com\/es\/wp-json\/wp\/v2\/media?parent=685734"}],"wp:term":[{"taxonomy":"category","embeddable":true,"href":"https:\/\/www.europesays.com\/es\/wp-json\/wp\/v2\/categories?post=685734"},{"taxonomy":"post_tag","embeddable":true,"href":"https:\/\/www.europesays.com\/es\/wp-json\/wp\/v2\/tags?post=685734"}],"curies":[{"name":"wp","href":"https:\/\/api.w.org\/{rel}","templated":true}]}}