{"id":685776,"date":"2026-07-30T21:59:12","date_gmt":"2026-07-30T21:59:12","guid":{"rendered":"https:\/\/www.europesays.com\/es\/685776\/"},"modified":"2026-07-30T21:59:12","modified_gmt":"2026-07-30T21:59:12","slug":"muere-luis-angel-echevarria-padre-de-paula-echevarria","status":"publish","type":"post","link":"https:\/\/www.europesays.com\/es\/685776\/","title":{"rendered":"Muere Luis \u00c1ngel Echevarr\u00eda, padre de Paula Echevarr\u00eda"},"content":{"rendered":"<p style=\"\">Este jueves ha fallecido Luis \u00c1ngel Echevarr\u00eda Mu\u00f1iz, padre de Paula Echevarr\u00eda, a los 76 a\u00f1os. La capilla ardiente tendr\u00e1 lugar en el tanatorio de  &#8230; Cand\u00e1s. <\/p>\n<p class=\"v-d-p\" style=\"\">El funeral se celebrar\u00e1 el viernes en la igleia de San F\u00e9lix de Cand\u00e1s, donde la familia tiene su residencia.<\/p>\n<p class=\"v-d-p\" style=\"\">Echevarr\u00eda deja mujer, Elena Colondr\u00f3n; dos hijos, Paula y Luis Manuel Echevarr\u00eda; y cuatro nietos, Leire, Daniella, Aitana y Miguel. <\/p>\n","protected":false},"excerpt":{"rendered":"Este jueves ha fallecido Luis \u00c1ngel Echevarr\u00eda Mu\u00f1iz, padre de Paula Echevarr\u00eda, a los 76 a\u00f1os. La capilla&hellip;\n","protected":false},"author":2,"featured_media":685777,"comment_status":"","ping_status":"","sticky":false,"template":"","format":"standard","meta":{"footnotes":""},"categories":[174],"tags":[2594,255,23388,146,147,25,24,256,7820,8938,39,8464,23],"class_list":["post-685776","post","type-post","status-publish","format-standard","has-post-thumbnail","category-famosos","tag-angel","tag-celebrities","tag-echevarria","tag-entertainment","tag-entretenimiento","tag-es","tag-espana","tag-famosos","tag-luis","tag-muere","tag-padre","tag-paula","tag-spain"],"share_on_mastodon":{"url":"https:\/\/pubeurope.com\/@es\/117011176699892255","error":""},"_links":{"self":[{"href":"https:\/\/www.europesays.com\/es\/wp-json\/wp\/v2\/posts\/685776","targetHints":{"allow":["GET"]}}],"collection":[{"href":"https:\/\/www.europesays.com\/es\/wp-json\/wp\/v2\/posts"}],"about":[{"href":"https:\/\/www.europesays.com\/es\/wp-json\/wp\/v2\/types\/post"}],"author":[{"embeddable":true,"href":"https:\/\/www.europesays.com\/es\/wp-json\/wp\/v2\/users\/2"}],"replies":[{"embeddable":true,"href":"https:\/\/www.europesays.com\/es\/wp-json\/wp\/v2\/comments?post=685776"}],"version-history":[{"count":0,"href":"https:\/\/www.europesays.com\/es\/wp-json\/wp\/v2\/posts\/685776\/revisions"}],"wp:featuredmedia":[{"embeddable":true,"href":"https:\/\/www.europesays.com\/es\/wp-json\/wp\/v2\/media\/685777"}],"wp:attachment":[{"href":"https:\/\/www.europesays.com\/es\/wp-json\/wp\/v2\/media?parent=685776"}],"wp:term":[{"taxonomy":"category","embeddable":true,"href":"https:\/\/www.europesays.com\/es\/wp-json\/wp\/v2\/categories?post=685776"},{"taxonomy":"post_tag","embeddable":true,"href":"https:\/\/www.europesays.com\/es\/wp-json\/wp\/v2\/tags?post=685776"}],"curies":[{"name":"wp","href":"https:\/\/api.w.org\/{rel}","templated":true}]}}