{"id":685900,"date":"2026-07-30T23:28:20","date_gmt":"2026-07-30T23:28:20","guid":{"rendered":"https:\/\/www.europesays.com\/es\/685900\/"},"modified":"2026-07-30T23:28:20","modified_gmt":"2026-07-30T23:28:20","slug":"suspendida-la-vuelta-ciclista-a-avila-por-el-incendio-de-burgohondo","status":"publish","type":"post","link":"https:\/\/www.europesays.com\/es\/685900\/","title":{"rendered":"Suspendida la Vuelta Ciclista a \u00c1vila por el incendio de Burgohondo"},"content":{"rendered":"<p class=\"c-paragraph\">El organizador de la Vuelta Ciclista a \u00c1vila, Depor\u00e1bula, y el impulsor y patrocinador, la Diputaci\u00f3n, <b>han decidido suspender la cita deportiva, que iba a comenzar el viernes 7 de agosto<\/b>, por la situaci\u00f3n generada por el incendio forestal declarado en Burgohondo el pasado 22 de julio.<\/p>\n<p class=\"c-paragraph\">La instituci\u00f3n provincial ha se\u00f1alado, en un comunicado recogido por Europa Press, que esta edici\u00f3n se cancelar\u00e1 debido al<b> \u00abenorme da\u00f1o medioambiental, econ\u00f3mico, social y emocional\u00bb <\/b>que ha causado en la provincia, y porque, a una semana de su inicio, contin\u00faan los trabajos para controlar y extinguir las llamas en el Valle del Alberche, el Valle del Ti\u00e9tar y Tierra de Pinares.<\/p>\n<p class=\"c-paragraph\">Adem\u00e1s, el diputado de Cultura, Patrimonio, Juventud y Deporte, Javier Gonz\u00e1lez, y el presidente de Depor\u00e1bula, Jes\u00fas Rodr\u00edguez, han explicado que el trazado que se hab\u00eda proyectado, especialmente la segunda etapa, <b>entre Arenas de San Pedro y Sotillo de la Adrada,<\/b> y la tercera, con salida en El Barraco, atravesaba \u00abmuchas localidades\u00bb afectadas por el fuego.<\/p>\n<p class=\"c-paragraph\">La organizaci\u00f3n y el principal patrocinador de la ronda abulense <b>tambi\u00e9n han enviado su apoyo a las personas damnificadas por la cat\u00e1strofe<\/b>, as\u00ed como su agradecimiento a aquellos que han luchado contra el fuego y contribuir\u00e1n a ala recuperaci\u00f3n de la zona.<\/p>\n","protected":false},"excerpt":{"rendered":"El organizador de la Vuelta Ciclista a \u00c1vila, Depor\u00e1bula, y el impulsor y patrocinador, la Diputaci\u00f3n, han decidido&hellip;\n","protected":false},"author":2,"featured_media":685901,"comment_status":"","ping_status":"","sticky":false,"template":"","format":"standard","meta":{"footnotes":""},"categories":[273],"tags":[7607,313,1757,312,168,25,24,5043,23,167,7084,1357],"class_list":["post-685900","post","type-post","status-publish","format-standard","has-post-thumbnail","category-ciclismo","tag-avila","tag-ciclismo","tag-ciclista","tag-cycling","tag-deportes","tag-es","tag-espana","tag-por","tag-spain","tag-sports","tag-suspendida","tag-vuelta"],"share_on_mastodon":{"url":"https:\/\/pubeurope.com\/@es\/117011526860297030","error":""},"_links":{"self":[{"href":"https:\/\/www.europesays.com\/es\/wp-json\/wp\/v2\/posts\/685900","targetHints":{"allow":["GET"]}}],"collection":[{"href":"https:\/\/www.europesays.com\/es\/wp-json\/wp\/v2\/posts"}],"about":[{"href":"https:\/\/www.europesays.com\/es\/wp-json\/wp\/v2\/types\/post"}],"author":[{"embeddable":true,"href":"https:\/\/www.europesays.com\/es\/wp-json\/wp\/v2\/users\/2"}],"replies":[{"embeddable":true,"href":"https:\/\/www.europesays.com\/es\/wp-json\/wp\/v2\/comments?post=685900"}],"version-history":[{"count":0,"href":"https:\/\/www.europesays.com\/es\/wp-json\/wp\/v2\/posts\/685900\/revisions"}],"wp:featuredmedia":[{"embeddable":true,"href":"https:\/\/www.europesays.com\/es\/wp-json\/wp\/v2\/media\/685901"}],"wp:attachment":[{"href":"https:\/\/www.europesays.com\/es\/wp-json\/wp\/v2\/media?parent=685900"}],"wp:term":[{"taxonomy":"category","embeddable":true,"href":"https:\/\/www.europesays.com\/es\/wp-json\/wp\/v2\/categories?post=685900"},{"taxonomy":"post_tag","embeddable":true,"href":"https:\/\/www.europesays.com\/es\/wp-json\/wp\/v2\/tags?post=685900"}],"curies":[{"name":"wp","href":"https:\/\/api.w.org\/{rel}","templated":true}]}}