{"id":685990,"date":"2026-07-31T00:28:13","date_gmt":"2026-07-31T00:28:13","guid":{"rendered":"https:\/\/www.europesays.com\/es\/685990\/"},"modified":"2026-07-31T00:28:13","modified_gmt":"2026-07-31T00:28:13","slug":"las-ventas-de-iphone-y-mac-impulsan-un-20-los-beneficios-de-apple-en-nueve-meses-hasta-los-101-464-millones-de-dolares-economia","status":"publish","type":"post","link":"https:\/\/www.europesays.com\/es\/685990\/","title":{"rendered":"Las ventas de iPhone y Mac impulsan un 20% los beneficios de Apple en nueve meses hasta los 101.464 millones de d\u00f3lares | Econom\u00eda"},"content":{"rendered":"<p class=\"\">Apple, la primera empresa del mundo en capitalizaci\u00f3n burs\u00e1til desde que esta misma semana <a href=\"\" rel=\"\" title=\"\">le arrebatara ese primer puesto a Nvidia<\/a>, ha anunciado este jueves, al cierre de Wall Street, que, durante los primeros nueve meses de su ejercicio fiscal, ha obtenido un beneficio neto de 101.464 millones de d\u00f3lares (88.015 millones de euros), un 20% m\u00e1s que en el mismo periodo del a\u00f1o anterior, seg\u00fan informa Efe.<\/p>\n<p class=\"\">En estos tres trimestres, la facturaci\u00f3n acumulada de la empresa ascend\u00edo a 364.357 millones de d\u00f3lares (316.062 millones de euros), un 16% m\u00e1s en t\u00e9rminos interanuales, debido principalmente a las ventas del iPhone, del Mac y en tercer lugar por los servicios que ofrece la compa\u00f1\u00eda. Este aumento de facturaci\u00f3n se ha producido tambi\u00e9n en todos los mercados geogr\u00e1ficos.<\/p>\n<p class=\"\">Por lo que se refiere solo a los datos del tercer trimestre fiscal, finalizado el 27 de junio, estas ventas aumentaron un 16,4% hasta alcanzar los 109.420 millones de d\u00f3lares. Se trata de un mejor comportamiento que el esperado las previsiones de los analistas, que apuntaban a un incremento del 15,5% hasta los 108.650 millones de d\u00f3lares, seg\u00fan datos de LSEG. Estos resultados se sit\u00faan tambi\u00e9n en la banda alta de la propia previsi\u00f3n de Apple que hab\u00eda estimado un crecimiento de las ventas de entre el 14% y el17%. <\/p>\n<p class=\"\">En este tercer trimestre, los beneficios netos de Apple alcanzaron un r\u00e9cord de 29.789 millones de d\u00f3lares (26.112 millones de euros) entre los meses de abril y junio, lo que represent\u00f3 un avance del 27% en comparaci\u00f3n con los mismos meses de 2025. Esto represent\u00f3 <a href=\"https:\/\/elpais.com\/economia\/2026-05-02\/apple-presume-de-su-remuneracion-al-accionista-frente-al-frenazo-de-alphabet-y-meta-por-la-inversion-en-ia.html\" target=\"_blank\" rel=\"noreferrer nofollow noopener\" title=\"https:\/\/elpais.com\/economia\/2026-05-02\/apple-presume-de-su-remuneracion-al-accionista-frente-al-frenazo-de-alphabet-y-meta-por-la-inversion-en-ia.html\">una ganancia de 2,02 d\u00f3lares por acci\u00f3n<\/a>, de los cuales 11 centavos correspond\u00edan a reembolsos de aranceles del gobierno estadounidense. Pero incluso excluyendo estos reembolsos, los beneficios de Apple superaron las previsiones de Wall Street de 1,89 d\u00f3lares por acci\u00f3n, indica Reuters.<\/p>\n<p>Ventas r\u00e9cord de iPhone en un tercer trimestre <\/p>\n<p class=\"\">El principal impulsor de los resultados de Apple fue un aumento del 21,7% en las ventas de iPhone, hasta los 54.250 millones de d\u00f3lares en el tercer trimestre, superando las previsiones de los analistas de 53.860 millones de d\u00f3lares, seg\u00fan datos de LSEG. Estas ventas de iPhone fueron las mejores de la historia de Apple para un tercer trimestre, periodo en el que las ventas de tel\u00e9fonos suelen empezar a ralentizarse a medida que los clientes esperan los nuevos modelos durante el oto\u00f1o. Pero este a\u00f1o, los clientes de Apple se apresuran a comprar iPhones despu\u00e9s de que una escasez mundial en el suministro de chips de memoria impulsara a Apple a aumentar los precios de sus Macs y los iPads. <\/p>\n<p class=\"\">Hasta ahora, Apple ha salvado su producto estrella, y los analistas de Wall Street esperan cada vez m\u00e1s que Apple aumente los precios del iPhone en torno a su evento anual de lanzamiento de oto\u00f1o en septiembre. <\/p>\n<p class=\"\">En una entrevista con Reuters, el CEO de Apple, Tim Cook, dijo que la principal limitaci\u00f3n de suministro que Apple tuvo durante el tercer trimestre fue una escasez en la industria de tecnolog\u00eda avanzada de fabricaci\u00f3n de chips utilizada para producir los chips Apple Silicon que est\u00e1n en el coraz\u00f3n de sus dispositivos. Cook dijo que eso fue particularmente cierto para la l\u00ednea Mac de la compa\u00f1\u00eda, cuyas ventas crecieron un 29% gracias a la fuerza de la MacBook Neo de nivel b\u00e1sico y la MacBook Pro de gama alta a pesar delos aumentos de precio para esos modelos. <\/p>\n","protected":false},"excerpt":{"rendered":"Apple, la primera empresa del mundo en capitalizaci\u00f3n burs\u00e1til desde que esta misma semana le arrebatara ese primer&hellip;\n","protected":false},"author":2,"featured_media":685991,"comment_status":"","ping_status":"","sticky":false,"template":"","format":"standard","meta":{"footnotes":""},"categories":[80],"tags":[2823,12224,82,95,94,2308,25,24,11314,136,2822,23,120],"class_list":["post-685990","post","type-post","status-publish","format-standard","has-post-thumbnail","category-economia","tag-apple","tag-bolsas-internacionales","tag-business","tag-economia","tag-economy","tag-empresas","tag-es","tag-espana","tag-grandes-tecnologicas","tag-inteligencia-artificial","tag-iphone","tag-spain","tag-tecnologia"],"share_on_mastodon":{"url":"https:\/\/pubeurope.com\/@es\/117011762779942390","error":""},"_links":{"self":[{"href":"https:\/\/www.europesays.com\/es\/wp-json\/wp\/v2\/posts\/685990","targetHints":{"allow":["GET"]}}],"collection":[{"href":"https:\/\/www.europesays.com\/es\/wp-json\/wp\/v2\/posts"}],"about":[{"href":"https:\/\/www.europesays.com\/es\/wp-json\/wp\/v2\/types\/post"}],"author":[{"embeddable":true,"href":"https:\/\/www.europesays.com\/es\/wp-json\/wp\/v2\/users\/2"}],"replies":[{"embeddable":true,"href":"https:\/\/www.europesays.com\/es\/wp-json\/wp\/v2\/comments?post=685990"}],"version-history":[{"count":0,"href":"https:\/\/www.europesays.com\/es\/wp-json\/wp\/v2\/posts\/685990\/revisions"}],"wp:featuredmedia":[{"embeddable":true,"href":"https:\/\/www.europesays.com\/es\/wp-json\/wp\/v2\/media\/685991"}],"wp:attachment":[{"href":"https:\/\/www.europesays.com\/es\/wp-json\/wp\/v2\/media?parent=685990"}],"wp:term":[{"taxonomy":"category","embeddable":true,"href":"https:\/\/www.europesays.com\/es\/wp-json\/wp\/v2\/categories?post=685990"},{"taxonomy":"post_tag","embeddable":true,"href":"https:\/\/www.europesays.com\/es\/wp-json\/wp\/v2\/tags?post=685990"}],"curies":[{"name":"wp","href":"https:\/\/api.w.org\/{rel}","templated":true}]}}