{"id":686066,"date":"2026-07-31T01:25:46","date_gmt":"2026-07-31T01:25:46","guid":{"rendered":"https:\/\/www.europesays.com\/es\/686066\/"},"modified":"2026-07-31T01:25:46","modified_gmt":"2026-07-31T01:25:46","slug":"asi-es-la-pretemporada-del-casademont-zaragoza-cuatro-rivales-de-la-acb-y-un-frances","status":"publish","type":"post","link":"https:\/\/www.europesays.com\/es\/686066\/","title":{"rendered":"As\u00ed es la pretemporada del Casademont Zaragoza: cuatro rivales de la ACB y un franc\u00e9s"},"content":{"rendered":"<p class=\"ft-text ft-helper-closenews\"><strong>Rivales conocidos, exigentes y con los que se va a ver las caras durante el resto del curso, salvo una excepci\u00f3n.<\/strong> El Casademont Zaragoza masculino ya tiene definidos sus amistosos de pretemporada para la preparaci\u00f3n de la campa\u00f1a 26-27. Encuentros ante el campe\u00f3n de la ACB y equipos que finalizaron en el top 8 de la Liga Endesa, llegando a diferentes puntos de la geograf\u00eda aragonesa. <\/p>\n<p class=\"ft-text\">El 28 de agosto, a las 19.00 horas, tendr\u00e1 lugar el primer compromiso preparatorio. Ser\u00e1 ante<strong>\u00a0Ilerna Lleida\u00a0<\/strong>en el nuevo polideportivo del C.D.M. El Segalar<strong>, en la localidad de Bin\u00e9far. <\/strong>La segunda prueba para el conjunto dirigido por Gonzalo Garc\u00eda de Vitoria ser\u00e1 frente a<strong>\u00a0La Laguna Tenerife\u00a0<\/strong>el 5 de septiembre (20.30 horas) en el Palacio de Deportes de\u00a0<strong>Utebo<\/strong>. <\/p>\n<p class=\"ft-text\">Mientras que el tercer amistoso nos llevar\u00e1 a tierras castellonenses para medirnos a\u00a0<strong>Valencia Basket<\/strong>. Ser\u00e1 en\u00a0<strong>Benicarl\u00f3<\/strong>\u00a0el 7 de septiembre a las 20.00 horas. La siguiente cita y m\u00e1s diferente ser\u00e1 frente al conjunto franc\u00e9s del\u00a0<strong>Elan Bearnais Pau Lacq-Orthez\u00a0<\/strong>el 12 de septiembre (20.30 horas) en el polideportivo de<strong>\u00a0Zuera.\u00a0<\/strong>El \u00faltimo compromiso antes de comenzar lo serio ser\u00e1 el ya tradicional partido de presentaci\u00f3n ante la Marea Roja. El XXII Trofeo Ibercaja Ciudad de Zaragoza &#8216;XI Memorial Jos\u00e9 Luis Ab\u00f3s&#8217; tendr\u00e1 lugar el 20 de septiembre a las 12.15 horas frente al\u00a0<strong>UCAM Murcia<\/strong>.<\/p>\n<p class=\"ft-text\">Adem\u00e1s, lo que tambi\u00e9n es ya una costumbre<strong>, el Casademont Zaragoza se volver\u00e1 a concentrar en el Pirineo<\/strong> y realizar\u00e1 su habitual stage en el Hotel SOMMOS de Benasque a final del mes de agosto, entre los d\u00edas 28 y 31.<\/p>\n<p data-close=\"closedContent\" class=\"subscribeHideForDisplay\">Suscr\u00edbete para seguir leyendo<\/p>\n","protected":false},"excerpt":{"rendered":"Rivales conocidos, exigentes y con los que se va a ver las caras durante el resto del curso,&hellip;\n","protected":false},"author":2,"featured_media":686067,"comment_status":"","ping_status":"","sticky":false,"template":"","format":"standard","meta":{"footnotes":""},"categories":[269],"tags":[299,298,2511,954,168,25,24,961,1669,23,167,491],"class_list":["post-686066","post","type-post","status-publish","format-standard","has-post-thumbnail","category-baloncesto","tag-baloncesto","tag-basketball","tag-casademont","tag-cuatro","tag-deportes","tag-es","tag-espana","tag-pretemporada","tag-rivales","tag-spain","tag-sports","tag-zaragoza"],"share_on_mastodon":{"url":"https:\/\/pubeurope.com\/@es\/117011986889336414","error":""},"_links":{"self":[{"href":"https:\/\/www.europesays.com\/es\/wp-json\/wp\/v2\/posts\/686066","targetHints":{"allow":["GET"]}}],"collection":[{"href":"https:\/\/www.europesays.com\/es\/wp-json\/wp\/v2\/posts"}],"about":[{"href":"https:\/\/www.europesays.com\/es\/wp-json\/wp\/v2\/types\/post"}],"author":[{"embeddable":true,"href":"https:\/\/www.europesays.com\/es\/wp-json\/wp\/v2\/users\/2"}],"replies":[{"embeddable":true,"href":"https:\/\/www.europesays.com\/es\/wp-json\/wp\/v2\/comments?post=686066"}],"version-history":[{"count":0,"href":"https:\/\/www.europesays.com\/es\/wp-json\/wp\/v2\/posts\/686066\/revisions"}],"wp:featuredmedia":[{"embeddable":true,"href":"https:\/\/www.europesays.com\/es\/wp-json\/wp\/v2\/media\/686067"}],"wp:attachment":[{"href":"https:\/\/www.europesays.com\/es\/wp-json\/wp\/v2\/media?parent=686066"}],"wp:term":[{"taxonomy":"category","embeddable":true,"href":"https:\/\/www.europesays.com\/es\/wp-json\/wp\/v2\/categories?post=686066"},{"taxonomy":"post_tag","embeddable":true,"href":"https:\/\/www.europesays.com\/es\/wp-json\/wp\/v2\/tags?post=686066"}],"curies":[{"name":"wp","href":"https:\/\/api.w.org\/{rel}","templated":true}]}}