{"id":686494,"date":"2026-07-31T07:56:23","date_gmt":"2026-07-31T07:56:23","guid":{"rendered":"https:\/\/www.europesays.com\/es\/686494\/"},"modified":"2026-07-31T07:56:23","modified_gmt":"2026-07-31T07:56:23","slug":"ya-es-oficial-aaron-escandell-renueva-y-el-real-oviedo-asegura-su-porteria-la-voz-de-asturias","status":"publish","type":"post","link":"https:\/\/www.europesays.com\/es\/686494\/","title":{"rendered":"Ya es oficial: Aar\u00f3n Escandell renueva y el Real Oviedo asegura su porter\u00eda &#8211; La Voz de Asturias"},"content":{"rendered":"<ol>\n<li><a href=\"https:\/\/news.google.com\/rss\/articles\/CBMi5gFBVV95cUxNTE0wVkVFR3ZmWllMRENSaDlPTmRLUmJsemVxLTBILUxaRkN0b2U5RnhfdnYtdzhkVXYxZkx6c01BbDBvTDZtY3FRZ09BY2xEQlRHOWd6ZzByaGFSc25lbDBhazMxRnNnUEhPRWlpbDN2a2JyTnpiNFc4aWJHczhkNXRPSDlBNXIzQ2NwZUstX2tDeXVsOEx5YXd5RzREa04zUjVTYTJfU2phREo2S2FqbGNZUEtHSDlSUV9IRVN6dEk0Zlh4cVd4QXVpVElMSHotWDB2aUJzRTFNenpkNDFNNXFtSHV3Z9IBggJBVV95cUxOQ0x5a0JXZXgxUjAtYWR2LXlRYl9DM3lzcE1FRE4xNTVPUjdjOXl3RXZNNHhiQl96SmZYOWZmRVZDSlVBNl92aTBZQ1RlRmZUZmRpVW5CVlRGVE9nQ2JqYXRGNjBPd3RpblVINDFwWmg1X0MzOGpuWFROeC1hNHBiUklDeW1RY1FIdVEyeVIydlh1Q3BrdHpVVU5xdUNxYmZINGJnU0hVMlk2WTdmQXBuLV9Jd2hNdGlYYVVNdnNCMVJhZ05HZVVuX1o5c2NTdk1qd0ZDVVZqRWU4S251UXRPR2JEUEhidUllZkt2ZFpfcVo4WGZOVmlqRTA4Y0lIWGZiOXc?oc=5\" target=\"_blank\" rel=\"nofollow noopener\">Ya es oficial: Aar\u00f3n Escandell renueva y el Real Oviedo asegura su porter\u00eda<\/a>&nbsp;&nbsp;La Voz de Asturias<\/li>\n<li><a href=\"https:\/\/news.google.com\/rss\/articles\/CBMiZkFVX3lxTE51U2VFS1pQNUVKS21VeWJpRHVZTDNQOGs0U2g5eDY4b0taa0dJSWtySTdlcEV4bTQtNGxyS1RfemtTVmhQS0NMZzVUaWxWVVdZd1M5U1VQRlo4MjB4WTQ0cVkyT0o0QQ?oc=5\" target=\"_blank\" rel=\"nofollow noopener\">Aar\u00f3n Escandell, 2029<\/a>&nbsp;&nbsp;Real Oviedo<\/li>\n<li><a href=\"https:\/\/news.google.com\/rss\/articles\/CBMipgFBVV95cUxOYWNhYjIydGg3WGw1UnByWjZRWk1vek1feU5jcjFIWTFYWkpnRkJiTUVxdHVVN05wVjk5aXgtWFI1U3BEZ1B2NjBFNUZXZzlmVmRIMXhaMl9QRUQ3TWE3VlFFRkY5TnFsemZZdHNEb1hIUVVXSHRuU1RkWGZoaHBoY2JMYkR5bGg2Y25rdXlIZzhwSG9XZldGX1dIZFVxQW1XNmdXM3ln0gGrAUFVX3lxTE9TOGtPbnE4dG43OW9CWGk3OFJrVUhPYXY3MnIxNnBoUzhXNi1rQUV3akotT21mX0JEMHk5RWJBSm4zNkVSUVFsZzJVZENkYzV4UkQ4eUdCWG9ZMXozbVlDS0hvVGl1RlRfaWF3QnVvZVNhR2VNenB0ZVE2SVRydmVpc2pwLUt1OVJtMy1tUGt4V1FObDcwZmNqeWg1WTBKT21vUmVRR3NfOUZ2MA?oc=5\" target=\"_blank\" rel=\"nofollow noopener\">Oficial: el portero valenciano Aar\u00f3n Escandell resuelve su futuro<\/a>&nbsp;&nbsp;Superdeporte<\/li>\n<li><a href=\"https:\/\/news.google.com\/rss\/articles\/CBMirgFBVV95cUxORkZmUHc5Vmc3UGFyWGJ0Z1ozdkI2aEpsVm91WUtYUjdKNjF1WXozTWNOZzNjM25QSkNIZ2xWdjl6cFVYTmFXYi1Td1RXVnhPdFlxYmI4VVpvRjRuZ09jOEFRcEFQN3BBcHJLcUtoYkUzZEx2Tm0xR3o1TVM5RE42SmtEVDgzRnFENnVNbkxmWk50M2VncEJQMlUwTjA0bVo5MEl0N1Y4WnJnR01pbHfSAbMBQVVfeXFMUDZMb3c1R1lnQm0xNUdLUVlmOVJHRlFuWmN5alIwVHVvQ25MeFBkUzE4bkJGQmFQVkl3QUxLMnNtUFludFBpWHlWMkVMLThmbGZvWktWYUF5d09GaXVMX1d4RktabGV0UE5SZmtpejJoVFpoZy1GbXZjdnd5N1Rhd2RLNFI1dU12eWlZWVpQbmFTMGN3eHdqRFdPQWpzMVNhWHRiSmYzWEZmWFVDUjdnNWhYUGs?oc=5\" target=\"_blank\" rel=\"nofollow noopener\">Aar\u00f3n Escandell renueva con el Real Oviedo<\/a>&nbsp;&nbsp;rtpa.es<\/li>\n<li><a href=\"https:\/\/news.google.com\/rss\/articles\/CBMivwFBVV95cUxOQ2xZVUNKcTdYV2Y0YTJCa19zTldfZXFKZGxZcmhBeC1iT21wbzBkT1RDd3NjV1lHUjl3bFNyYnBNTzQzR1BJc3AwUDFlMjZTLVJScmlRbU5kUWtwN2JMUUJ4cGFvWFNKZzVNbG9oUnF5Y3llR3Z0NGo4cXFzOVc1clhGb203YWtUbDdLeUJUSEFYdnpCNDVUY2FXUUhQT19sY1hvUlpTMy1rby1ldFFIem45UTVYcWxrejlMd1pTWdIB0wFBVV95cUxQYTAxLWFKQU01UHh5Nk1WS2JLUHIwNFJDcnJGWG1tYnpxcHh1VnBCNGdHcjNPUzFubHJtc0h6bkRuMFgtSXF5QVcycGVTRm1GMlhFbGxicEMyYWN1aEtXTGtTbkhTLTYzV0xJc3V5QnQ4TmluTENGR1dsT1dWWmI4R3dSNWdxeWhRd1FuN1kzMzBKckhtbWxHWWJ0c1RMcnRqdEQwOUZKblNRM1ZFUEpwRXhELXMwaXItRk4wZEFkV0h2Q1pRTTU5Yl8zcjRaRTVKU1pN?oc=5\" target=\"_blank\" rel=\"nofollow noopener\">Aar\u00f3n, tras su renovaci\u00f3n con el Oviedo: \u201cNo ten\u00eda ninguna duda de que seguir\u00eda aqu\u00ed\u201d<\/a>&nbsp;&nbsp;Diario AS<\/li>\n<\/ol>\n","protected":false},"excerpt":{"rendered":"Ya es oficial: Aar\u00f3n Escandell renueva y el Real Oviedo asegura su porter\u00eda&nbsp;&nbsp;La Voz de Asturias Aar\u00f3n Escandell,&hellip;\n","protected":false},"author":2,"featured_media":686495,"comment_status":"","ping_status":"","sticky":false,"template":"","format":"standard","meta":{"footnotes":""},"categories":[93],"tags":[5113,168,25,24,5115,33799,1945,3302,23,167],"class_list":["post-686494","post","type-post","status-publish","format-standard","has-post-thumbnail","category-deportes","tag-david-costas","tag-deportes","tag-es","tag-espana","tag-nacho-vidal","tag-ponferradina","tag-primera-division","tag-real-oviedo","tag-spain","tag-sports"],"share_on_mastodon":{"url":"https:\/\/pubeurope.com\/@es\/117013524529668610","error":""},"_links":{"self":[{"href":"https:\/\/www.europesays.com\/es\/wp-json\/wp\/v2\/posts\/686494","targetHints":{"allow":["GET"]}}],"collection":[{"href":"https:\/\/www.europesays.com\/es\/wp-json\/wp\/v2\/posts"}],"about":[{"href":"https:\/\/www.europesays.com\/es\/wp-json\/wp\/v2\/types\/post"}],"author":[{"embeddable":true,"href":"https:\/\/www.europesays.com\/es\/wp-json\/wp\/v2\/users\/2"}],"replies":[{"embeddable":true,"href":"https:\/\/www.europesays.com\/es\/wp-json\/wp\/v2\/comments?post=686494"}],"version-history":[{"count":0,"href":"https:\/\/www.europesays.com\/es\/wp-json\/wp\/v2\/posts\/686494\/revisions"}],"wp:featuredmedia":[{"embeddable":true,"href":"https:\/\/www.europesays.com\/es\/wp-json\/wp\/v2\/media\/686495"}],"wp:attachment":[{"href":"https:\/\/www.europesays.com\/es\/wp-json\/wp\/v2\/media?parent=686494"}],"wp:term":[{"taxonomy":"category","embeddable":true,"href":"https:\/\/www.europesays.com\/es\/wp-json\/wp\/v2\/categories?post=686494"},{"taxonomy":"post_tag","embeddable":true,"href":"https:\/\/www.europesays.com\/es\/wp-json\/wp\/v2\/tags?post=686494"}],"curies":[{"name":"wp","href":"https:\/\/api.w.org\/{rel}","templated":true}]}}