{"id":686810,"date":"2026-07-31T11:48:14","date_gmt":"2026-07-31T11:48:14","guid":{"rendered":"https:\/\/www.europesays.com\/es\/686810\/"},"modified":"2026-07-31T11:48:14","modified_gmt":"2026-07-31T11:48:14","slug":"galicia-activa-el-protocolo-de-vigilancia-tras-detectar-un-caso-de-sarampion-en-un-adulto-la-voz-de-galicia","status":"publish","type":"post","link":"https:\/\/www.europesays.com\/es\/686810\/","title":{"rendered":"Galicia activa el protocolo de vigilancia tras detectar un caso de sarampi\u00f3n en un adulto &#8211; La Voz de Galicia"},"content":{"rendered":"<ol>\n<li><a href=\"https:\/\/news.google.com\/rss\/articles\/CBMi5wFBVV95cUxPd1cyMFAzNFc1bVBRSFJyd1VrZDloVVlTUFRCUi1ONk1vZGU1TG5hYnBSWVJFNy1KbGptNGo0VFUxUHhTY0EtLXRrR19kRE1waXRIQWQ2UG5hRkRsTEVoZDZXTEJXMnpyaThEQl9YLVpGTlM1R3g0N1ZMdTVLaXdjMXY3MWdndmxQdU53ZldTdE84X1dfd19qMExldHBaaUlkYV9GUnpxdUF4OXl2V01JZ1BaNVJ3OWdyaVNmbzhkQzF3RlBFeFNKUkZJMDZBTy11YURnMU1VZHRSSWdIVUJ6eWR3MHg3ZWvSAYMCQVVfeXFMTUZBWk9jYnhzUEZ1Z0l2Wm5RRjNtbFZIckpqcVVfWm5rMmtqaHdhNDRkTXpVNzI2NERRZDNmQUZqY0ZfUGVhOEhJRkVFZUEtMXlvemNOTUpuQ3pkRjBIWkdMVXZQdlp1UkhhOVBMUmZxSG9yaTI5bWR5OEltM3d4cEI4QnRkUjRWeWlZUlY5eXFNak1LdjNiN2o5M2wyeVlVQXIwT3JxbGxpVXNmNjBwOWJ5eE1Jem9EcFhOQUluUVUwN1MzWjM5NEhwc21iY3B2aDhIdG9rN3F6NUgzUVBBMWdoNVRVRml5b25DY09oNTlSaWQwT01uNDE3b2JRN05kWlp0SQ?oc=5\" target=\"_blank\" rel=\"nofollow noopener\">Galicia activa el protocolo de vigilancia tras detectar un caso de sarampi\u00f3n en un adulto<\/a>&nbsp;&nbsp;La Voz de Galicia<\/li>\n<li><a href=\"https:\/\/news.google.com\/rss\/articles\/CBMimgFBVV95cUxPMGJhQi1qVVFvOGZYc0d1YUhxWkhzZU5SbXpiNHFjRVRwdzV1ZUloNXc5YVhaNU5GSVRBWDVEaElYRUlPR1dXalMyU2VxeWNMaVBsZFZzUXk0YWhFR2RFN0tpNkNlckg3NE5BSzhQX3JJWHQ0WmJxR29rb2N5Q3JVSFRvYzlSdTlFRlV4ZXAxeU5aRGxKMllaZU1R?oc=5\" target=\"_blank\" rel=\"nofollow noopener\">Galicia detecta un caso de sarampi\u00f3n en un hombre de 40 a\u00f1os<\/a>&nbsp;&nbsp;ABC<\/li>\n<li><a href=\"https:\/\/news.google.com\/rss\/articles\/CBMinwFBVV95cUxQVnhVZ2RWTk13RUJLc3F2RFRRc0dKbWxPRmFQX19YWmlxNzQxYUtEal9QUm82SkdMU2RwVm1HcVR2RVBtakcyd2lucWxRM3p1VmJxNjYwbE0yV3poNmpwODJ0V2pXZk1IMzg0eTFsajNrUWI2RmNGMXJVUWZfcGV1aEZfTFpYR3U0aktqazMzSm9zWVlQUFlmc0RHNnFMYlXSAaQBQVVfeXFMTnpla1FwSFVfUnZGMUFwelk5b1hKa0p6UXM2WWJjNjVXSFJuSEpzTVY0el93QklHZUktVFNOeF9aRXdVaWl4Wmp5MnRiaFhrTkJCQnVDTTNUamE5M1hYdTRYOWtzWjlHMS1KMFhGY0RyZElLYUJjN2xHelhwUGhydnI0MkU5cEV4S0dIR1FPN1I1ZURBVE9BeE56ZDhYVVlrTThTdnQ?oc=5\" target=\"_blank\" rel=\"nofollow noopener\">Galicia confirma un primer caso de sarampi\u00f3n: es importado y en un var\u00f3n de 40 a\u00f1os que evoluciona \u00abfavorablemente\u00bb<\/a>&nbsp;&nbsp;Faro de Vigo<\/li>\n<li><a href=\"https:\/\/news.google.com\/rss\/articles\/CBMi2AFBVV95cUxNVXA2Q05HanBiVjBhU3RhZzBXMmNWYTVPbXozbEptZVBwZWNpQkJnY2hPVExYaXlFOVlMcENjcGttRG9sVmZJWDNMU0xfUGF4VUJXWEc3NDRSWmJMSjZ6UVlLTU9IUU1rblhpMFhwMVpGd1p1S1BRdkRhcjVrMGJIRFNvWWhUVWJRcW9zMC11TkRPd3F0YVFsSFhPcVNIV0RkSmRQQ0VVa0FaeEl2djF6SlJuMmt3TjhQZUFuS0FEbHgwV0VXbTVwZVlTeU1IVDFFUDJkSnZwUjjSAewBQVVfeXFMTm0zOFd6UUxtSHJkN2FEUHhYdVBsa3ozdWx6dm02TS1odmtycGFRc1YtZ3hCV052Zldic1FIY1M0Qy1XX3ZrZHQtWkZ3Ny1Vb2dDbFRkT1lmV3Z0MFd1UHN2RTVYeEdPX00yZWxJbG9sWEVWRDJ3bi01dG05b0ljN21hQlZEd3pnN2paQVc5cy1iR25TU3R1c3VSMTJlVmNZbUU0LUgxV0FxYmFlOEpsVkRUazhIN1JtdkZ2aFFFRlZxZUlhVWVxa3RlNWd3V0VuTDFKaHFVWlM0MDJiRWFPZno2ZXhnYkRETDlsb0g?oc=5\" target=\"_blank\" rel=\"nofollow noopener\">Sanidade activa el protocolo de vigilancia tras detectar un caso de sarampi\u00f3n en Galicia<\/a>&nbsp;&nbsp;Cadena SER<\/li>\n<li><a href=\"https:\/\/news.google.com\/rss\/articles\/CBMi9AFBVV95cUxOQkZhd01iaG15QkYzN3h1cDU2bnJnZEFER3I2SUlRakRoa0pKMFRMMXUyMnFzTl90V0Q2WkJfdnFtWmNqZkkyanJGZGU3Wk5fWDMxMUJiaGgxcm02NnRmekQ1UmQyZENnSU1BSjJpazlRcGRoRThRZHZVR01TM2pYSm9NbFhMRWV5ZEJmd205TFlOaXJzTXhzeVFtemFfbjJEdXB6UFlNUG0yNGx5QUJQS1dnOGxrQzFkVkZwM0w4ekItT2VqeHkwTVk2SGtQZXdaNnlpWFdIekVVRzIwYUdpT3F3bG5rN3I2MFJGd0RPTG9rcVF40gGIAkFVX3lxTE9ZREQ2VlQzZnJDSzk3ZEZ5VkNMdWpYZ3pzVi15N2ZxRVVFYWl1RXljVXM3R0hsQ3VKcDYwUzFLSzlULV9adzZoOV9JczVmS0dVZ05XZFNuSzE2d1NWRFVvcEQ0R2E2X2YyaXMwVzZjRDFMQ1RZc2dPUExwcDNnMUZURWpGejJCQ3N2enk2YUlGcnctTmpkZG1UVWlrb3ZYU3FPYXVnYThCdUtKWjdBT1lyU1dUNVREOGZnOFd4S3FzTVd4RkNMWlFXVnBsanYwRnNpSXNEdVZoZG5kQlhzRzdxSWRDT3RQMExkRUpudXhPclVoMV9TMThHTjlnM0xRVlRIeFhTamQ2LQ?oc=5\" target=\"_blank\" rel=\"nofollow noopener\">Detectado un caso de sarampi\u00f3n en Galicia: Sanidade activa el protocolo de vigilancia tras el positivo de un hombre de 40 a\u00f1os<\/a>&nbsp;&nbsp;La Raz\u00f3n<\/li>\n<\/ol>\n","protected":false},"excerpt":{"rendered":"Galicia activa el protocolo de vigilancia tras detectar un caso de sarampi\u00f3n en un adulto&nbsp;&nbsp;La Voz de Galicia&hellip;\n","protected":false},"author":2,"featured_media":686811,"comment_status":"","ping_status":"","sticky":false,"template":"","format":"standard","meta":{"footnotes":""},"categories":[92],"tags":[25,24,165,166,3829,23],"class_list":["post-686810","post","type-post","status-publish","format-standard","has-post-thumbnail","category-salud","tag-es","tag-espana","tag-health","tag-salud","tag-sarampion","tag-spain"],"share_on_mastodon":{"url":"https:\/\/pubeurope.com\/@es\/117014436858297212","error":""},"_links":{"self":[{"href":"https:\/\/www.europesays.com\/es\/wp-json\/wp\/v2\/posts\/686810","targetHints":{"allow":["GET"]}}],"collection":[{"href":"https:\/\/www.europesays.com\/es\/wp-json\/wp\/v2\/posts"}],"about":[{"href":"https:\/\/www.europesays.com\/es\/wp-json\/wp\/v2\/types\/post"}],"author":[{"embeddable":true,"href":"https:\/\/www.europesays.com\/es\/wp-json\/wp\/v2\/users\/2"}],"replies":[{"embeddable":true,"href":"https:\/\/www.europesays.com\/es\/wp-json\/wp\/v2\/comments?post=686810"}],"version-history":[{"count":0,"href":"https:\/\/www.europesays.com\/es\/wp-json\/wp\/v2\/posts\/686810\/revisions"}],"wp:featuredmedia":[{"embeddable":true,"href":"https:\/\/www.europesays.com\/es\/wp-json\/wp\/v2\/media\/686811"}],"wp:attachment":[{"href":"https:\/\/www.europesays.com\/es\/wp-json\/wp\/v2\/media?parent=686810"}],"wp:term":[{"taxonomy":"category","embeddable":true,"href":"https:\/\/www.europesays.com\/es\/wp-json\/wp\/v2\/categories?post=686810"},{"taxonomy":"post_tag","embeddable":true,"href":"https:\/\/www.europesays.com\/es\/wp-json\/wp\/v2\/tags?post=686810"}],"curies":[{"name":"wp","href":"https:\/\/api.w.org\/{rel}","templated":true}]}}